{"id":309528,"date":"2026-03-16T22:57:08","date_gmt":"2026-03-16T22:57:08","guid":{"rendered":"https:\/\/www.europesays.com\/pl\/309528\/"},"modified":"2026-03-16T22:57:08","modified_gmt":"2026-03-16T22:57:08","slug":"aleksander-milwiw-baron-w-dniu-rozwodu-o-swojej-przyszlosci-pierwszy-dzien-reszty-mojego-zycia-onet","status":"publish","type":"post","link":"https:\/\/www.europesays.com\/pl\/309528\/","title":{"rendered":"Aleksander Milwiw-Baron w dniu rozwodu o swojej przysz\u0142o\u015bci. &quot;Pierwszy dzie\u0144 reszty mojego \u017cycia&quot; &#8211; Onet"},"content":{"rendered":"<ol>\n<li><a href=\"https:\/\/news.google.com\/rss\/articles\/CBMiyAFBVV95cUxQYmM4SXl6cTU0VzZOb2xBZEQ2b1gwZmhnaTdpcmI1UGxyQ25iNEdaNUJFWm9vT3JLY1g4eU10ZGlpTVFsUVc3R0JnSjhlUGJKU1FhSXpRd3lrWklXS0tUelVCc2ZKVlJtaXM1MnA5ZlE5c3NwTU9TSEZVdzBHSE1ja0I5Y0RFLVpEM1FWVTNwVE5IMWhIaFA1ODRUeW5QbDhrSHRxRTN2Y19JYW5NTUZHYjF5M3lUX1NTM2lRUVpSQVdDdXBGai1RZQ?oc=5\" target=\"_blank\" rel=\"nofollow noopener\">Aleksander Milwiw-Baron w dniu rozwodu o swojej przysz\u0142o\u015bci. &#8222;Pierwszy dzie\u0144 reszty mojego \u017cycia&#8221;<\/a>&nbsp;&nbsp;Onet<\/li>\n<li><a href=\"https:\/\/news.google.com\/rss\/articles\/CBMihwFBVV95cUxNbk1QNGNOT3pYSkt0dFktVlQ2U3MzckxKZGpadl93alZ3VFZCNndla2dCY0FNZWduV01vcjU3OG1odC10Yk9SRE0ydUlIaUNhTW5sZU1DdFY4d3pvRzRrRTkxYk02MzZRWURrdV9hSk03bXRsanNmaENvS3EyLXdSYi1CWmdZVEk?oc=5\" target=\"_blank\" rel=\"nofollow noopener\">Baron przem\u00f3wi\u0142 po rozprawie rozwodowej z Sandr\u0105 Kubick\u0105!<\/a>&nbsp;&nbsp;pudelek.pl<\/li>\n<li><a href=\"https:\/\/news.google.com\/rss\/articles\/CBMisAFBVV95cUxPSmpxRTE0eWJwZVFqZjVzZW00bEx2S3lDeU9FdHVhZll1VjFNaFF5dlZqNm1DU1cyY3Y2THlCeF9uWUh6T2t1anE1RkFURTY2dzFIeGNfRHk2OUo1bzJhUWt0LVF4V1Ezb1hQODNxQ3prWFpCQ0U2eWJfWlBRbzV6ci1HT1BRcmpOaXRIM0FDd0N3U01Nb0xiYVNUNnlPc2dxVGZfbkYyTUg0QUFrYWF4LQ?oc=5\" target=\"_blank\" rel=\"nofollow noopener\">Emocje podczas drugiej rozprawy s\u0105dowej. Kubicka musia\u0142a interweniowa\u0107 u ochrony<\/a>&nbsp;&nbsp;Pomponik.pl<\/li>\n<li><a href=\"https:\/\/news.google.com\/rss\/articles\/CBMirAFBVV95cUxQdWlLWTlaaVkwWTN3UHpkdkx6SzRLeG43UXFxRnRPbTBrTDRXOWRaZTl1NFNjMkNBZ01zU2J1SGx4NEJYWjM1aWRndzJReXRiUHFhLVJiZmlyLXdzVFY3X1pFMFhsY2dHNFFFR2RSck5pcEJYNURrVzd6cm5mNEVDNFFpdlkyVzVjNzIwZmdEUm85UjdkX3l2dEV5bkN5Z3ZNWmFUSDF2Z0ZCQ05r?oc=5\" target=\"_blank\" rel=\"nofollow noopener\">Sandra Kubicka i Baron s\u0105 ju\u017c po rozwodzie. Modelka oficjalnie poinformowa\u0142a<\/a>&nbsp;&nbsp;Plejada<\/li>\n<li><a href=\"https:\/\/news.google.com\/rss\/articles\/CBMiwAFBVV95cUxQS09sYVVXcDNtQktGSHRLc0FLc2NKUnpoVndnT1RlangtZllHSkFZV29sRkJSWEJNVUgxeUp6M0ROSmFQdTZnc3pzQmRPVTJhYXBpTTFYT1JfbFJPa1hyS3pad1dwUUgycU5VaGFaVjlSWjBjSUo1VE9Tblk1YjR0M2hPMi1xUl80c2ZjLUFqQk45UDJfMGJXNXJVTmUwbUtnZGQtcE1IaWVmWnl4RzFZamFTZ3ZrUEtQbkJwR09LOGM?oc=5\" target=\"_blank\" rel=\"nofollow noopener\">Jasne stanowisko Kubickiej po rozprawie. &#8222;Ju\u017c koniec cyrk\u00f3w&#8221;<\/a>&nbsp;&nbsp;Plotek.pl<\/li>\n<\/ol>\n","protected":false},"excerpt":{"rendered":"Aleksander Milwiw-Baron w dniu rozwodu o swojej przysz\u0142o\u015bci. &#8222;Pierwszy dzie\u0144 reszty mojego \u017cycia&#8221;&nbsp;&nbsp;Onet Baron przem\u00f3wi\u0142 po rozprawie rozwodowej&hellip;\n","protected":false},"author":2,"featured_media":309529,"comment_status":"","ping_status":"","sticky":false,"template":"","format":"standard","meta":{"footnotes":"","_share_on_mastodon":"0"},"categories":[5],"tags":[46613,32,33,36,37,27,67,34,35,28,31,53,25,52,68,51,55,42,38,40,39,41,39430,2992,47,196,1607,29,30,65,50,26],"class_list":["post-309528","post","type-post","status-publish","format-standard","has-post-thumbnail","category-naglowki","tag-aleksander_milwiw_baron_muzyk","tag-breaking-news","tag-breakingnews","tag-featured-news","tag-featurednews","tag-headlines","tag-intextvideo_splayer","tag-latest-news","tag-latestnews","tag-naglowki","tag-najwazniejsze-artykuly","tag-new_header","tag-news","tag-onet3","tag-onet3d","tag-onet3d_2i","tag-phx","tag-pl","tag-poland","tag-polish","tag-polska","tag-polski","tag-rozwody_gwiazd","tag-sandra_kubicka","tag-screening_general","tag-styl_zycia","tag-time_limited","tag-top-stories","tag-topstories","tag-update_me","tag-v2021","tag-wiadomosci"],"share_on_mastodon":{"url":"","error":"Validation failed: Text character limit of 500 exceeded"},"_links":{"self":[{"href":"https:\/\/www.europesays.com\/pl\/wp-json\/wp\/v2\/posts\/309528","targetHints":{"allow":["GET"]}}],"collection":[{"href":"https:\/\/www.europesays.com\/pl\/wp-json\/wp\/v2\/posts"}],"about":[{"href":"https:\/\/www.europesays.com\/pl\/wp-json\/wp\/v2\/types\/post"}],"author":[{"embeddable":true,"href":"https:\/\/www.europesays.com\/pl\/wp-json\/wp\/v2\/users\/2"}],"replies":[{"embeddable":true,"href":"https:\/\/www.europesays.com\/pl\/wp-json\/wp\/v2\/comments?post=309528"}],"version-history":[{"count":0,"href":"https:\/\/www.europesays.com\/pl\/wp-json\/wp\/v2\/posts\/309528\/revisions"}],"wp:featuredmedia":[{"embeddable":true,"href":"https:\/\/www.europesays.com\/pl\/wp-json\/wp\/v2\/media\/309529"}],"wp:attachment":[{"href":"https:\/\/www.europesays.com\/pl\/wp-json\/wp\/v2\/media?parent=309528"}],"wp:term":[{"taxonomy":"category","embeddable":true,"href":"https:\/\/www.europesays.com\/pl\/wp-json\/wp\/v2\/categories?post=309528"},{"taxonomy":"post_tag","embeddable":true,"href":"https:\/\/www.europesays.com\/pl\/wp-json\/wp\/v2\/tags?post=309528"}],"curies":[{"name":"wp","href":"https:\/\/api.w.org\/{rel}","templated":true}]}}