{"id":309942,"date":"2026-03-17T07:28:03","date_gmt":"2026-03-17T07:28:03","guid":{"rendered":"https:\/\/www.europesays.com\/pl\/309942\/"},"modified":"2026-03-17T07:28:03","modified_gmt":"2026-03-17T07:28:03","slug":"potezne-eksplozje-w-katarze-i-zea-atak-rakietowy-wycelowany-w-panstwo-onet","status":"publish","type":"post","link":"https:\/\/www.europesays.com\/pl\/309942\/","title":{"rendered":"Pot\u0119\u017cne eksplozje w Katarze i ZEA. &quot;Atak rakietowy wycelowany w pa\u0144stwo&quot; &#8211; Onet"},"content":{"rendered":"<ol>\n<li><a href=\"https:\/\/news.google.com\/rss\/articles\/CBMizAFBVV95cUxORFZaeVlPaHZBV0d1Y1k2ZmVVRVlIdUhTZkxaQ3NZODRQUVJucVBiMmpVV3R0bHZiVWMwb1JwenJDb2NETGljWmpEVF9raEZwNmlwcFMwS1FQTUpLY3lKMUctRHN0d2hncW01TDVFMU05MXZQVl94UTJrb0FIQnF6UUJRV20zcEVWdTlFa3JWYm0xbXRzREdiZ0hLdTR0T2NxV1EtSzFuRnNJR2puSkp6N2lLUG4zNFByeHVlUXZtQ2ZMMm5na01uZkxDN04?oc=5\" target=\"_blank\" rel=\"nofollow noopener\">Pot\u0119\u017cne eksplozje w Katarze i ZEA. &#8222;Atak rakietowy wycelowany w pa\u0144stwo&#8221;<\/a>&nbsp;&nbsp;Onet<\/li>\n<li><a href=\"https:\/\/news.google.com\/rss\/articles\/CBMipAFBVV95cUxPR2ZGeXl4ZGdyRHhKaUw4YUFaUmZTaS1zZV81ZENkQjZWYnJtaHJZTGliZTYzb2IwcTN5eWNiR0wwakFBZlpjd1ZqZmFyMFZ5d2l3LWpLSVVuT09PZDdKWi1tR045Vl9TUkRMV2otdFhPOWJHT1NaYzhGM1JJRFhsMURvQTZkMTB1TTk3cU9fQndZNkpsTVNkT0ltTUhPZ2xwdVZRQg?oc=5\" target=\"_blank\" rel=\"nofollow noopener\">P\u0142on\u0105 jedne z najwi\u0119kszych p\u00f3l ropy na \u015bwiecie. Drony uderzy\u0142y w dw\u00f3ch krajach<\/a>&nbsp;&nbsp;Wiadomo\u015bci Onet<\/li>\n<li><a href=\"https:\/\/news.google.com\/rss\/articles\/CBMiygFBVV95cUxPdzF6dk5HTjF4WUpvSnVGY3BRdzdsZ3JkQjJqeVRuc041WVFNRnI1ZFBCMTFTaU14d253Tnl3OXROd1o0V0tNWkVkZDJxTVJERjhpWlcxT2RoUVVuTHJYNTFVVk5FakFpczl1ZU01bVRrOXYwT0RXLW0xcGZLRlQwMnJLYTBvUnZIZ2oxN3h1U3FhcTZOMG9ub0lWc0E4Z05xeUx0VVZNZktpQ3FSNEZfZ0VuNVBFR3ZoNU1Xa0RUY3REbzNBTDBzVWln?oc=5\" target=\"_blank\" rel=\"nofollow noopener\">Alert w telefonach i pot\u0119\u017cne eksplozje w Dubaju i Dosze<\/a>&nbsp;&nbsp;RMF24<\/li>\n<li><a href=\"https:\/\/news.google.com\/rss\/articles\/CBMitAFBVV95cUxOd2V5MURTb1Zud1VqSWZIdGEtaUpheTRzUkxiYkp1b0wwLWZvd04yeGdNYzhkMVpVNUlWMW1WUDl2Z3BOWVdwVkVyZkJjWFpzMXJVZjRYU1FLalZKckdpbmxoQzBYYWlCbzEyalVqaGJpTXJMOWdWaHFXaTVzb21zM05MQ1pqS0ZPVVgzSHhkSE1rcWpOYjZBeHdzUTJmV2RyZXJWTXlRSkIydjh0UTFRcUl5N2M?oc=5\" target=\"_blank\" rel=\"nofollow noopener\">Atak drona na pole naftowe w ZEA. Po\u017car w jednym z najwi\u0119kszych z\u0142\u00f3\u017c<\/a>&nbsp;&nbsp;Business Insider Polska<\/li>\n<li><a href=\"https:\/\/news.google.com\/rss\/articles\/CBMiuwFBVV95cUxPVzNvZ0lmc29TeGMydmJPbnhkeWVnQVNlZWNIdnlwTlFjcUl5bEk3cnZzMm94MDI2dDdCeGgwS3ZEWXU5UjNNOUQyQ0d6ODFEVTU4VGRZZUNFQWJtWHdNVEVVaXk5YmpWVE9MTXMzZy1uZ0ZwdzJEZldENy1pcGY3dU01aFRKVUpBODBYSEV6bDJpNGNYTWVlak1rNFFrVlZ3UzV4RXpfVGM5VU51ZTdkUHgyc3Z2VElhb3hZ?oc=5\" target=\"_blank\" rel=\"nofollow noopener\">&#8222;Najcenniejszy towar w Iranie to nie ropa&#8221;. Wojny o wod\u0119 wchodz\u0105 na nowy poziom<\/a>&nbsp;&nbsp;WP Wiadomo\u015bci<\/li>\n<\/ol>\n","protected":false},"excerpt":{"rendered":"Pot\u0119\u017cne eksplozje w Katarze i ZEA. &#8222;Atak rakietowy wycelowany w pa\u0144stwo&#8221;&nbsp;&nbsp;Onet P\u0142on\u0105 jedne z najwi\u0119kszych p\u00f3l ropy na&hellip;\n","protected":false},"author":2,"featured_media":309943,"comment_status":"","ping_status":"","sticky":false,"template":"","format":"standard","meta":{"footnotes":"","_share_on_mastodon":"0"},"categories":[5],"tags":[32,33,1625,36,37,27,67,307,22566,34,35,28,31,53,25,52,68,51,55,42,38,40,39,41,47,49895,29,30,65,50,26,19975],"class_list":["post-309942","post","type-post","status-publish","format-standard","has-post-thumbnail","category-naglowki","tag-breaking-news","tag-breakingnews","tag-dubaj","tag-featured-news","tag-featurednews","tag-headlines","tag-intextvideo_splayer","tag-iran_kraj","tag-kuwejt","tag-latest-news","tag-latestnews","tag-naglowki","tag-najwazniejsze-artykuly","tag-new_header","tag-news","tag-onet3","tag-onet3d","tag-onet3d_2i","tag-phx","tag-pl","tag-poland","tag-polish","tag-polska","tag-polski","tag-screening_general","tag-sg_cleanup_sem_tst3","tag-top-stories","tag-topstories","tag-update_me","tag-v2021","tag-wiadomosci","tag-zea"],"share_on_mastodon":{"url":"https:\/\/pubeurope.com\/@pl\/116243340036576154","error":""},"_links":{"self":[{"href":"https:\/\/www.europesays.com\/pl\/wp-json\/wp\/v2\/posts\/309942","targetHints":{"allow":["GET"]}}],"collection":[{"href":"https:\/\/www.europesays.com\/pl\/wp-json\/wp\/v2\/posts"}],"about":[{"href":"https:\/\/www.europesays.com\/pl\/wp-json\/wp\/v2\/types\/post"}],"author":[{"embeddable":true,"href":"https:\/\/www.europesays.com\/pl\/wp-json\/wp\/v2\/users\/2"}],"replies":[{"embeddable":true,"href":"https:\/\/www.europesays.com\/pl\/wp-json\/wp\/v2\/comments?post=309942"}],"version-history":[{"count":0,"href":"https:\/\/www.europesays.com\/pl\/wp-json\/wp\/v2\/posts\/309942\/revisions"}],"wp:featuredmedia":[{"embeddable":true,"href":"https:\/\/www.europesays.com\/pl\/wp-json\/wp\/v2\/media\/309943"}],"wp:attachment":[{"href":"https:\/\/www.europesays.com\/pl\/wp-json\/wp\/v2\/media?parent=309942"}],"wp:term":[{"taxonomy":"category","embeddable":true,"href":"https:\/\/www.europesays.com\/pl\/wp-json\/wp\/v2\/categories?post=309942"},{"taxonomy":"post_tag","embeddable":true,"href":"https:\/\/www.europesays.com\/pl\/wp-json\/wp\/v2\/tags?post=309942"}],"curies":[{"name":"wp","href":"https:\/\/api.w.org\/{rel}","templated":true}]}}