{"id":310104,"date":"2026-03-17T09:18:12","date_gmt":"2026-03-17T09:18:12","guid":{"rendered":"https:\/\/www.europesays.com\/pl\/310104\/"},"modified":"2026-03-17T09:18:12","modified_gmt":"2026-03-17T09:18:12","slug":"usa-nawiazaly-kontakt-z-iranem-to-pierwszy-raz-od-poczatku-konfliktu","status":"publish","type":"post","link":"https:\/\/www.europesays.com\/pl\/310104\/","title":{"rendered":"USA nawi\u0105za\u0142y kontakt z Iranem. To pierwszy raz od pocz\u0105tku konfliktu"},"content":{"rendered":"<p>Nie wiadomo, jak istotne by\u0142y wiadomo\u015bci wymienione mi\u0119dzy Witkoffem i Aragczim, lecz jest to pierwszy znany przypadek bezpo\u015bredniej komunikacji mi\u0119dzy stronami od pocz\u0105tku wojny \u2014 podkre\u015bli\u0142 Axios.<\/p>\n<p> Dalszy ci\u0105g artyku\u0142u pod materia\u0142em wideo <\/p>\n<p>Ameryka\u0144ski urz\u0119dnik i \u017ar\u00f3d\u0142o zaznajomione z t\u0105 spraw\u0105 przekazali, \u017ce Aragczi wys\u0142a\u0142 do Witkoffa wiadomo\u015bci dotycz\u0105ce zako\u0144czenia wojny.<\/p>\n<p>USA nawi\u0105za\u0142y kontakt z Iranem. Pojawiaj\u0105 si\u0119 sprzeczne informacje<\/p>\n<p>W poniedzia\u0142ek serwis Drop Site News poda\u0142, \u017ce to Witkoff napisa\u0142 do Aragcziego. Zacytowano ira\u0144skich urz\u0119dnik\u00f3w, kt\u00f3rzy utrzymywali, \u017ce szef MSZ Iranu zignorowa\u0142 wiadomo\u015bci od Amerykanina. Z kolei przedstawiciel USA zapewnia\u0142, \u017ce to Aragczi pr\u00f3bowa\u0142 nawi\u0105za\u0107 kontakt. \u0179r\u00f3d\u0142o powiedzia\u0142o Axiosowi, \u017ce USA &#8222;nie rozmawiaj\u0105&#8221; z Iranem.<\/p>\n<p> Kto nawi\u0105za\u0142 kontakt mi\u0119dzy USA a Iranem? <\/p>\n<p> Jakie by\u0142y \u017ar\u00f3d\u0142a informacji o kontakcie? <\/p>\n<p> Co m\u00f3wi\u0142 Donald Trump na temat rozm\u00f3w z Iranem? <\/p>\n<p> Ile wiadomo\u015bci wymieniono mi\u0119dzy Witkoffem a Aragczim? <\/p>\n<p>\u017badne ze \u017ar\u00f3de\u0142 nie ujawni\u0142o tre\u015bci ani liczby wiadomo\u015bci wymienionych mi\u0119dzy stronami.<\/p>\n<p>Prezydent USA Donald Trump powiedzia\u0142 w poniedzia\u0142ek, \u017ce Ira\u0144czycy rozmawiaj\u0105 ze stron\u0105 ameryka\u0144sk\u0105 i chc\u0105 zawrze\u0107 porozumienie, lecz \u2014 jak uzna\u0142 \u2014 nie s\u0105 jeszcze na to gotowi. Doda\u0142 te\u017c, \u017ce nie wie, kto rz\u0105dzi Iranem.<\/p>\n","protected":false},"excerpt":{"rendered":"Nie wiadomo, jak istotne by\u0142y wiadomo\u015bci wymienione mi\u0119dzy Witkoffem i Aragczim, lecz jest to pierwszy znany przypadek bezpo\u015bredniej&hellip;\n","protected":false},"author":2,"featured_media":310105,"comment_status":"","ping_status":"","sticky":false,"template":"","format":"standard","meta":{"footnotes":"","_share_on_mastodon":"0"},"categories":[14],"tags":[905,32,33,27,663,34,35,28,31,48,25,46,40,41,47,11050,80,29,30,48835,71,26,82,83,84],"class_list":["post-310104","post","type-post","status-publish","format-standard","has-post-thumbnail","category-swiat","tag-bliski_wschod","tag-breaking-news","tag-breakingnews","tag-headlines","tag-iran","tag-latest-news","tag-latestnews","tag-naglowki","tag-najwazniejsze-artykuly","tag-nat_styl","tag-news","tag-omp","tag-polish","tag-polski","tag-screening_general","tag-steve_witkoff","tag-swiat","tag-top-stories","tag-topstories","tag-tst_floating_paywall","tag-usa","tag-wiadomosci","tag-world","tag-world-news","tag-worldnews"],"share_on_mastodon":{"url":"https:\/\/pubeurope.com\/@pl\/116243772468846742","error":""},"_links":{"self":[{"href":"https:\/\/www.europesays.com\/pl\/wp-json\/wp\/v2\/posts\/310104","targetHints":{"allow":["GET"]}}],"collection":[{"href":"https:\/\/www.europesays.com\/pl\/wp-json\/wp\/v2\/posts"}],"about":[{"href":"https:\/\/www.europesays.com\/pl\/wp-json\/wp\/v2\/types\/post"}],"author":[{"embeddable":true,"href":"https:\/\/www.europesays.com\/pl\/wp-json\/wp\/v2\/users\/2"}],"replies":[{"embeddable":true,"href":"https:\/\/www.europesays.com\/pl\/wp-json\/wp\/v2\/comments?post=310104"}],"version-history":[{"count":0,"href":"https:\/\/www.europesays.com\/pl\/wp-json\/wp\/v2\/posts\/310104\/revisions"}],"wp:featuredmedia":[{"embeddable":true,"href":"https:\/\/www.europesays.com\/pl\/wp-json\/wp\/v2\/media\/310105"}],"wp:attachment":[{"href":"https:\/\/www.europesays.com\/pl\/wp-json\/wp\/v2\/media?parent=310104"}],"wp:term":[{"taxonomy":"category","embeddable":true,"href":"https:\/\/www.europesays.com\/pl\/wp-json\/wp\/v2\/categories?post=310104"},{"taxonomy":"post_tag","embeddable":true,"href":"https:\/\/www.europesays.com\/pl\/wp-json\/wp\/v2\/tags?post=310104"}],"curies":[{"name":"wp","href":"https:\/\/api.w.org\/{rel}","templated":true}]}}