{"id":310120,"date":"2026-03-17T09:27:08","date_gmt":"2026-03-17T09:27:08","guid":{"rendered":"https:\/\/www.europesays.com\/pl\/310120\/"},"modified":"2026-03-17T09:27:08","modified_gmt":"2026-03-17T09:27:08","slug":"straszny-widok-sfilmowal-z-samolotu-pozar-w-dubaju","status":"publish","type":"post","link":"https:\/\/www.europesays.com\/pl\/310120\/","title":{"rendered":"Straszny widok. Sfilmowa\u0142 z samolotu po\u017car w Dubaju"},"content":{"rendered":"<p class=\"Paragraph_desktopParagraph__U31Gm\">Nagranie wykonane przez kanadyjskiego pasa\u017cera, kt\u00f3ry uchwyci\u0142 moment l\u0105dowania w Dubaju, pokazuje samolot przelatuj\u0105cy tu\u017c obok pot\u0119\u017cnego po\u017caru na terenie Dubai International Airport. Na nagraniu wida\u0107 p\u0142omienie i g\u0119ste smugi dymu unosz\u0105ce si\u0119 z magazynu paliw obs\u0142uguj\u0105cego lotnisko. Wed\u0142ug w\u0142adz Zjednoczonych Emirat\u00f3w Arabskich ogie\u0144 pojawi\u0142 si\u0119 w wyniku <a href=\"https:\/\/wiadomosci.onet.pl\/swiat\/pozar-w-poblizu-lotniska-w-dubaju-jest-oficjalny-komunikat\/0sfj8qg\" id=\"0c74148f-6bba-4137-9f21-de718e9f4bde\" rel=\"nofollow noopener\" target=\"_blank\">ataku dronowego, do kt\u00f3rego dosz\u0142o w poniedzia\u0142ek, 16 marca 2026 r<\/a>. S\u0142u\u017cby ratunkowe zareagowa\u0142y b\u0142yskawicznie, nieprzerwanie pracuj\u0105c przez ca\u0142y dzie\u0144 nad opanowaniem sytuacji. Z oficjalnych komunikat\u00f3w wynika, \u017ce w zdarzeniu nikt nie odni\u00f3s\u0142 obra\u017ce\u0144.<\/p>\n<p class=\"Paragraph_desktopParagraph__U31Gm\">W\u0142adze Zjednoczonych Emirat\u00f3w Arabskich oraz General Civil Aviation Authority natychmiast wprowadzi\u0142y \u015brodki ostro\u017cno\u015bci, og\u0142aszaj\u0105c zawieszenie operacji wszystkich zagranicznych linii lotniczych na lotniskach w Dubaju. Decyzja obowi\u0105zuje do odwo\u0142ania i ma s\u0142u\u017cy\u0107 maksymalnemu zapewnieniu bezpiecze\u0144stwa pasa\u017cerom oraz personelowi lotniczemu. Loty przewo\u017anik\u00f3w z Emirat\u00f3w, takich jak Emirates czy flydubai, s\u0105 nadal realizowane, cho\u0107 wed\u0142ug zmodyfikowanego rozk\u0142adu i z cz\u0119stymi przekierowaniami na inne lotniska \u2014 mi\u0119dzy innymi Al Maktoum International Airport, Sharjah lub Abu Zabi.<\/p>\n<p class=\"Paragraph_desktopParagraph__U31Gm\">Sytuacja ta wpisuje si\u0119 w szczeg\u00f3lnie trudny okres dla dubajskiego lotnictwa. Atak z 16 marca to kolejny incydent z u\u017cyciem dron\u00f3w od czasu wzmo\u017conej fali takich akt\u00f3w w regionie. To w\u0142a\u015bnie Dubai International Airport, b\u0119d\u0105cy jednym z najwi\u0119kszych port\u00f3w przesiadkowych na \u015bwiecie i obs\u0142uguj\u0105cy ponad 90 mln pasa\u017cer\u00f3w rocznie, jest wyj\u0105tkowo nara\u017cony na takie zak\u0142\u00f3cenia. Ka\u017cdy podobny atak powoduje fal\u0119 op\u00f3\u017anie\u0144 oraz przekierowa\u0144 na trasach mi\u0119dzy Europ\u0105, Azj\u0105 i Afryk\u0105, a linie lotnicze \u2014 zw\u0142aszcza Emirates \u2014 musz\u0105 reorganizowa\u0107 siatki po\u0142\u0105cze\u0144, borykaj\u0105c si\u0119 z brakiem dost\u0119pnych slot\u00f3w i presj\u0105 utrzymania ci\u0105g\u0142o\u015bci globalnych tras. Sytuacja w regionie pozostaje napi\u0119ta, co dodatkowo utrudnia funkcjonowanie lotnictwa na ca\u0142ym Bliskim Wschodzie.<\/p>\n<p class=\"Paragraph_desktopParagraph__U31Gm\">W\u0142adze Emirat\u00f3w podkre\u015blaj\u0105, \u017ce sytuacja zosta\u0142a opanowana, jednak pe\u0142ne przywr\u00f3cenie pracy lotniska b\u0119dzie mo\u017cliwe dopiero po przeprowadzeniu dalszych analiz bezpiecze\u0144stwa i ocenie ryzyka kolejnych atak\u00f3w. Dla pasa\u017cer\u00f3w planuj\u0105cych podr\u00f3\u017c przez Dubaj w najbli\u017cszych dniach linie lotnicze zalecaj\u0105 sta\u0142e \u015bledzenie aktualnego statusu rejs\u00f3w, poniewa\u017c zmiany mog\u0105 nast\u0119powa\u0107 niemal z godziny na godzin\u0119 \u2014 w jednym z najwi\u0119kszych \u015bwiatowych port\u00f3w lotniczych ka\u017cdy incydent natychmiast odbija si\u0119 echem na globalnej siatce po\u0142\u0105cze\u0144.<\/p>\n","protected":false},"excerpt":{"rendered":"Nagranie wykonane przez kanadyjskiego pasa\u017cera, kt\u00f3ry uchwyci\u0142 moment l\u0105dowania w Dubaju, pokazuje samolot przelatuj\u0105cy tu\u017c obok pot\u0119\u017cnego po\u017caru&hellip;\n","protected":false},"author":2,"featured_media":310121,"comment_status":"","ping_status":"","sticky":false,"template":"","format":"standard","meta":{"footnotes":"","_share_on_mastodon":"0"},"categories":[5],"tags":[32,33,1625,35614,36,37,27,34,35,2466,28,31,53,25,52,68,51,55,42,38,40,39,41,47,49962,29,30,50,26,19975],"class_list":["post-310120","post","type-post","status-publish","format-standard","has-post-thumbnail","category-naglowki","tag-breaking-news","tag-breakingnews","tag-dubaj","tag-emirates","tag-featured-news","tag-featurednews","tag-headlines","tag-latest-news","tag-latestnews","tag-lotnictwo_samoloty_samolot_przemysl_lotniczy_linie_lotnicze_lotnictwo_wojskowe_ruch_lotniczy","tag-naglowki","tag-najwazniejsze-artykuly","tag-new_header","tag-news","tag-onet3","tag-onet3d","tag-onet3d_2i","tag-phx","tag-pl","tag-poland","tag-polish","tag-polska","tag-polski","tag-screening_general","tag-sg_cleanup_sem_tst1","tag-top-stories","tag-topstories","tag-v2021","tag-wiadomosci","tag-zea"],"share_on_mastodon":{"url":"https:\/\/pubeurope.com\/@pl\/116243807910280998","error":""},"_links":{"self":[{"href":"https:\/\/www.europesays.com\/pl\/wp-json\/wp\/v2\/posts\/310120","targetHints":{"allow":["GET"]}}],"collection":[{"href":"https:\/\/www.europesays.com\/pl\/wp-json\/wp\/v2\/posts"}],"about":[{"href":"https:\/\/www.europesays.com\/pl\/wp-json\/wp\/v2\/types\/post"}],"author":[{"embeddable":true,"href":"https:\/\/www.europesays.com\/pl\/wp-json\/wp\/v2\/users\/2"}],"replies":[{"embeddable":true,"href":"https:\/\/www.europesays.com\/pl\/wp-json\/wp\/v2\/comments?post=310120"}],"version-history":[{"count":0,"href":"https:\/\/www.europesays.com\/pl\/wp-json\/wp\/v2\/posts\/310120\/revisions"}],"wp:featuredmedia":[{"embeddable":true,"href":"https:\/\/www.europesays.com\/pl\/wp-json\/wp\/v2\/media\/310121"}],"wp:attachment":[{"href":"https:\/\/www.europesays.com\/pl\/wp-json\/wp\/v2\/media?parent=310120"}],"wp:term":[{"taxonomy":"category","embeddable":true,"href":"https:\/\/www.europesays.com\/pl\/wp-json\/wp\/v2\/categories?post=310120"},{"taxonomy":"post_tag","embeddable":true,"href":"https:\/\/www.europesays.com\/pl\/wp-json\/wp\/v2\/tags?post=310120"}],"curies":[{"name":"wp","href":"https:\/\/api.w.org\/{rel}","templated":true}]}}