{"id":310288,"date":"2026-03-17T11:12:07","date_gmt":"2026-03-17T11:12:07","guid":{"rendered":"https:\/\/www.europesays.com\/pl\/310288\/"},"modified":"2026-03-17T11:12:07","modified_gmt":"2026-03-17T11:12:07","slug":"spor-w-trybunale-stanu-manowska-odpowiada-sedziom-w-tle-sprawa-swirskiego","status":"publish","type":"post","link":"https:\/\/www.europesays.com\/pl\/310288\/","title":{"rendered":"Sp\u00f3r w Trybunale Stanu. Manowska odpowiada s\u0119dziom. W tle sprawa \u015awirskiego"},"content":{"rendered":"\n<p class=\"ods-o-frame-in-text__paragraph\">W skr\u00f3cie:<\/p>\n<ul class=\"ods-m-bullet-list\">\n<li class=\"ods-a-bullet ods-a-bullet--normal\"> S\u0119dziowie TS w sprawie dotycz\u0105cej by\u0142ego szefa Krajowej Rady Radiofonii i Telewizji chc\u0105 wy\u0142\u0105czenia ze sk\u0142adu jednego z cz\u0142onk\u00f3w <\/li>\n<li class=\"ods-a-bullet ods-a-bullet--normal\"> W zwi\u0105zku z tym sformu\u0142owali seri\u0119 pyta\u0144 dotycz\u0105cych losowania sk\u0142ad\u00f3w i chc\u0105 zwo\u0142ania posiedzenia pe\u0142nego sk\u0142adu TS &#8222;pod rygorem zastosowania kary porz\u0105dkowej&#8221; <\/li>\n<li class=\"ods-a-bullet ods-a-bullet--normal\"> Ma\u0142gorzata Manowska uzna\u0142a, \u017ce wyznaczony jej termin jest za kr\u00f3tki <\/li>\n<li class=\"ods-a-bullet ods-a-bullet--normal\"> W jej ocenie pytania wskazuj\u0105, \u017ce chodzi o dzia\u0142ania o pod\u0142o\u017cu politycznym <\/li>\n<\/ul>\n<p>Manowska w poniedzia\u0142kowym o\u015bwiadczeniu odnios\u0142a si\u0119 do sformu\u0142owanej w zesz\u0142ym tygodniu przez trzech s\u0119dzi\u00f3w TS serii pyta\u0144 do pe\u0142nego sk\u0142adu TS. Pytania te sformu\u0142owa\u0142 w ubieg\u0142\u0105 \u015brod\u0119 sk\u0142ad pod przewodnictwem Przemys\u0142awa Rosatiego na kanwie wniosku o wy\u0142\u0105czenie s\u0119dziego Piotra Saka ze sprawy by\u0142ego szefa KRRiT Macieja \u015awirskiego.<\/p>\n<p> Dalszy ci\u0105g artyku\u0142u pod materia\u0142em wideo <\/p>\n<p>Istota pyta\u0144 sprowadza si\u0119 do oceny zarz\u0105dzenia przewodnicz\u0105cej Manowskiej z 13 czerwca 2024 r. w sprawie czynno\u015bci zwi\u0105zanych z wyznaczeniem sk\u0142adu orzekaj\u0105cego. Wprowadzi\u0142o ono zasad\u0119, i\u017c sk\u0142ady orzekaj\u0105ce w sprawach wnoszonych do TS b\u0119d\u0105 wyznaczane przez przewodnicz\u0105c\u0105 tego organu (kt\u00f3rym jest z mocy prawa I prezes S\u0105du Najwy\u017cszego) w oparciu o wyniki przeprowadzonego wcze\u015bniej losowania. W taki spos\u00f3b we wrze\u015bniu zesz\u0142ego roku zosta\u0142 w\u0142a\u015bnie ukszta\u0142towany sk\u0142ad w sprawie by\u0142ego szefa KRRiT.<\/p>\n<p>     Seria pyta\u0144 do Ma\u0142gorzaty Manowskiej<\/p>\n<p>W serii pyta\u0144 chodzi za\u015b o mechanizm kszta\u0142towania sk\u0142ad\u00f3w orzekaj\u0105cych w TS, kt\u00f3ry \u2014 wed\u0142ug uzasadnienia pyta\u0144 \u2014 powinien by\u0107 okre\u015blony ustawowo i w powi\u0105zanym z ustaw\u0105 regulaminie TS, a nie w trybie zarz\u0105dzenia przewodnicz\u0105cej TS.<\/p>\n<p> Jakie pytania s\u0119dziowie TS z\u0142o\u017cyli do Ma\u0142gorzaty Manowskiej? <\/p>\n<p> Jakie terminy wyznaczy\u0142a Ma\u0142gorzata Manowska? <\/p>\n<p> Co Manowska powiedzia\u0142a o politycznym pod\u0142o\u017cu sprawy? <\/p>\n<p> Kiedy s\u0119dziowie Trybuna\u0142u Stanu maj\u0105 wr\u00f3ci\u0107 do rozstrzygania kwestii wy\u0142\u0105czenia s\u0119dziego Saka? <\/p>\n<p>Co istotne, s\u0119dziowie TS formu\u0142uj\u0105c seri\u0119 tych pyta\u0144, zobowi\u0105zali przewodnicz\u0105c\u0105 Manowsk\u0105 &#8222;do zwo\u0142ania posiedzenia pe\u0142nego sk\u0142adu TS w terminie nie d\u0142u\u017cszym ni\u017c do 4 kwietnia br. pod rygorem zastosowania kary porz\u0105dkowej&#8221;. \u2014 Niezw\u0142oczne rozstrzygni\u0119cie tych zagadnie\u0144 prawnych jest konieczne dla zapewnienia sprawnego rozpoznania sprawy [by\u0142ego szefa KRRiT] i umo\u017cliwienia TS realizacji jego zada\u0144 przy poszanowaniu praw Macieja \u015awirskiego \u2014 uzasadnia\u0142 s\u0119dzia Rosati.<\/p>\n<p>     Ma\u0142gorzata Manowska odpowiada s\u0119dziom. &#8222;Wniosek niedopuszczalny&#8221;     <\/p>\n<p>W poniedzia\u0142kowym o\u015bwiadczeniu zamieszczonym na stronie TS przewodnicz\u0105ca Manowska podkre\u015bli\u0142a, \u017ce wyznaczenie jej terminu na zwo\u0142anie posiedzenia do 4 kwietnia &#8222;nie mie\u015bci si\u0119 w granicach wyznaczonych przez prawo, a zarazem sprawia wra\u017cenie rozwi\u0105zania opartego raczej na dora\u017anym zamy\u015ble ni\u017c na starannie przeprowadzonej analizie normatywnej&#8221;.<\/p>\n<p>&#8222;Oczekiwanie, \u017ce zagadnienie tej rangi zostanie rozpoznane w terminie p\u00f3\u0142tora miesi\u0105ca, mo\u017cna by\u0142oby uzna\u0107 za przejaw naiwno\u015bci, gdyby nie to, \u017ce ca\u0142okszta\u0142t okoliczno\u015bci wskazuje, i\u017c chodzi raczej o dzia\u0142anie o wyra\u017anie politycznym pod\u0142o\u017cu, nastawione na osi\u0105gni\u0119cie z g\u00f3ry oczekiwanego rezultatu&#8221; \u2014 podkre\u015bli\u0142a przewodnicz\u0105ca TS.<\/p>\n<p>Manowska oceni\u0142a, \u017ce &#8222;gdyby zaakceptowa\u0107 logik\u0119 przyj\u0119t\u0105 w omawianym postanowieniu, nale\u017ca\u0142oby doj\u015b\u0107 do wniosku, \u017ce ka\u017cdy sk\u0142ad orzekaj\u0105cy mo\u017ce pod gro\u017ab\u0105 kary porz\u0105dkowej wymusza\u0107 na organach kierowniczych s\u0105du lub innego organu podejmowanie czynno\u015bci nale\u017c\u0105cych do ich w\u0142asnych kompetencji organizacyjnych&#8221;. &#8222;Jest to wniosek oczywi\u015bcie niedopuszczalny, a zarazem dobrze pokazuj\u0105cy, do jakiego stopnia wyk\u0142adnia przyj\u0119ta w postanowieniu odrywa si\u0119 od elementarnych za\u0142o\u017ce\u0144 systemowych&#8221; \u2014 czytamy w o\u015bwiadczeniu Manowskiej.<\/p>\n<p>&#8222;Na marginesie nale\u017cy zauwa\u017cy\u0107, \u017ce zwo\u0142anie posiedzenia pe\u0142nego sk\u0142adu TS w celu rozstrzygni\u0119cia zagadnienia prawnego wymagaj\u0105cego zasadniczej wyk\u0142adni ustawy nie sprowadza si\u0119 do mechanicznego rozes\u0142ania cz\u0142onkom Trybuna\u0142u odpisu postanowienia wraz z uzasadnieniem. Wymaga ono tak\u017ce wyznaczenia sprawozdawcy, przygotowania projektu rozstrzygni\u0119cia oraz zasadniczych tez do dyskusji, a nierzadko r\u00f3wnie\u017c pog\u0142\u0119bionego opracowania towarzysz\u0105cych temu zagadnie\u0144 naukowych i ustrojowych. S\u0105 to czynno\u015bci, kt\u00f3re z natury rzeczy wymagaj\u0105 czasu&#8221; \u2014 argumentuje przewodnicz\u0105ca TS.<\/p>\n<p>Manowska przypomnia\u0142a, \u017ce w sprawie zagadnienia dotycz\u0105cego przedawnienia post\u0119powania przed TS wobec ministra skarbu w rz\u0105dzie AWS Emila W\u0105sacza zagadnienie prawne do pe\u0142nego sk\u0142adu TS zosta\u0142o skierowane w marcu 2017 r., za\u015b uchwa\u0142a pe\u0142nego sk\u0142adu TS pod przewodnictwem \u00f3wczesnej przewodnicz\u0105cej Ma\u0142gorzaty Gersdorf o tym, \u017ce sprawa powinna si\u0119 przedawni\u0107 zapad\u0142a w maju 2019 r. \u2014 po ponad dw\u00f3ch latach od chwili przedstawienia zagadnienia pe\u0142nemu sk\u0142adowi.<\/p>\n<p>&#8222;Nie m\u00f3wiono w\u00f3wczas ani o obstrukcji, ani o niewykonywaniu obowi\u0105zk\u00f3w przez \u00f3wczesn\u0105 przewodnicz\u0105c\u0105 TS. Uznawano to po prostu za normalny tok czynno\u015bci w sprawie o odpowiednim ci\u0119\u017carze ustrojowym. Taki sam standard zamierzam zachowa\u0107 r\u00f3wnie\u017c obecnie&#8221; \u2014 podkre\u015bli\u0142a przewodnicz\u0105ca Manowska.<\/p>\n<p>Z kolei, jak informowa\u0142 w zesz\u0142ym tygodniu s\u0119dzia Rosatim, do rozstrzygania kwestii wy\u0142\u0105czenia s\u0119dziego Saka z post\u0119powania wobec \u015awirskiego trzech s\u0119dzi\u00f3w Trybuna\u0142u Stanu ma powr\u00f3ci\u0107 8 kwietnia br.<\/p>\n","protected":false},"excerpt":{"rendered":"W skr\u00f3cie: S\u0119dziowie TS w sprawie dotycz\u0105cej by\u0142ego szefa Krajowej Rady Radiofonii i Telewizji chc\u0105 wy\u0142\u0105czenia ze sk\u0142adu&hellip;\n","protected":false},"author":2,"featured_media":310289,"comment_status":"","ping_status":"","sticky":false,"template":"","format":"standard","meta":{"footnotes":"","_share_on_mastodon":"0"},"categories":[5],"tags":[32,33,36,37,27,49,34,35,790,28,31,48,25,46,42,38,40,39,41,412,794,48836,47,29,30,789,26],"class_list":["post-310288","post","type-post","status-publish","format-standard","has-post-thumbnail","category-naglowki","tag-breaking-news","tag-breakingnews","tag-featured-news","tag-featurednews","tag-headlines","tag-kraj","tag-latest-news","tag-latestnews","tag-malgorzata_manowska","tag-naglowki","tag-najwazniejsze-artykuly","tag-nat_styl","tag-news","tag-omp","tag-pl","tag-poland","tag-polish","tag-polska","tag-polski","tag-prawo_sady_prawnicy","tag-przemyslaw_rosati","tag-ref_floating_paywall_tst0","tag-screening_general","tag-top-stories","tag-topstories","tag-trybunal_stanu","tag-wiadomosci"],"share_on_mastodon":{"url":"https:\/\/pubeurope.com\/@pl\/116244221076245252","error":""},"_links":{"self":[{"href":"https:\/\/www.europesays.com\/pl\/wp-json\/wp\/v2\/posts\/310288","targetHints":{"allow":["GET"]}}],"collection":[{"href":"https:\/\/www.europesays.com\/pl\/wp-json\/wp\/v2\/posts"}],"about":[{"href":"https:\/\/www.europesays.com\/pl\/wp-json\/wp\/v2\/types\/post"}],"author":[{"embeddable":true,"href":"https:\/\/www.europesays.com\/pl\/wp-json\/wp\/v2\/users\/2"}],"replies":[{"embeddable":true,"href":"https:\/\/www.europesays.com\/pl\/wp-json\/wp\/v2\/comments?post=310288"}],"version-history":[{"count":0,"href":"https:\/\/www.europesays.com\/pl\/wp-json\/wp\/v2\/posts\/310288\/revisions"}],"wp:featuredmedia":[{"embeddable":true,"href":"https:\/\/www.europesays.com\/pl\/wp-json\/wp\/v2\/media\/310289"}],"wp:attachment":[{"href":"https:\/\/www.europesays.com\/pl\/wp-json\/wp\/v2\/media?parent=310288"}],"wp:term":[{"taxonomy":"category","embeddable":true,"href":"https:\/\/www.europesays.com\/pl\/wp-json\/wp\/v2\/categories?post=310288"},{"taxonomy":"post_tag","embeddable":true,"href":"https:\/\/www.europesays.com\/pl\/wp-json\/wp\/v2\/tags?post=310288"}],"curies":[{"name":"wp","href":"https:\/\/api.w.org\/{rel}","templated":true}]}}