{"id":310508,"date":"2026-03-17T13:31:15","date_gmt":"2026-03-17T13:31:15","guid":{"rendered":"https:\/\/www.europesays.com\/pl\/310508\/"},"modified":"2026-03-17T13:31:15","modified_gmt":"2026-03-17T13:31:15","slug":"brooklyn-beckham-i-jego-zona-skradli-show-wszyscy-patrzyli-tylko-na-nich","status":"publish","type":"post","link":"https:\/\/www.europesays.com\/pl\/310508\/","title":{"rendered":"Brooklyn Beckham i jego \u017cona skradli show. Wszyscy patrzyli tylko na nich"},"content":{"rendered":"<p>O Brooklynie Beckhamie i jego \u017conie od dawna jest g\u0142o\u015bno. Wszystko to przez konflikt w rodzinie Beckham\u00f3w. Mi\u0119dzy Brooklynem i jego ukochan\u0105 Nicol\u0105 Peltz a bliskimi 27-latka mia\u0142o doj\u015b\u0107 do spor\u00f3w, kt\u00f3re stopniowo pogarsza\u0142y ich relacje.<\/p>\n<p> Dalszy ci\u0105g artyku\u0142u pod materia\u0142em wideo Brooklyn Beckham z \u017con\u0105 na imprezie oscarowej Eltona Johna<\/p>\n<p>W ko\u0144cu Brooklyn Beckham przerwa\u0142 milczenie i wyda\u0142 o\u015bwiadczenie, kt\u00f3re zamie\u015bci\u0142 na Instagramie. &#8222;Przez ca\u0142e moje \u017cycie rodzice kontrolowali narracj\u0119 na temat naszej rodziny w prasie. Performatywne posty w mediach spo\u0142eczno\u015bciowych, rodzinne wydarzenia i nieautentyczne relacje by\u0142y sta\u0142ym elementem \u017cycia, w kt\u00f3rym si\u0119 urodzi\u0142em. Ostatnio na w\u0142asne oczy widzia\u0142em, do jakich \u015brodk\u00f3w s\u0105 gotowi si\u0119 posun\u0105\u0107, aby umie\u015bci\u0107 w mediach niezliczone k\u0142amstwa, g\u0142\u00f3wnie kosztem niewinnych ludzi, aby zachowa\u0107 w\u0142asn\u0105 fasad\u0119. Wierz\u0119 jednak, \u017ce prawda zawsze wychodzi na jaw&#8221; \u2014 pisa\u0142.<\/p>\n<p>     W dalszej cz\u0119\u015bci oznajmi\u0142, \u017ce rodzice pr\u00f3bowali zniszczy\u0107 jego ma\u0142\u017ce\u0144stwo. Opowiada\u0142 te\u017c m.in. o tym, jak mama zrujnowa\u0142a jego wesele. <a href=\"https:\/\/przegladsportowy.onet.pl\/ofsajd\/szokujace-oswiadczenie-brooklyna-beckhama-o-to-oskarza-slynnych-rodzicow\/pw1vddk\" id=\"6edb7ee2-aefd-49c1-8b83-b97f7ab0eadc\" rel=\"nofollow noopener\" target=\"_blank\">Ca\u0142e o\u015bwiadczenie 27-latka mo\u017cecie przeczyta\u0107 tutaj<\/a>.   <\/p>\n<p> Gdzie Brooklyn Beckham i jego \u017cona pojawi\u0142 si\u0119 na imprezie? <\/p>\n<p> Jakie stylizacje mieli na sobie Brooklyn Beckham i Nicola Peltz? <\/p>\n<p> Co Brooklyn Beckham napisa\u0142 w swoim o\u015bwiadczeniu na Instagramie? <\/p>\n<p> Jakie by\u0142y powody konfliktu mi\u0119dzy Brooklynem a jego rodzin\u0105? <\/p>\n<p>Tymczasem Brooklyn Beckham i jego \u017cona Nicola Peltz pojawili si\u0119 na imprezie oscarowej zorganizowanej przez Eltona Johna. Para pozowa\u0142a do zdj\u0119\u0107 na tzw. \u015bciance. Uwag\u0119 zwraca\u0142y ich stylizacje. Brooklyn postawi\u0142 na klasyczny, elegancki zestaw, a jego \u017cona wybra\u0142a d\u0142ug\u0105, czarn\u0105 sukni\u0119 na jedno rami\u0119.<\/p>\n<p>       <img decoding=\"async\" src=\"https:\/\/www.europesays.com\/pl\/wp-content\/uploads\/2026\/03\/h_Ck9lBaHR0cHM6Ly9vY2RuLmV1L3B1bHNjbXMvTURBXy9hNWIzMjBmZmQ3NTJiOTMyYWJhMDIxMjI4ODU1MGFkYi5qcGeRlQLNB.jpeg\" height=\"800\" width=\"534\" alt=\"Brooklyn Beckham i Nicola Peltz\" loading=\"lazy\" class=\"ods-c-image__img ods-c-image__img--vertical\"\/> <\/p>\n<p>Brooklyn Beckham i Nicola PeltzRex Features\/East News\/Shutterstock \/ East News<\/p>\n","protected":false},"excerpt":{"rendered":"O Brooklynie Beckhamie i jego \u017conie od dawna jest g\u0142o\u015bno. Wszystko to przez konflikt w rodzinie Beckham\u00f3w. Mi\u0119dzy&hellip;\n","protected":false},"author":2,"featured_media":310509,"comment_status":"","ping_status":"","sticky":false,"template":"","format":"standard","meta":{"footnotes":"","_share_on_mastodon":"0"},"categories":[22],"tags":[9693,9400,122,48813,48,16484,129,46,948,42,38,40,39,41,123,47,9326,130],"class_list":["post-310508","post","type-post","status-publish","format-standard","has-post-thumbnail","category-rozrywka","tag-brooklyn_beckham","tag-david_beckham","tag-entertainment","tag-m_ps_bb_delay_tst3","tag-nat_styl","tag-nicola_peltz","tag-ofsajd","tag-omp","tag-pilka_nozna","tag-pl","tag-poland","tag-polish","tag-polska","tag-polski","tag-rozrywka","tag-screening_general","tag-victoria_beckham","tag-wiadomosci_sportowe"],"share_on_mastodon":{"url":"https:\/\/pubeurope.com\/@pl\/116244768075322365","error":""},"_links":{"self":[{"href":"https:\/\/www.europesays.com\/pl\/wp-json\/wp\/v2\/posts\/310508","targetHints":{"allow":["GET"]}}],"collection":[{"href":"https:\/\/www.europesays.com\/pl\/wp-json\/wp\/v2\/posts"}],"about":[{"href":"https:\/\/www.europesays.com\/pl\/wp-json\/wp\/v2\/types\/post"}],"author":[{"embeddable":true,"href":"https:\/\/www.europesays.com\/pl\/wp-json\/wp\/v2\/users\/2"}],"replies":[{"embeddable":true,"href":"https:\/\/www.europesays.com\/pl\/wp-json\/wp\/v2\/comments?post=310508"}],"version-history":[{"count":0,"href":"https:\/\/www.europesays.com\/pl\/wp-json\/wp\/v2\/posts\/310508\/revisions"}],"wp:featuredmedia":[{"embeddable":true,"href":"https:\/\/www.europesays.com\/pl\/wp-json\/wp\/v2\/media\/310509"}],"wp:attachment":[{"href":"https:\/\/www.europesays.com\/pl\/wp-json\/wp\/v2\/media?parent=310508"}],"wp:term":[{"taxonomy":"category","embeddable":true,"href":"https:\/\/www.europesays.com\/pl\/wp-json\/wp\/v2\/categories?post=310508"},{"taxonomy":"post_tag","embeddable":true,"href":"https:\/\/www.europesays.com\/pl\/wp-json\/wp\/v2\/tags?post=310508"}],"curies":[{"name":"wp","href":"https:\/\/api.w.org\/{rel}","templated":true}]}}