{"id":310596,"date":"2026-03-17T14:16:15","date_gmt":"2026-03-17T14:16:15","guid":{"rendered":"https:\/\/www.europesays.com\/pl\/310596\/"},"modified":"2026-03-17T14:16:15","modified_gmt":"2026-03-17T14:16:15","slug":"iran-zaatakowal-nad-ranem-w-kilku-krajach-wielkie-eksplozje-w-dausze-i-dubaju","status":"publish","type":"post","link":"https:\/\/www.europesays.com\/pl\/310596\/","title":{"rendered":"Iran zaatakowa\u0142 nad ranem w kilku krajach. Wielkie eksplozje w Dausze i Dubaju"},"content":{"rendered":"<ul class=\"list-summary__items summary\">\n<li>Katar i Zjednoczone Emiraty Arabskie przechwytuj\u0105 ataki rakietowe wycelowane w ich terytoria, potwierdzaj\u0105c dzia\u0142ania obronne w odpowiedzi na agresj\u0119 ze strony Iranu.<\/li>\n<li>Wybuchy w Dausze i Dubaju nast\u0105pi\u0142y po wysy\u0142anych alertach do mieszka\u0144c\u00f3w z nakazami schronienia si\u0119 w bezpieczne miejsca, co podnios\u0142o napi\u0119cie w regionie.<\/li>\n<li>Iran odpowiada atakami na Izrael i pa\u0144stwa Zatoki Perskiej po bombardowaniach przez USA i Izrael; zapewnia jednak, \u017ce celem nie s\u0105 obiekty cywilne, i wyra\u017ca ch\u0119\u0107 do dialogu na rzecz zako\u0144czenia konfliktu.<\/li>\n<\/ul>\n<p>    <a name=\"eztoc38377353_0_5\" id=\"eztoc38377353_0_5\"\/>Pot\u0119\u017cne eksplozje w Dausze i Dubaju<\/p>\n<p>Ministerstwo obrony w Dausze oficjalnie potwierdzi\u0142o, \u017ce katarskie si\u0142y zbrojne &#8222;przechwyci\u0142y<br \/>\n<a href=\"https:\/\/wiadomosci.radiozet.pl\/tag\/kategoria\/atak-rakietowy\" target=\"_blank\" rel=\"dofollow noopener\">atak rakietowy<\/a> wycelowany w pa\u0144stwo&#8221;. Podobne dzia\u0142ania podj\u0119\u0142y Emiraty. &#8222;S\u0142yszane g\u0142o\u015bne d\u017awi\u0119ki to efekt dzia\u0142ania system\u00f3w obrony powietrznej, kt\u00f3re przechwytuj\u0105 nadlatuj\u0105ce pociski i drony&#8221; \u2013 poinformowa\u0142 resort obrony ZEA, wskazuj\u0105c na agresj\u0119 ze strony<br \/>\n<a href=\"https:\/\/wiadomosci.radiozet.pl\/tag\/kategoria\/iran\" target=\"_blank\" rel=\"dofollow noopener\">Iranu<\/a>.<\/p>\n<p>Wybuchy nast\u0105pi\u0142y kr\u00f3tko po tym, jak na telefony mieszka\u0144c\u00f3w obu miast dotar\u0142y alerty nakazuj\u0105ce &#8222;natychmiastowe udanie si\u0119 do bezpiecznych miejsc&#8221; oraz trzymanie si\u0119 z dala od okien i szklanych fasad.<\/p>\n<p>\t\t\t\t                                    \t<a name=\"eztoc38377353_0_6\" id=\"eztoc38377353_0_6\"\/>Iran zaatakowa\u0142 nad ranem<\/p>\n<p>R\u00f3wnolegle ministerstwo obrony<br \/>\n<a href=\"https:\/\/wiadomosci.radiozet.pl\/tag\/kategoria\/arabia-saudyjska\" target=\"_blank\" rel=\"dofollow noopener\">Arabii Saudyjskiej<\/a> poinformowa\u0142o o zestrzeleniu nad wschodni\u0105 cz\u0119\u015bci\u0105 kr\u00f3lestwa \u0142\u0105cznie o\u015bmiu wrogich bezza\u0142ogowc\u00f3w. Z kolei rzecznik Gwardii Narodowej Kuwejtu potwierdzi\u0142 unieszkodliwienie<br \/>\n<a href=\"https:\/\/wiadomosci.radiozet.pl\/tag\/kategoria\/drony\" target=\"_blank\" rel=\"dofollow noopener\">drona<\/a> w ramach &#8222;bie\u017c\u0105cych dzia\u0142a\u0144 maj\u0105cych na celu wzmocnienie bezpiecze\u0144stwa i ochron\u0119 kluczowych obiekt\u00f3w&#8221;.<\/p>\n<p>USA i Izrael od 28 lutego bombarduj\u0105 Iran, kt\u00f3ry w odpowiedzi atakuje Izrael i pa\u0144stwa Zatoki Perskiej, uderzaj\u0105c zar\u00f3wno w po\u0142o\u017cone tam ameryka\u0144skie bazy, jak i w cele cywilne. W niedziel\u0119 szef MSZ Iranu Abbas Aragczi przekonywa\u0142 jednak, \u017ce celem dzia\u0142a\u0144 odwetowych ira\u0144skiej armii nie s\u0105 ani obiekty cywilne, ani osiedla mieszkaniowe, i zapewni\u0142, \u017ce w\u0142adze w Teheranie pozostaj\u0105 w kontakcie z r\u00f3\u017cnymi krajami Zatoki Perskiej i z zadowoleniem przyjm\u0105 ka\u017cd\u0105 inicjatyw\u0119, kt\u00f3ra mog\u0142aby doprowadzi\u0107 do zako\u0144czenia wojny.\u00a0<\/p>\n<p>\u0179r\u00f3d\u0142o Radio ZET\/ PAP<\/p>\n<p>By\u0142e\u015b \u015bwiadkiem czego\u015b niespodziewanego? Masz temat, kt\u00f3rym powinni\u015bmy si\u0119 zaj\u0105\u0107?<\/p>\n<p>Zg\u0142o\u015b spraw\u0119 przez <a href=\"https:\/\/wiadomosci.radiozet.pl\/czerwony-telefon\" target=\"_blank\" title=\"Czerwony telefon Radia Zet\" rel=\"nofollow noopener\">Czerwony telefon Radia ZET<\/a><\/p>\n","protected":false},"excerpt":{"rendered":"Katar i Zjednoczone Emiraty Arabskie przechwytuj\u0105 ataki rakietowe wycelowane w ich terytoria, potwierdzaj\u0105c dzia\u0142ania obronne w odpowiedzi na&hellip;\n","protected":false},"author":2,"featured_media":310597,"comment_status":"","ping_status":"","sticky":false,"template":"","format":"standard","meta":{"footnotes":"","_share_on_mastodon":"0"},"categories":[14],"tags":[744,7350,32,33,144,27,663,22566,34,35,28,31,25,40,41,80,29,30,26,82,83,84,19975],"class_list":["post-310596","post","type-post","status-publish","format-standard","has-post-thumbnail","category-swiat","tag-atak","tag-bliski-wschod","tag-breaking-news","tag-breakingnews","tag-drony","tag-headlines","tag-iran","tag-kuwejt","tag-latest-news","tag-latestnews","tag-naglowki","tag-najwazniejsze-artykuly","tag-news","tag-polish","tag-polski","tag-swiat","tag-top-stories","tag-topstories","tag-wiadomosci","tag-world","tag-world-news","tag-worldnews","tag-zea"],"share_on_mastodon":{"url":"https:\/\/pubeurope.com\/@pl\/116244944227046229","error":""},"_links":{"self":[{"href":"https:\/\/www.europesays.com\/pl\/wp-json\/wp\/v2\/posts\/310596","targetHints":{"allow":["GET"]}}],"collection":[{"href":"https:\/\/www.europesays.com\/pl\/wp-json\/wp\/v2\/posts"}],"about":[{"href":"https:\/\/www.europesays.com\/pl\/wp-json\/wp\/v2\/types\/post"}],"author":[{"embeddable":true,"href":"https:\/\/www.europesays.com\/pl\/wp-json\/wp\/v2\/users\/2"}],"replies":[{"embeddable":true,"href":"https:\/\/www.europesays.com\/pl\/wp-json\/wp\/v2\/comments?post=310596"}],"version-history":[{"count":0,"href":"https:\/\/www.europesays.com\/pl\/wp-json\/wp\/v2\/posts\/310596\/revisions"}],"wp:featuredmedia":[{"embeddable":true,"href":"https:\/\/www.europesays.com\/pl\/wp-json\/wp\/v2\/media\/310597"}],"wp:attachment":[{"href":"https:\/\/www.europesays.com\/pl\/wp-json\/wp\/v2\/media?parent=310596"}],"wp:term":[{"taxonomy":"category","embeddable":true,"href":"https:\/\/www.europesays.com\/pl\/wp-json\/wp\/v2\/categories?post=310596"},{"taxonomy":"post_tag","embeddable":true,"href":"https:\/\/www.europesays.com\/pl\/wp-json\/wp\/v2\/tags?post=310596"}],"curies":[{"name":"wp","href":"https:\/\/api.w.org\/{rel}","templated":true}]}}