{"id":310817,"date":"2026-03-17T16:38:08","date_gmt":"2026-03-17T16:38:08","guid":{"rendered":"https:\/\/www.europesays.com\/pl\/310817\/"},"modified":"2026-03-17T16:38:08","modified_gmt":"2026-03-17T16:38:08","slug":"bakiewicz-oglasza-zwyciestwo-zapadla-decyzja-sadu-onet","status":"publish","type":"post","link":"https:\/\/www.europesays.com\/pl\/310817\/","title":{"rendered":"B\u0105kiewicz og\u0142asza zwyci\u0119stwo. Zapad\u0142a decyzja s\u0105du &#8211; Onet"},"content":{"rendered":"<ol>\n<li><a href=\"https:\/\/news.google.com\/rss\/articles\/CBMirwFBVV95cUxNTlM2ejVpa2stZW9qMHVsUEZsNVpvNGFaV0E0bThGWWJiUzJ2UG92VThfQkVtVXJ6R1JWU3I2QllZYmNreUMzVmc0X1lqWjVJeG1XcWpqbFhkTHpINXpNUll5clJrZWZKSGVYMGV6bmxPZ1NtV3NrVE1ZMGh0UjVWOE9yZWp3ZUlJRkh1dXBBQTVVVDdKZWM3VW9ibm5laVZyZ2tkY2JzRks5UlRRVmNj?oc=5\" target=\"_blank\" rel=\"nofollow noopener\">B\u0105kiewicz og\u0142asza zwyci\u0119stwo. Zapad\u0142a decyzja s\u0105du<\/a>&nbsp;&nbsp;Onet<\/li>\n<li><a href=\"https:\/\/news.google.com\/rss\/articles\/CBMihwFBVV95cUxQWXRrOVdiWFRNdzFyaWpXN01xcjIwa2I1NXptUEh3c0RSRGxTUE12RHZibjdta1I0cjcwTndlYVZ3VHRuOVpVc0FVdXUxOEVGNUtDTDJKVWhYcGZIYW9YdTBKeHZNZGxRQVl6NDNXbm84MFBCUFotM1VvUVh6ZW9xenhiWnZ2UlU?oc=5\" target=\"_blank\" rel=\"nofollow noopener\">B\u0105kiewicz triumfuje. Jest decyzja s\u0105du<\/a>&nbsp;&nbsp;WP Wiadomo\u015bci<\/li>\n<li><a href=\"https:\/\/news.google.com\/rss\/articles\/CBMimAFBVV95cUxNaXk1aGpzcWR0ektfYTBIQkZyQ2xfOXFvYm8zcmtSYjh4bDNieks0RndFR3dJSkRBQWtsWkRrbVpiVGdEZG9ITFRZcC1GeHFMWWFuVnlyZk96bjRyNnhuTHZ5eU81RXdfYU5JeEszYlA0d3Q0cXVfUXFrSmlWOTZMbkFPdHAwbERoT3l2LXlCOFhrTUpLYnBsRQ?oc=5\" target=\"_blank\" rel=\"nofollow noopener\">Robert B\u0105kiewicz og\u0142asza zwyci\u0119stwo. Jest decyzja s\u0105du<\/a>&nbsp;&nbsp;Wiadomo\u015bci Onet<\/li>\n<li><a href=\"https:\/\/news.google.com\/rss\/articles\/CBMilgFBVV95cUxPS3NORkxZTXcyZjBwM2prMWNTTnNoT3R1dG1HNE9xelAzeV9ua0VlZHFMU3dpdWRfQVF2MzdVbHRfM2pwYW9sTmo5YVM1X2c4ZDhZNlp2ZEdlcVd6N3BUUXEwTFN3TTEyaUxkblVMNm5MZjMxNFJWOG5MX2Y0R1lmZktSeHdFRUFZek5fUW54Szd1VExkQlE?oc=5\" target=\"_blank\" rel=\"nofollow noopener\">Post\u0119powanie przeciwko B\u0105kiewiczowi umorzone. &#8222;Sprawiedliwo\u015b\u0107 wymaga\u0142aby \u017ceby zap\u0142aci\u0142 Tusk&#8221;<\/a>&nbsp;&nbsp;Do Rzeczy<\/li>\n<li><a href=\"https:\/\/news.google.com\/rss\/articles\/CBMilwFBVV95cUxQTzBlYmN0VFFRaXc5aDdvRFR4R0c4OTgtNXA0Y0dCNUZDRG53dmtUNnVwNjFNNlU0TC1yWGUzU21kUWRHQ1k5ZFdTYnRGajZNOGNaVzFva082X0xwUTl3NDg5d2JGNGhUTHMzelpvOHE3YjAxRk1Ga1k4eHFoZEhFM0UwSFl1aGpsRGtkZGtVUGFiU0thWXA4?oc=5\" target=\"_blank\" rel=\"nofollow noopener\">S\u0105d umorzy\u0142 post\u0119powanie wobec B\u0105kiewicza. &#8222;Pluli na mnie&#8221;<\/a>&nbsp;&nbsp;wPolityce.pl<\/li>\n<\/ol>\n","protected":false},"excerpt":{"rendered":"B\u0105kiewicz og\u0142asza zwyci\u0119stwo. Zapad\u0142a decyzja s\u0105du&nbsp;&nbsp;Onet B\u0105kiewicz triumfuje. Jest decyzja s\u0105du&nbsp;&nbsp;WP Wiadomo\u015bci Robert B\u0105kiewicz og\u0142asza zwyci\u0119stwo. Jest decyzja&hellip;\n","protected":false},"author":2,"featured_media":310818,"comment_status":"","ping_status":"","sticky":false,"template":"","format":"standard","meta":{"footnotes":"","_share_on_mastodon":"0"},"categories":[12],"tags":[32,33,36,37,12895,27,67,34,35,28,31,53,25,52,68,51,55,42,38,40,39,41,984,514,47,49895,26288,515,29,30,65,50,26,5597],"class_list":["post-310817","post","type-post","status-publish","format-standard","has-post-thumbnail","category-polska","tag-breaking-news","tag-breakingnews","tag-featured-news","tag-featurednews","tag-granica_przejscie_graniczne","tag-headlines","tag-intextvideo_splayer","tag-latest-news","tag-latestnews","tag-naglowki","tag-najwazniejsze-artykuly","tag-new_header","tag-news","tag-onet3","tag-onet3d","tag-onet3d_2i","tag-phx","tag-pl","tag-poland","tag-polish","tag-polska","tag-polski","tag-prawo_sady_sedziowie_sedzia_sad_sadownictwo_prawnik_prawnicy_prawniczka","tag-robert_bakiewicz","tag-screening_general","tag-sg_cleanup_sem_tst3","tag-slubice","tag-straz_graniczna","tag-top-stories","tag-topstories","tag-update_me","tag-v2021","tag-wiadomosci","tag-zniewazenie"],"share_on_mastodon":{"url":"","error":"Validation failed: Text character limit of 500 exceeded"},"_links":{"self":[{"href":"https:\/\/www.europesays.com\/pl\/wp-json\/wp\/v2\/posts\/310817","targetHints":{"allow":["GET"]}}],"collection":[{"href":"https:\/\/www.europesays.com\/pl\/wp-json\/wp\/v2\/posts"}],"about":[{"href":"https:\/\/www.europesays.com\/pl\/wp-json\/wp\/v2\/types\/post"}],"author":[{"embeddable":true,"href":"https:\/\/www.europesays.com\/pl\/wp-json\/wp\/v2\/users\/2"}],"replies":[{"embeddable":true,"href":"https:\/\/www.europesays.com\/pl\/wp-json\/wp\/v2\/comments?post=310817"}],"version-history":[{"count":0,"href":"https:\/\/www.europesays.com\/pl\/wp-json\/wp\/v2\/posts\/310817\/revisions"}],"wp:featuredmedia":[{"embeddable":true,"href":"https:\/\/www.europesays.com\/pl\/wp-json\/wp\/v2\/media\/310818"}],"wp:attachment":[{"href":"https:\/\/www.europesays.com\/pl\/wp-json\/wp\/v2\/media?parent=310817"}],"wp:term":[{"taxonomy":"category","embeddable":true,"href":"https:\/\/www.europesays.com\/pl\/wp-json\/wp\/v2\/categories?post=310817"},{"taxonomy":"post_tag","embeddable":true,"href":"https:\/\/www.europesays.com\/pl\/wp-json\/wp\/v2\/tags?post=310817"}],"curies":[{"name":"wp","href":"https:\/\/api.w.org\/{rel}","templated":true}]}}