{"id":311139,"date":"2026-03-17T20:30:09","date_gmt":"2026-03-17T20:30:09","guid":{"rendered":"https:\/\/www.europesays.com\/pl\/311139\/"},"modified":"2026-03-17T20:30:09","modified_gmt":"2026-03-17T20:30:09","slug":"sandra-kubicka-oglosila-to-dzien-po-rozwodzie-nie-ma-dobrych-wiesci","status":"publish","type":"post","link":"https:\/\/www.europesays.com\/pl\/311139\/","title":{"rendered":"Sandra Kubicka og\u0142osi\u0142a to dzie\u0144 po rozwodzie. Nie ma dobrych wie\u015bci"},"content":{"rendered":"<p><a href=\"https:\/\/plejada.pl\/temat\/sandra-kubicka\/cdfldwm\" id=\"40504f01-6164-495a-b8c5-c9a91290a34e\" rel=\"nofollow noopener\" target=\"_blank\">Sandra Kubicka<\/a> i Aleksander Milwiw-Baron pobrali si\u0119 w kwietniu 2024 r., a ju\u017c miesi\u0105c p\u00f3\u017aniej zostali rodzicami syna. Jednak w marcu 2025 r., na miesi\u0105c przed pierwsz\u0105 rocznic\u0105 \u015blubu, Kubicka poinformowa\u0142a, \u017ce kilka miesi\u0119cy wcze\u015bniej z\u0142o\u017cy\u0142a pozew rozwodowy. Zaplanowana na 29 maja rozprawa zosta\u0142a ostatecznie odwo\u0142ana, najprawdopodobniej w zwi\u0105zku z wycofaniem pozwu. Sielanka nie trwa\u0142a d\u0142ugo. W listopadzie modelka ponownie zdecydowa\u0142a si\u0119 na zako\u0144czenie ma\u0142\u017ce\u0144stwa. Pierwsza rozprawa odby\u0142a si\u0119 25 lutego i trwa\u0142a zaledwie 15 minut. Jednak na drugiej, kt\u00f3ra mia\u0142a miejsce 16 marca, ju\u017c uda\u0142o si\u0119 wywalczy\u0107 rozw\u00f3d.Po rozprawie Sandra Kubicka i <a href=\"https:\/\/plejada.pl\/temat\/aleksander-milwiw-baron-muzyk\/gl690tt\" id=\"b2a73abf-3a7a-4472-a1c3-2bdc5465d968\" rel=\"nofollow noopener\" target=\"_blank\">Aleksander Milwiw-Baron<\/a> zaskoczyli wszystkich, gdy podeszli do siebie i si\u0119 przytulili. Jak donosi\u0142 &#8222;Fakt&#8221; modelka mia\u0142a powiedzie\u0107 do zgromadzonych dziennikarzy: &#8222;Ju\u017c po wszystkim. Jestem wolna&#8221;.<\/p>\n<p>Sandra Kubicka nie mog\u0142a jednak nacieszy\u0107 si\u0119 wolno\u015bci\u0105 zbyt d\u0142ugo. Jak si\u0119 okazuje w domu czeka\u0142 na ni\u0105 schorowany syn. Tak\u017ce i celebrytka si\u0119 rozchorowa\u0142a, o czym poinformowa\u0142a na Instagramie dodaj\u0105c relacj\u0119, na kt\u00f3rej trzyma przy twarzy maseczk\u0119 do inhalacji.<\/p>\n<p> <img decoding=\"async\" src=\"https:\/\/www.europesays.com\/pl\/wp-content\/uploads\/2026\/03\/Aapk9lBaHR0cHM6Ly9vY2RuLmV1L3B1bHNjbXMvTURBXy8yYzIyNzcwNzI1ZWIwMzRiM2YzZTI2N2VhMjEzZTMxOS5qcGeRlQLNA.jpeg\" height=\"479\" width=\"255\" alt=\"Sandra Kubicka\" loading=\"lazy\" class=\"ods-c-image__img ods-c-image__img--vertical\"\/> <\/p>\n<p>Sandra Kubickainstagram.com\/sandrakubicka\/<\/p>\n<p>\u2014 napisa\u0142a Kubicka.<\/p>\n<p> <img decoding=\"async\" src=\"https:\/\/www.europesays.com\/pl\/wp-content\/uploads\/2026\/03\/E5Xk9lBaHR0cHM6Ly9vY2RuLmV1L3B1bHNjbXMvTURBXy9lNGM4YjBlMDM0MGM1YTMxNmJhZGNiOGJkYzdkMDlkNi5qcGeRlQLNA.jpeg\" height=\"472\" width=\"264\" alt=\"Sandra Kubicka\" loading=\"lazy\" class=\"ods-c-image__img ods-c-image__img--vertical\"\/> <\/p>\n<p>Sandra Kubickainstagram.com\/sandrakubicka\/<\/p>\n<p> <script async src=\"\/\/www.instagram.com\/embed.js\"><\/script><\/p>\n","protected":false},"excerpt":{"rendered":"Sandra Kubicka i Aleksander Milwiw-Baron pobrali si\u0119 w kwietniu 2024 r., a ju\u017c miesi\u0105c p\u00f3\u017aniej zostali rodzicami syna.&hellip;\n","protected":false},"author":2,"featured_media":311140,"comment_status":"","ping_status":"","sticky":false,"template":"","format":"standard","meta":{"footnotes":"","_share_on_mastodon":"0"},"categories":[22],"tags":[122,48,125,46,42,38,40,39,41,123,2992,47],"class_list":["post-311139","post","type-post","status-publish","format-standard","has-post-thumbnail","category-rozrywka","tag-entertainment","tag-nat_styl","tag-newsy","tag-omp","tag-pl","tag-poland","tag-polish","tag-polska","tag-polski","tag-rozrywka","tag-sandra_kubicka","tag-screening_general"],"share_on_mastodon":{"url":"https:\/\/pubeurope.com\/@pl\/116246414858432362","error":""},"_links":{"self":[{"href":"https:\/\/www.europesays.com\/pl\/wp-json\/wp\/v2\/posts\/311139","targetHints":{"allow":["GET"]}}],"collection":[{"href":"https:\/\/www.europesays.com\/pl\/wp-json\/wp\/v2\/posts"}],"about":[{"href":"https:\/\/www.europesays.com\/pl\/wp-json\/wp\/v2\/types\/post"}],"author":[{"embeddable":true,"href":"https:\/\/www.europesays.com\/pl\/wp-json\/wp\/v2\/users\/2"}],"replies":[{"embeddable":true,"href":"https:\/\/www.europesays.com\/pl\/wp-json\/wp\/v2\/comments?post=311139"}],"version-history":[{"count":0,"href":"https:\/\/www.europesays.com\/pl\/wp-json\/wp\/v2\/posts\/311139\/revisions"}],"wp:featuredmedia":[{"embeddable":true,"href":"https:\/\/www.europesays.com\/pl\/wp-json\/wp\/v2\/media\/311140"}],"wp:attachment":[{"href":"https:\/\/www.europesays.com\/pl\/wp-json\/wp\/v2\/media?parent=311139"}],"wp:term":[{"taxonomy":"category","embeddable":true,"href":"https:\/\/www.europesays.com\/pl\/wp-json\/wp\/v2\/categories?post=311139"},{"taxonomy":"post_tag","embeddable":true,"href":"https:\/\/www.europesays.com\/pl\/wp-json\/wp\/v2\/tags?post=311139"}],"curies":[{"name":"wp","href":"https:\/\/api.w.org\/{rel}","templated":true}]}}