{"id":311534,"date":"2026-03-18T01:31:13","date_gmt":"2026-03-18T01:31:13","guid":{"rendered":"https:\/\/www.europesays.com\/pl\/311534\/"},"modified":"2026-03-18T01:31:13","modified_gmt":"2026-03-18T01:31:13","slug":"sandra-kubicka-i-baron-oficjalnie-po-rozwodzie-sad-wydal-wyrok","status":"publish","type":"post","link":"https:\/\/www.europesays.com\/pl\/311534\/","title":{"rendered":"Sandra Kubicka i Baron oficjalnie po rozwodzie. S\u0105d wyda\u0142 wyrok"},"content":{"rendered":"<p>W poniedzia\u0142ek, 16 marca gitarzysta i modelka pojawili si\u0119 na drugiej rozprawie rozwodowej, kt\u00f3ra trwa\u0142a znacznie d\u0142u\u017cej, ni\u017c pierwotnie zak\u0142adano. Zamiast planowanych 30 minut, posiedzenie przeci\u0105gn\u0119\u0142o si\u0119 do niemal dw\u00f3ch godzin. Jak relacjonowa\u0142 serwis, wi\u0119kszo\u015b\u0107 tego czasu ma\u0142\u017conkowie sp\u0119dzili na korytarzu s\u0105du, gdzie rozmawiali ze sob\u0105 spokojnie, bez napi\u0119\u0107, kt\u00f3re towarzyszy\u0142y ich pierwszemu spotkaniu w s\u0105dzie.<\/p>\n<p>Po zako\u0144czeniu rozprawy <a href=\"https:\/\/kobieta.onet.pl\/sandra-kubicka\" id=\"de8aee93-6004-40f9-8574-69b047384011\" rel=\"nofollow noopener\" target=\"_blank\">Sandra Kubicka <\/a>zwr\u00f3ci\u0142a si\u0119 do dziennikarzy i fotoreporter\u00f3w. &#8222;Ju\u017c po wszystkim, jestem wolna&#8221; \u2014 powiedzia\u0142a. Dalszy ci\u0105g artyku\u0142u pod materia\u0142em wideo      Sandra Kubicka i Baron ju\u017c po rozwodziePodobne stanowisko zaj\u0105\u0142 <a href=\"https:\/\/kultura.onet.pl\/baron\" id=\"073c95bc-3d74-4ab0-a93e-2e43828f3309\" rel=\"nofollow noopener\" target=\"_blank\">Baron<\/a>, kt\u00f3ry wieczorem tego samego dnia zamie\u015bci\u0142 w mediach spo\u0142eczno\u015bciowych wpis sugeruj\u0105cy, \u017ce ich ma\u0142\u017ce\u0144stwo dobieg\u0142o ko\u0144ca. Wskazywa\u0142o to na to, \u017ce sprawa zosta\u0142a rozstrzygni\u0119ta na korzy\u015b\u0107 obojga. Wed\u0142ug relacji Barona poniedzia\u0142ek by\u0142 dla niego pocz\u0105tkiem nowego etapu w \u017cyciu.   <\/p>\n<p> Kiedy Sandra Kubicka i Baron wzi\u0119li \u015blub? <\/p>\n<p> Ile trwa\u0142a druga rozprawa rozwodowa? <\/p>\n<p> Czy Sandra Kubicka czu\u0142a si\u0119 szcz\u0119\u015bliwa po rozwodzie? <\/p>\n<p> Co Baron napisa\u0142 po zako\u0144czeniu rozprawy? <\/p>\n<blockquote class=\"ods-o-quote\">\n<p class=\"ods-o-quote__paragraph\">Dzi\u015b jest pierwszy dzie\u0144 reszty mojego \u017cycia<\/p>\n<\/blockquote>\n<p>\u2014 napisa\u0142.<\/p>\n<p>Redakcja Pudelka postanowi\u0142a zweryfikowa\u0107 informacje dotycz\u0105ce zako\u0144czenia sprawy rozwodowej. Jak uda\u0142o si\u0119 ustali\u0107 dziennikarzom, 16 marca s\u0105d wyda\u0142 orzeczenie ko\u0144cowe, co oznacza, \u017ce Sandra Kubicka i Aleksander Milwiw-Baron oficjalnie otrzymali rozw\u00f3d. Przedstawiciel s\u0105du przekaza\u0142, \u017ce &#8222;sprawa wczoraj zosta\u0142a zako\u0144czona, tj. og\u0142oszono wyrok&#8221;.<\/p>\n<p>Historia zwi\u0105zku Sandry Kubickiej i Aleksandra Milwiwa-BaronaSandra Kubicka i Aleksander Milwiw-Baron pobrali si\u0119 w kwietniu 2024 r. Nied\u0142ugo p\u00f3\u017aniej, bo ju\u017c miesi\u0105c po \u015blubie, na \u015bwiat przyszed\u0142 ich syn. Pocz\u0105tkowo para sprawia\u0142a wra\u017cenie szcz\u0119\u015bliwej i zgodnej, jednak <a href=\"https:\/\/plejada.pl\/newsy\/sandra-kubicka-i-baron-sie-rozwodza-nasza-rodzina-sie-rozbila\/c7kb7m5\" id=\"bb3ca957-a759-4067-94af-ccf799ce3fae\" rel=\"nofollow noopener\" target=\"_blank\">w marcu 2025 r. modelka poinformowa\u0142a, \u017ce z\u0142o\u017cy\u0142a pozew o rozw\u00f3d. <\/a>Wkr\u00f3tce potem wycofa\u0142a jednak dokumenty z s\u0105du, a ma\u0142\u017conkowie <a href=\"https:\/\/plejada.pl\/newsy\/to-moze-byc-koniec-milosci-sandry-kubickiej-i-barona-juz-wczesniej-chcieli-sie\/dzj52lv\" id=\"581b643b-5533-4d67-aea8-a3d0e2b52293\" rel=\"nofollow noopener\" target=\"_blank\">podj\u0119li pr\u00f3b\u0119 odbudowania relacji.<\/a> W tym czasie planowali powi\u0119kszenie rodziny, jednak <a href=\"https:\/\/www.onet.pl\/styl-zycia\/plejada\/sandra-kubicka-zabrala-glos-po-poronieniu-tak-mialo-byc\/h5qhv28,0898b825\" id=\"27db10df-8b73-4024-8d8c-7668de8a4d6a\" rel=\"nofollow noopener\" target=\"_blank\">we wrze\u015bniu ub.r. Sandra Kubicka poroni\u0142a.<\/a>     <\/p>\n<p>Kolejne miesi\u0105ce nie przynios\u0142y poprawy w ich zwi\u0105zku. Ostatecznie, w listopadzie do s\u0105du wp\u0142yn\u0105\u0142 kolejny pozew rozwodowy. Pierwsza rozprawa odby\u0142a si\u0119 w lutym 2026 r., a druga \u2014 zako\u0144czona wyrokiem \u2014 mia\u0142a miejsce w\u0142a\u015bnie teraz.<\/p>\n<p>Zobacz te\u017c:<\/p>\n","protected":false},"excerpt":{"rendered":"W poniedzia\u0142ek, 16 marca gitarzysta i modelka pojawili si\u0119 na drugiej rozprawie rozwodowej, kt\u00f3ra trwa\u0142a znacznie d\u0142u\u017cej, ni\u017c&hellip;\n","protected":false},"author":2,"featured_media":311535,"comment_status":"","ping_status":"","sticky":false,"template":"","format":"standard","meta":{"footnotes":"","_share_on_mastodon":"0"},"categories":[22],"tags":[2993,48872,1942,122,555,48,46,42,38,40,39,41,123,557,2992,47,5076],"class_list":["post-311534","post","type-post","status-publish","format-standard","has-post-thumbnail","category-rozrywka","tag-aleksander_milwiw_baron","tag-btts_tst1","tag-celebryci","tag-entertainment","tag-malzenstwo","tag-nat_styl","tag-omp","tag-pl","tag-poland","tag-polish","tag-polska","tag-polski","tag-rozrywka","tag-rozwod","tag-sandra_kubicka","tag-screening_general","tag-zwiazek"],"share_on_mastodon":{"url":"https:\/\/pubeurope.com\/@pl\/116247598445128143","error":""},"_links":{"self":[{"href":"https:\/\/www.europesays.com\/pl\/wp-json\/wp\/v2\/posts\/311534","targetHints":{"allow":["GET"]}}],"collection":[{"href":"https:\/\/www.europesays.com\/pl\/wp-json\/wp\/v2\/posts"}],"about":[{"href":"https:\/\/www.europesays.com\/pl\/wp-json\/wp\/v2\/types\/post"}],"author":[{"embeddable":true,"href":"https:\/\/www.europesays.com\/pl\/wp-json\/wp\/v2\/users\/2"}],"replies":[{"embeddable":true,"href":"https:\/\/www.europesays.com\/pl\/wp-json\/wp\/v2\/comments?post=311534"}],"version-history":[{"count":0,"href":"https:\/\/www.europesays.com\/pl\/wp-json\/wp\/v2\/posts\/311534\/revisions"}],"wp:featuredmedia":[{"embeddable":true,"href":"https:\/\/www.europesays.com\/pl\/wp-json\/wp\/v2\/media\/311535"}],"wp:attachment":[{"href":"https:\/\/www.europesays.com\/pl\/wp-json\/wp\/v2\/media?parent=311534"}],"wp:term":[{"taxonomy":"category","embeddable":true,"href":"https:\/\/www.europesays.com\/pl\/wp-json\/wp\/v2\/categories?post=311534"},{"taxonomy":"post_tag","embeddable":true,"href":"https:\/\/www.europesays.com\/pl\/wp-json\/wp\/v2\/tags?post=311534"}],"curies":[{"name":"wp","href":"https:\/\/api.w.org\/{rel}","templated":true}]}}