{"id":311841,"date":"2026-03-18T07:18:06","date_gmt":"2026-03-18T07:18:06","guid":{"rendered":"https:\/\/www.europesays.com\/pl\/311841\/"},"modified":"2026-03-18T07:18:06","modified_gmt":"2026-03-18T07:18:06","slug":"dramat-w-ustce-w-spalonym-kamperze-znalezli-cialo-onet","status":"publish","type":"post","link":"https:\/\/www.europesays.com\/pl\/311841\/","title":{"rendered":"Dramat w Ustce. W spalonym kamperze znale\u017ali cia\u0142o &#8211; Onet"},"content":{"rendered":"<ol>\n<li><a href=\"https:\/\/news.google.com\/rss\/articles\/CBMirAFBVV95cUxOSDNlZHlGNHpiZ3pGeXYwRlNXeVI3X182My1PT0gzQlNEQ1duT2NQcWZvZ2t6dXhXdWdqU2RvM21uMGtpV2pGd0RUS3piVmVKSE5hQTAwVWJZZVFuem16YkFQdU5pWGZ5V2tLNlJoRjFRV2RqQkN0RTBkczFFTVNqaTg3M0EybTBkR0NRaThzY0drSUdHQl80WlJ3Mk5ldkQ1VXdFSGpwQUhybVlL?oc=5\" target=\"_blank\" rel=\"nofollow noopener\">Dramat w Ustce. W spalonym kamperze znale\u017ali cia\u0142o<\/a>&nbsp;&nbsp;Onet<\/li>\n<li><a href=\"https:\/\/news.google.com\/rss\/articles\/CBMingFBVV95cUxPMjRBRzlEblRpOFdzVEN2UHJIT3Y0RHN6U0IzTk9jelhuWFQxOGVIRTlsTHdmWW94RmNBS3JMUHFpb3Y2RXRGbzNFc2J1NWdUR0Jpc2NCOEVrVVV4RHVlaF8yaXlpN1l2TW9NaWNWbXJQQm9HQzNiQS11UTN0MEdiaDBISUxMTnFiaW5KZW5nTEZ2b1p0bzZSU1ByVlNYQQ?oc=5\" target=\"_blank\" rel=\"nofollow noopener\">Po\u017car kampera w Ustce. W \u015brodku znale\u017ali cia\u0142o<\/a>&nbsp;&nbsp;TVN24<\/li>\n<li><a href=\"https:\/\/news.google.com\/rss\/articles\/CBMipgFBVV95cUxPWDUxS0xJZWZnS2xBODAzQ29iOWZ3NzYybkNrUmtOMGtRVzczOGdpR3ZSS2ZEVnRqZ0VJSFcwN1VINjQtOWdLamVYT3M5YkRyWGFfcmRycDB0M2Y2bE5XVWJNTzJudGtGUnc1dlBzUlREQlJrUUpKdkFRQmVIdmdTVlNETDBPMUMyWnVhemNRcjVpRndWZDhTRnpNVm9SSjZjRnl1cDFR?oc=5\" target=\"_blank\" rel=\"nofollow noopener\">Makabryczne odkrycie w kamperze. \u015awiadkowie m\u00f3wi\u0105 o eksplozji<\/a>&nbsp;&nbsp;WP Wiadomo\u015bci<\/li>\n<li><a href=\"https:\/\/news.google.com\/rss\/articles\/CBMilgFBVV95cUxOcUJ6cHlTT2pfb3JEQTZJYWgtRUdoYzk5NkpfRnpNdm9GaWdMT0p4MmM4S0RrclNJQVBpSHozcEhpWnRkanh2ZDRvTzZudU9rNzN2VVJqSEdLUnpiU3JzWWdIeFlpdldCNnB1Uk84WFdsWjN3b09BZXBmLUplamtSVDRZUm9OMmJlTmZ1QlRtWi0yR0JxYkE?oc=5\" target=\"_blank\" rel=\"nofollow noopener\">Po\u017car kampera na Pomorzu. Zgin\u0119\u0142a jedna osoba<\/a>&nbsp;&nbsp;o2<\/li>\n<li><a href=\"https:\/\/news.google.com\/rss\/articles\/CBMiwAFBVV95cUxNYzhlbTF4ZkJ1NzBkVElqX2FScktPSEZlZTQ1M2Y1ODZjUWNyMkJzZEhTRTVXM1h4cnhhcG1EaFUzYV85YzNOdWc5dFdVbnZacTBhVkk2N205anFJTlo3V1F0T1J1bHJ5QVpaZmVxajJ2Zm12R1RCYjM4R3hqV0pfRS1HVzJHSmVUenhPZ2NWdTRPQzV3dXVzUU8tN1pBU3A0YnpKVGNIbzAxQkU2V1V6eURkamdvU2RhSlByVDNxWHc?oc=5\" target=\"_blank\" rel=\"nofollow noopener\">Kamper turystyczny sp\u0142on\u0105\u0142 w Ustce. Znaleziono cia\u0142o kobiety<\/a>&nbsp;&nbsp;Fakt<\/li>\n<\/ol>\n","protected":false},"excerpt":{"rendered":"Dramat w Ustce. W spalonym kamperze znale\u017ali cia\u0142o&nbsp;&nbsp;Onet Po\u017car kampera w Ustce. W \u015brodku znale\u017ali cia\u0142o&nbsp;&nbsp;TVN24 Makabryczne odkrycie&hellip;\n","protected":false},"author":2,"featured_media":311842,"comment_status":"","ping_status":"","sticky":false,"template":"","format":"standard","meta":{"footnotes":"","_share_on_mastodon":"0"},"categories":[12],"tags":[32,33,36,37,27,9717,34,35,28,31,53,25,52,68,51,55,42,38,40,39,41,4686,47,49962,5425,29,30,65,37438,50,26],"class_list":["post-311841","post","type-post","status-publish","format-standard","has-post-thumbnail","category-polska","tag-breaking-news","tag-breakingnews","tag-featured-news","tag-featurednews","tag-headlines","tag-kamper","tag-latest-news","tag-latestnews","tag-naglowki","tag-najwazniejsze-artykuly","tag-new_header","tag-news","tag-onet3","tag-onet3d","tag-onet3d_2i","tag-phx","tag-pl","tag-poland","tag-polish","tag-polska","tag-polski","tag-pozar_pozary","tag-screening_general","tag-sg_cleanup_sem_tst1","tag-straz_pozarna_strazak_strazacy_osp_psp","tag-top-stories","tag-topstories","tag-update_me","tag-ustka_miasto","tag-v2021","tag-wiadomosci"],"share_on_mastodon":{"url":"https:\/\/pubeurope.com\/@pl\/116248962839037248","error":""},"_links":{"self":[{"href":"https:\/\/www.europesays.com\/pl\/wp-json\/wp\/v2\/posts\/311841","targetHints":{"allow":["GET"]}}],"collection":[{"href":"https:\/\/www.europesays.com\/pl\/wp-json\/wp\/v2\/posts"}],"about":[{"href":"https:\/\/www.europesays.com\/pl\/wp-json\/wp\/v2\/types\/post"}],"author":[{"embeddable":true,"href":"https:\/\/www.europesays.com\/pl\/wp-json\/wp\/v2\/users\/2"}],"replies":[{"embeddable":true,"href":"https:\/\/www.europesays.com\/pl\/wp-json\/wp\/v2\/comments?post=311841"}],"version-history":[{"count":0,"href":"https:\/\/www.europesays.com\/pl\/wp-json\/wp\/v2\/posts\/311841\/revisions"}],"wp:featuredmedia":[{"embeddable":true,"href":"https:\/\/www.europesays.com\/pl\/wp-json\/wp\/v2\/media\/311842"}],"wp:attachment":[{"href":"https:\/\/www.europesays.com\/pl\/wp-json\/wp\/v2\/media?parent=311841"}],"wp:term":[{"taxonomy":"category","embeddable":true,"href":"https:\/\/www.europesays.com\/pl\/wp-json\/wp\/v2\/categories?post=311841"},{"taxonomy":"post_tag","embeddable":true,"href":"https:\/\/www.europesays.com\/pl\/wp-json\/wp\/v2\/tags?post=311841"}],"curies":[{"name":"wp","href":"https:\/\/api.w.org\/{rel}","templated":true}]}}