{"id":312021,"date":"2026-03-18T08:57:12","date_gmt":"2026-03-18T08:57:12","guid":{"rendered":"https:\/\/www.europesays.com\/pl\/312021\/"},"modified":"2026-03-18T08:57:12","modified_gmt":"2026-03-18T08:57:12","slug":"precedensowy-wniosek-poslow-pis-chaos-wokol-trybunalu-konstytucyjnego-analiza","status":"publish","type":"post","link":"https:\/\/www.europesays.com\/pl\/312021\/","title":{"rendered":"Precedensowy wniosek pos\u0142\u00f3w PiS. Chaos wok\u00f3\u0142 Trybuna\u0142u Konstytucyjnego [ANALIZA]"},"content":{"rendered":"<p class=\"Paragraph_desktopParagraph__U31Gm\">Pos\u0142owie PiS z\u0142o\u017cyli do TK wniosek, aby ten stwierdzi\u0142, \u017ce wyb\u00f3r s\u0119dzi\u00f3w na obecnych zasadach by\u0142 niezgodny z konstytucj\u0105. Tym samym chcieli, aby Trybuna\u0142 Konstytucyjny dokona\u0142 rzeczy w prawie niemo\u017cliwej, czyli orzek\u0142, \u017ce wydarzenia z przesz\u0142o\u015bci by\u0142y niewa\u017cne.<\/p>\n<p class=\"Paragraph_desktopParagraph__U31Gm\">Tyle \u017ce prawo nigdy nie dzia\u0142a wstecz, a art. 190 ust. 3 konstytucji m\u00f3wi, \u017ce wyroki trybuna\u0142u wchodz\u0105 w \u017cycie z dniem publikacji, chyba \u017ce sam TK okre\u015bli inny termin, w jakim zaczynaj\u0105 obowi\u0105zywa\u0107.<\/p>\n<p class=\"Paragraph_desktopParagraph__U31Gm\">We wtorek jednak Trybuna\u0142<a href=\"https:\/\/wiadomosci.onet.pl\/kraj\/burza-wokol-tk-co-zrobi-prezydent-szef-kancelarii-wyjasnia\/x7zsp7b\" id=\"c7063720-bd28-4d7a-af54-4716114b446b\" rel=\"nofollow noopener\" target=\"_blank\"> bezterminowo odroczy\u0142 rozpraw\u0119 dotycz\u0105c\u0105 wniosku pos\u0142\u00f3w PiS<\/a>, bo chce, \u017ceby stanowisko zaj\u0105\u0142 prezydent Karol Nawrocki.<\/p>\n<p class=\"VideoPlayerText_videoPlayerText__iDwyz\">Dalszy ci\u0105g materia\u0142u pod wideo<\/p>\n<p>Konstytucjonalista o wniosku pos\u0142\u00f3w PiS: to si\u0119 k\u0142\u00f3ci nie tylko z zasad\u0105 prawa, ale ze zwyk\u0142\u0105 logik\u0105 <\/p>\n<p class=\"Paragraph_desktopParagraph__U31Gm\">\u2014 W tej sprawie snuto rozwa\u017cania w nauce prawa i prezentowano r\u00f3\u017cne stanowiska. Jednak kluczowe jest to, \u017ce do tej pory w orzecznictwie TK rozumiano art. 190 ust. 3 konstytucji jako stwarzaj\u0105cy mo\u017cliwo\u015b\u0107 okre\u015blenia terminu wej\u015bcia w \u017cycie wyroku trybuna\u0142u wy\u0142\u0105cznie na przysz\u0142o\u015b\u0107, a nie z moc\u0105 wsteczn\u0105 \u2014 m\u00f3wi Onetowi dr Maciej Pach, konstytucjonalista z Pozna\u0144skiego Centrum Praw Cz\u0142owieka Instytutu Nauk Prawnych Polskiej Akademii Nauk.<\/p>\n<p class=\"Paragraph_desktopParagraph__U31Gm\">\u2014 Te przepisy dotycz\u0105ce sposobu wyboru s\u0119dzi\u00f3w TK obowi\u0105zywa\u0142y i nadal obowi\u0105zuj\u0105, dokonywano na ich podstawie okre\u015blonych dzia\u0142a\u0144, nie mo\u017cna przyjmowa\u0107 za\u0142o\u017cenia, \u017ce da si\u0119 je w przesz\u0142o\u015bci anulowa\u0107. To si\u0119 k\u0142\u00f3ci nie tylko z zasad\u0105 prawa, ale ze zwyk\u0142\u0105 logik\u0105 \u2014 zaznacza.<\/p>\n<p class=\"Paragraph_desktopParagraph__U31Gm\">\u2014 Z przykro\u015bci\u0105 musz\u0119 stwierdzi\u0107, \u017ce obecny, upolityczniony TK zrobi\u0107 mo\u017ce absolutnie wszystko, czego za\u017cycz\u0105 sobie politycy PiS. Ju\u017c chyba nic nie jest w stanie mnie zaskoczy\u0107 \u2014 kwituje ekspert.<\/p>\n<p>Co dalej z Trybuna\u0142em Konstytucyjnym? <\/p>\n<p class=\"Paragraph_desktopParagraph__U31Gm\">Jak sw\u00f3j wniosek argumentowali pos\u0142owie Prawa i Sprawiedliwo\u015bci?<\/p>\n<p class=\"Paragraph_desktopParagraph__U31Gm\">\u2014 Zasad\u0105 jest, \u017ce trybuna\u0142 orzeka na przysz\u0142o\u015b\u0107, z moc\u0105 ex nunc [od teraz]. Tymczasem, maj\u0105c \u015bwiadomo\u015b\u0107 reali\u00f3w, w kt\u00f3rych si\u0119 obecnie znajdujemy i tych wadliwo\u015bci proceduralnych, kt\u00f3re mia\u0142y miejsce przed Sejmem w ostatnim czasie w zakresie wyboru sze\u015bciu os\u00f3b na stanowiska s\u0119dzi\u00f3w Trybuna\u0142u Konstytucyjnego, wnosimy do wysokiego Trybuna\u0142u o to, \u017ceby uzna\u0107, \u017ce przepisy (&#8230;) s\u0105 niezgodne z konstytucj\u0105 i trac\u0105 moc w dniu poprzedzaj\u0105cym wyb\u00f3r s\u0119dzi\u00f3w TK w 2026 r. na ich podstawie \u2014 m\u00f3wi\u0142 pose\u0142 Marcin Warcho\u0142.<\/p>\n<p class=\"Paragraph_desktopParagraph__U31Gm\">W obsadzonym wy\u0142\u0105cznie przez nominat\u00f3w PiS Trybunale Konstytucyjnym jest obecnie sze\u015b\u0107 wakat\u00f3w. Sejm w miniony pi\u0105tek wybra\u0142 sze\u015bcioro nowych s\u0119dzi\u00f3w, jednak<a href=\"https:\/\/wiadomosci.onet.pl\/tylko-w-onecie\/trybunal-konstytucyjny-na-nowo-bez-szans-godzilla-ich-do-budynku-nie-wpusci\/w3rf5qj\" id=\"be9061c1-a283-4038-a52d-dd4668156dc7\" rel=\"nofollow noopener\" target=\"_blank\"> otwartym pozostaje pytanie, czy prezydent odbierze od nich przyrzeczenie<\/a>.<\/p>\n<p class=\"Paragraph_desktopParagraph__U31Gm\">Je\u015bli nie, w TK trwa\u0107 b\u0119dzie pat.<\/p>\n","protected":false},"excerpt":{"rendered":"Pos\u0142owie PiS z\u0142o\u017cyli do TK wniosek, aby ten stwierdzi\u0142, \u017ce wyb\u00f3r s\u0119dzi\u00f3w na obecnych zasadach by\u0142 niezgodny z&hellip;\n","protected":false},"author":2,"featured_media":312022,"comment_status":"","ping_status":"","sticky":false,"template":"","format":"standard","meta":{"footnotes":"","_share_on_mastodon":"0"},"categories":[5],"tags":[32,33,36,37,66,27,67,240,6332,34,35,44196,28,31,53,25,52,68,51,55,42,38,40,39,41,984,47,49895,29,30,4057,50,26],"class_list":["post-312021","post","type-post","status-publish","format-standard","has-post-thumbnail","category-naglowki","tag-breaking-news","tag-breakingnews","tag-featured-news","tag-featurednews","tag-give_me_perspective","tag-headlines","tag-intextvideo_splayer","tag-karol_nawrocki_prezydent","tag-konstytucja","tag-latest-news","tag-latestnews","tag-marcin_warchol","tag-naglowki","tag-najwazniejsze-artykuly","tag-new_header","tag-news","tag-onet3","tag-onet3d","tag-onet3d_2i","tag-phx","tag-pl","tag-poland","tag-polish","tag-polska","tag-polski","tag-prawo_sady_sedziowie_sedzia_sad_sadownictwo_prawnik_prawnicy_prawniczka","tag-screening_general","tag-sg_cleanup_sem_tst3","tag-top-stories","tag-topstories","tag-trybunal_konstytucyjny","tag-v2021","tag-wiadomosci"],"share_on_mastodon":{"url":"","error":"Validation failed: Text character limit of 500 exceeded"},"_links":{"self":[{"href":"https:\/\/www.europesays.com\/pl\/wp-json\/wp\/v2\/posts\/312021","targetHints":{"allow":["GET"]}}],"collection":[{"href":"https:\/\/www.europesays.com\/pl\/wp-json\/wp\/v2\/posts"}],"about":[{"href":"https:\/\/www.europesays.com\/pl\/wp-json\/wp\/v2\/types\/post"}],"author":[{"embeddable":true,"href":"https:\/\/www.europesays.com\/pl\/wp-json\/wp\/v2\/users\/2"}],"replies":[{"embeddable":true,"href":"https:\/\/www.europesays.com\/pl\/wp-json\/wp\/v2\/comments?post=312021"}],"version-history":[{"count":0,"href":"https:\/\/www.europesays.com\/pl\/wp-json\/wp\/v2\/posts\/312021\/revisions"}],"wp:featuredmedia":[{"embeddable":true,"href":"https:\/\/www.europesays.com\/pl\/wp-json\/wp\/v2\/media\/312022"}],"wp:attachment":[{"href":"https:\/\/www.europesays.com\/pl\/wp-json\/wp\/v2\/media?parent=312021"}],"wp:term":[{"taxonomy":"category","embeddable":true,"href":"https:\/\/www.europesays.com\/pl\/wp-json\/wp\/v2\/categories?post=312021"},{"taxonomy":"post_tag","embeddable":true,"href":"https:\/\/www.europesays.com\/pl\/wp-json\/wp\/v2\/tags?post=312021"}],"curies":[{"name":"wp","href":"https:\/\/api.w.org\/{rel}","templated":true}]}}