{"id":31207,"date":"2025-10-04T11:10:08","date_gmt":"2025-10-04T11:10:08","guid":{"rendered":"https:\/\/www.europesays.com\/pl\/31207\/"},"modified":"2025-10-04T11:10:08","modified_gmt":"2025-10-04T11:10:08","slug":"nowa-odslona-raspberry-pi-os-juz-dostepna-odswiezony-wyglad-nowe-centrum-zarzadzania-i-bardziej-modularny-system","status":"publish","type":"post","link":"https:\/\/www.europesays.com\/pl\/31207\/","title":{"rendered":"Nowa ods\u0142ona Raspberry Pi OS ju\u017c dost\u0119pna. Od\u015bwie\u017cony wygl\u0105d, nowe Centrum Zarz\u0105dzania i bardziej modularny system"},"content":{"rendered":"<p><img decoding=\"async\" class=\"teaserfoto\" src=\"https:\/\/www.europesays.com\/pl\/wp-content\/uploads\/2025\/10\/48464.png\" alt=\"Nowa ods\u0142ona Raspberry Pi OS ju\u017c dost\u0119pna. Od\u015bwie\u017cony wygl\u0105d, nowe Centrum Zarz\u0105dzania i bardziej modularny system\"\/>Od jakiego\u015b czasu dost\u0119pny jest Debian 13, kt\u00f3rego nazwa kodowa to Trixie. Jako \u017ce na tej dystrybucji bazuj\u0105cej na j\u0105drze Linux opiera si\u0119 wiele innych, to s\u0105 one aktualizowane, aby korzysta\u0142y w\u0142a\u015bnie z tej nowej wersji. Tak sta\u0142o si\u0119 z oficjalnym systemem dla komputer\u00f3w jednop\u0142ytkowych Raspberry Pi. Tw\u00f3rcy przedstawili list\u0119 zmian, kt\u00f3re zwi\u0105zane s\u0105 nie tylko z samym wygl\u0105dem, ale i funkcjonalno\u015bci\u0105 tej dystrybucji. Zobaczmy wi\u0119c dok\u0142adniej, co si\u0119 zmieni\u0142o.<\/p>\n<p>Raspberry Pi OS, czyli system dla komputer\u00f3w jednop\u0142ytkowych o tytu\u0142owej nazwie, w\u0142a\u015bnie doczeka\u0142 si\u0119 aktualizacji. Od teraz opiera si\u0119 na dystrybucji Debian 13. Za od\u015bwie\u017conym wygl\u0105dem pod\u0105\u017caj\u0105 zmiany w funkcjonalno\u015bci.<\/p>\n<p><a class=\"colorbox\" href=\"https:\/\/www.purepc.pl\/image\/news\/2025\/10\/03_nowa_odslona_raspberry_pi_os_juz_dostepna_odswiezony_wyglad_nowe_centrum_zarzadzania_i_bardziej_modularny_system_1_b.jpg\" rel=\"nofollow noopener\" target=\"_blank\"><img decoding=\"async\" src=\"https:\/\/www.europesays.com\/pl\/wp-content\/uploads\/2025\/10\/03_nowa_odslona_raspberry_pi_os_juz_dostepna_odswiezony_wyglad_nowe_centrum_zarzadzania_i_bardziej_m.jpeg\" alt=\"Nowa ods\u0142ona Raspberry Pi OS ju\u017c dost\u0119pna. Od\u015bwie\u017cony wygl\u0105d, nowe Centrum Zarz\u0105dzania i bardziej modularny system [1]\"\/><\/a><\/p>\n<p><a title=\"Raspberry Pi 500+ przynosi klawiatur\u0119 mechaniczn\u0105 i wsparcie dla SSD. Nowy zestaw komputerowy ju\u017c dost\u0119pny do kupienia\" href=\"https:\/\/www.purepc.pl\/raspberry-pi-500-przynosi-klawiature-mechaniczna-i-wsparcie-dla-ssd-nowy-zestaw-komputerowy-juz-dostepny-do-kupienia\" rel=\"nofollow noopener\" target=\"_blank\">Raspberry Pi 500+ przynosi klawiatur\u0119 mechaniczn\u0105 i wsparcie dla SSD. Nowy zestaw komputerowy ju\u017c dost\u0119pny do kupienia<\/a><\/p>\n<p>Dystrybucja <a href=\"https:\/\/www.purepc.pl\/tagi\/raspberry-pi\" rel=\"nofollow noopener\" target=\"_blank\">Raspberry Pi<\/a> OS otrzyma\u0142a motyw, w sk\u0142ad kt\u00f3rego wchodzi pakiet nowych ikon i tapet, a domy\u015bln\u0105 czcionk\u0119 Piboto zast\u0105piono Nunito Sans Light. Przy okazji wprowadzono inne zmiany, kt\u00f3re tak\u017ce wp\u0142ywaj\u0105 na wygl\u0105d interfejs. Ponadto spotkamy si\u0119 z Centrum Zarz\u0105dzania (ang. Control Centre), kt\u00f3re \u0142\u0105czy w sobie dotychczasowe ustawienia z r\u00f3\u017cnych miejsc (Raspberry Pi Configuration, Appearance Settings, Mouse and Keyboard Settings, Screen Configuration, Printer). Do tego mo\u017cna je rozbudowywa\u0107 poprzez pluginy, co b\u0119d\u0105 wykorzystywa\u0107 w przysz\u0142o\u015bci sami tw\u00f3rcy, dodaj\u0105c nowe opcje, aczkolwiek u\u017cytkownicy tak\u017ce mog\u0105 je tworzy\u0107\u00a0(instrukcj\u0119, a przy tym kod \u017ar\u00f3d\u0142owy omawianej aplikacji znajdziemy <a href=\"https:\/\/github.com\/raspberrypi-ui\/rpcc\" rel=\"nofollow noopener\" target=\"_blank\">TUTAJ<\/a>).<\/p>\n<p class=\"center\"><a class=\"colorbox\" href=\"https:\/\/www.purepc.pl\/image\/news\/2025\/10\/03_nowa_odslona_raspberry_pi_os_juz_dostepna_odswiezony_wyglad_nowe_centrum_zarzadzania_i_bardziej_modularny_system_0_b.png\" rel=\"nofollow noopener\" target=\"_blank\"><img decoding=\"async\" src=\"https:\/\/www.europesays.com\/pl\/wp-content\/uploads\/2025\/10\/03_nowa_odslona_raspberry_pi_os_juz_dostepna_odswiezony_wyglad_nowe_centrum_zarzadzania_i_bardziej_m.png\" alt=\"Nowa ods\u0142ona Raspberry Pi OS ju\u017c dost\u0119pna. Od\u015bwie\u017cony wygl\u0105d, nowe Centrum Zarz\u0105dzania i bardziej modularny system [2]\"\/><\/a><br \/>Od\u015bwie\u017cony wygl\u0105d ka\u017cdy powinien zauwa\u017cy\u0107 od razu<\/p>\n<p class=\"center\"><a class=\"colorbox\" href=\"https:\/\/www.purepc.pl\/image\/news\/2025\/10\/03_nowa_odslona_raspberry_pi_os_juz_dostepna_odswiezony_wyglad_nowe_centrum_zarzadzania_i_bardziej_modularny_system_2_b.png\" rel=\"nofollow noopener\" target=\"_blank\"><img decoding=\"async\" src=\"https:\/\/www.europesays.com\/pl\/wp-content\/uploads\/2025\/10\/1759576208_822_03_nowa_odslona_raspberry_pi_os_juz_dostepna_odswiezony_wyglad_nowe_centrum_zarzadzania_i_bardziej_m.png\" alt=\"Nowa ods\u0142ona Raspberry Pi OS ju\u017c dost\u0119pna. Od\u015bwie\u017cony wygl\u0105d, nowe Centrum Zarz\u0105dzania i bardziej modularny system [3]\"\/><\/a><br \/>Nowe Centrum Zarz\u0105dzania<\/p>\n<p><a title=\"Raspberry Pi 5 - od\u015bwie\u017cona edycja z 16 GB RAM ju\u017c dost\u0119pna do kupienia. Wi\u0119ksze mo\u017cliwo\u015bci w do\u015b\u0107 wysokiej cenie\" href=\"https:\/\/www.purepc.pl\/raspberry-pi-5-odswiezona-edycja-z-16-gb-ram-juz-dostepna-do-kupienia-wieksze-mozliwosci-w-dosc-wysokiej-cenie\" rel=\"nofollow noopener\" target=\"_blank\">Raspberry Pi 5 &#8211; od\u015bwie\u017cona edycja z 16 GB RAM ju\u017c dost\u0119pna do kupienia. Wi\u0119ksze mo\u017cliwo\u015bci w do\u015b\u0107 wysokiej cenie<\/a><\/p>\n<p>Ma\u0142ej zmiany doczeka\u0142a si\u0119 te\u017c aplikacja Bookshelf, kt\u00f3ra stanowi wirtualn\u0105 p\u00f3\u0142k\u0119 na oficjalne materia\u0142y od Raspberry Pi. Osoby subskrybuj\u0105ce magazyn Raspberry Pi otrzymuj\u0105 nowe wydanie na kilka miesi\u0119cy przed publiczn\u0105 dost\u0119pno\u015bci\u0105 za darmo. Od teraz te nowsze publikacje b\u0119d\u0105 mia\u0142y na sobie k\u0142\u00f3dk\u0119, przez kt\u00f3r\u0105 b\u0119d\u0105 mogli przej\u015b\u0107 wspomniani abonenci (naciskaj\u0105c przycisk Contribute), a dla innych stanowi\u0107 to b\u0119dzie okazj\u0119 do wykupienia subskrypcji lub informacj\u0119, \u017ce jest to nowszy materia\u0142. W ci\u0105gu kilku nast\u0119pnych dni na blogu ma si\u0119 pojawi\u0107 wpis, kt\u00f3ry b\u0119dzie dok\u0142adniej omawia\u0142 ten temat.<\/p>\n<p class=\"center\"><a class=\"colorbox\" href=\"https:\/\/www.purepc.pl\/image\/news\/2025\/10\/03_nowa_odslona_raspberry_pi_os_juz_dostepna_odswiezony_wyglad_nowe_centrum_zarzadzania_i_bardziej_modularny_system_3_b.jpg\" rel=\"nofollow noopener\" target=\"_blank\"><img decoding=\"async\" src=\"https:\/\/www.europesays.com\/pl\/wp-content\/uploads\/2025\/10\/1759576208_209_03_nowa_odslona_raspberry_pi_os_juz_dostepna_odswiezony_wyglad_nowe_centrum_zarzadzania_i_bardziej_m.jpeg\" alt=\"Nowa ods\u0142ona Raspberry Pi OS ju\u017c dost\u0119pna. Od\u015bwie\u017cony wygl\u0105d, nowe Centrum Zarz\u0105dzania i bardziej modularny system [4]\"\/><\/a><\/p>\n<p>Wa\u017cniejsza zmiana dotyczy samego obrazu systemu, kt\u00f3ry ma by\u0107 bardziej modularny, dzi\u0119ki czemu \u0142atwiej b\u0119dzie mo\u017cna tworzy\u0107 jego zmodyfikowane wersje. Je\u015bli zdecydujemy si\u0119 na edycj\u0119 Lite, to b\u0119dziemy mogli doinstalowa\u0107 r\u00f3\u017cne pakiety. Natomiast je\u017celi wybierzemy pe\u0142n\u0105 ods\u0142on\u0119, to bez wi\u0119kszego problemu b\u0119dziemy w stanie usun\u0105\u0107 poszczeg\u00f3lne z nich. Tw\u00f3rcy nie zalecaj\u0105 bezpo\u015bredniej aktualizacji z poprzedniej ods\u0142ony, kt\u00f3ra oparta jest na Debianie 12 (Bookworm). Najlepiej zainstalowa\u0107 czyst\u0105 kopi\u0119 na no\u015bniku z u\u017cyciem oficjalnego narz\u0119dzia Raspberry Pi Imager lub pobra\u0107 obraz systemu. Pe\u0142ny wpis mo\u017cemy znale\u017a\u0107 <a href=\"https:\/\/www.raspberrypi.com\/news\/trixie-the-new-version-of-raspberry-pi-os\/\" rel=\"nofollow noopener\" target=\"_blank\">POD TYM ADRESEM<\/a> &#8211; tam te\u017c zawarto wi\u0119cej informacji na temat &#8222;modularno\u015bci systemu&#8221;, a tak\u017ce jego \u0142atwiejszej instalacji na Raspberry Pi 5, 500 oraz 500+ (maj\u0105 one bowiem wbudowane narz\u0119dze Raspberry Pi Imager w program rozruchowy, czyli tzw. bootloader).<\/p>\n<p class=\"right\">\u0179r\u00f3d\u0142a: Raspberry Pi, 9to5Linux, TechPowerUp, Grafika mobilna: Zach Inglis (edytowana)<\/p>\n","protected":false},"excerpt":{"rendered":"Od jakiego\u015b czasu dost\u0119pny jest Debian 13, kt\u00f3rego nazwa kodowa to Trixie. Jako \u017ce na tej dystrybucji bazuj\u0105cej&hellip;\n","protected":false},"author":2,"featured_media":31208,"comment_status":"","ping_status":"","sticky":false,"template":"","format":"standard","meta":{"footnotes":"","_share_on_mastodon":"0"},"categories":[20],"tags":[9224,2346,6210,1973,120,118,119,42,9225,38,40,39,41,6212,6215,6216,116,114,115,2085,4145,121,117],"class_list":["post-31207","post","type-post","status-publish","format-standard","has-post-thumbnail","category-nauka-i-technika","tag-debian","tag-dystrybucja","tag-komputer-jednoplytkowy","tag-linux","tag-nauka","tag-nauka-i-technika","tag-naukatechnika","tag-pl","tag-plugin","tag-poland","tag-polish","tag-polska","tag-polski","tag-raspberry-pi","tag-raspberry-pi-os","tag-sbc","tag-science","tag-science-and-technology","tag-sciencetechnology","tag-system","tag-system-operacyjny","tag-technika","tag-technology"],"share_on_mastodon":{"url":"","error":""},"_links":{"self":[{"href":"https:\/\/www.europesays.com\/pl\/wp-json\/wp\/v2\/posts\/31207","targetHints":{"allow":["GET"]}}],"collection":[{"href":"https:\/\/www.europesays.com\/pl\/wp-json\/wp\/v2\/posts"}],"about":[{"href":"https:\/\/www.europesays.com\/pl\/wp-json\/wp\/v2\/types\/post"}],"author":[{"embeddable":true,"href":"https:\/\/www.europesays.com\/pl\/wp-json\/wp\/v2\/users\/2"}],"replies":[{"embeddable":true,"href":"https:\/\/www.europesays.com\/pl\/wp-json\/wp\/v2\/comments?post=31207"}],"version-history":[{"count":0,"href":"https:\/\/www.europesays.com\/pl\/wp-json\/wp\/v2\/posts\/31207\/revisions"}],"wp:featuredmedia":[{"embeddable":true,"href":"https:\/\/www.europesays.com\/pl\/wp-json\/wp\/v2\/media\/31208"}],"wp:attachment":[{"href":"https:\/\/www.europesays.com\/pl\/wp-json\/wp\/v2\/media?parent=31207"}],"wp:term":[{"taxonomy":"category","embeddable":true,"href":"https:\/\/www.europesays.com\/pl\/wp-json\/wp\/v2\/categories?post=31207"},{"taxonomy":"post_tag","embeddable":true,"href":"https:\/\/www.europesays.com\/pl\/wp-json\/wp\/v2\/tags?post=31207"}],"curies":[{"name":"wp","href":"https:\/\/api.w.org\/{rel}","templated":true}]}}