{"id":312574,"date":"2026-03-18T14:04:08","date_gmt":"2026-03-18T14:04:08","guid":{"rendered":"https:\/\/www.europesays.com\/pl\/312574\/"},"modified":"2026-03-18T14:04:08","modified_gmt":"2026-03-18T14:04:08","slug":"takich-alertow-nie-bylo-od-miesiacy-imgw-wydaje-podwojne-zolte-ostrzezenia-onet","status":"publish","type":"post","link":"https:\/\/www.europesays.com\/pl\/312574\/","title":{"rendered":"Takich alert\u00f3w nie by\u0142o od miesi\u0105cy. IMGW wydaje podw\u00f3jne \u017c\u00f3\u0142te ostrze\u017cenia &#8211; Onet"},"content":{"rendered":"<ol>\n<li><a href=\"https:\/\/news.google.com\/rss\/articles\/CBMi0wFBVV95cUxQajZXTVBvbERTRnU2b2pCcmE0SXZGSTAyMVZpVVhqV2NWUUt6VGtIZU9nME96WnlHdDVJbV90cEctLXJNTjdVNHJlSnNUM3FrVkVTVXhMU3hhUkZMXzRIRlZ2UUxtaFllM1k0T3FROEFPRTB6dFpwYnEyTlNsbXd6Y1NQQWwzdGJnZGtjeG12MnVBLTFuUjA1V0ZydXFGeG5wWFNCdFVQNGdLaUNtVm5IaGc2MDJzbUhzRlVHOHBEdTU1dzB2WFo2RUxYMWNxZUFGa1c4?oc=5\" target=\"_blank\" rel=\"nofollow noopener\">Takich alert\u00f3w nie by\u0142o od miesi\u0105cy. IMGW wydaje podw\u00f3jne \u017c\u00f3\u0142te ostrze\u017cenia<\/a>&nbsp;&nbsp;Onet<\/li>\n<li><a href=\"https:\/\/news.google.com\/rss\/articles\/CBMigAFBVV95cUxObzhRazBpU0NLel9pQ2xzenhMU3hMUzFiOHFfeUhZMW02UUo3Rjc4cWVkeG9NcVl2N3pMTkxjSURiUmdXZXdVY3dld3pzZm52YlkwOWtKTWVHVU9IS3VSbWtZQ1FFSVMxNzg4eEFsX3ZnUW5FSmJpcTNjdGxwZnZicw?oc=5\" target=\"_blank\" rel=\"nofollow noopener\">Uwaga na przymrozki!<\/a>&nbsp;&nbsp;Magiczny Krak\u00f3w<\/li>\n<li><a href=\"https:\/\/news.google.com\/rss\/articles\/CBMirAFBVV95cUxPMjNsSGd0d25HUkt3eko1YlExTzA0ai1NV1NfV0tsUDE2NWFUdm5kUk40bVJxMXpIeElscllwX2lJa01makY4ZUVSMGdUYy1ndU9WeFFFU3R3NWFqTURwSWlETUVxNjN1NFlKWGh4by14M00wREhoWlNERGMxOVdnUXY4OEYzNFh2aFJ0bmszUFBXQllyQ3BZbUo5SW14NlVpamJBbTBmRHJXWU5x?oc=5\" target=\"_blank\" rel=\"nofollow noopener\">Ostrze\u017cenie przed przymrozkami &#8211; 18-19 marca 2026 r.<\/a>&nbsp;&nbsp;Urz\u0105d Miasta \u017bory<\/li>\n<li><a href=\"https:\/\/news.google.com\/rss\/articles\/CBMijwFBVV95cUxOSTFVV0lWcl9qODVoT0Z0TzZaV3lLUEwzS1BVb193NlRranF4YUVqdlM2Rks0N2E2aHhwTjhtVDJMVUtCNlQwUUR1TU5LNDhBSGo4WXo4X0VhOUpDaXBreXFiM2F4dVU3MkFmcjNTLU5iY213ZGEwM1JwU1ZreWU4TDVURXZ4c3V5VWZKbkVLMA?oc=5\" target=\"_blank\" rel=\"nofollow noopener\">Wracaj\u0105 przymrozki. S\u0105 ostrze\u017cenia dla ca\u0142ej Opolszczyzny<\/a>&nbsp;&nbsp;TVP Opole<\/li>\n<li><a href=\"https:\/\/news.google.com\/rss\/articles\/CBMijwFBVV95cUxQNXMtZXZhbUN5ZDNDWVZlRHZMUmpYLWNVZjVwTTE5NjlLWEYwRy1uUnpLbkQyYXpGaGxQTlUzc3B6YURkUmNpZnBLUWx2ckN2bFBNMGZpeUxTLVBmUzVZdm1lb2RCa1F1N1A4MTFaUnBreXZMMDJNbk5nakRTQlg5NWJLdmxKV01TOV81a3hrNA?oc=5\" target=\"_blank\" rel=\"nofollow noopener\">Pierwsze przymrozki na horyzoncie \u2013 jest si\u0119 czego ba\u0107?<\/a>&nbsp;&nbsp;SAD24<\/li>\n<\/ol>\n","protected":false},"excerpt":{"rendered":"Takich alert\u00f3w nie by\u0142o od miesi\u0105cy. IMGW wydaje podw\u00f3jne \u017c\u00f3\u0142te ostrze\u017cenia&nbsp;&nbsp;Onet Uwaga na przymrozki!&nbsp;&nbsp;Magiczny Krak\u00f3w Ostrze\u017cenie przed przymrozkami&hellip;\n","protected":false},"author":2,"featured_media":312575,"comment_status":"","ping_status":"","sticky":false,"template":"","format":"standard","meta":{"footnotes":"","_share_on_mastodon":"0"},"categories":[12],"tags":[32,33,36,37,27,167,34,35,10372,28,31,53,25,52,68,51,55,42,78,38,40,39,41,1651,47,591,29,30,65,50,26],"class_list":["post-312574","post","type-post","status-publish","format-standard","has-post-thumbnail","category-polska","tag-breaking-news","tag-breakingnews","tag-featured-news","tag-featurednews","tag-headlines","tag-imgw","tag-latest-news","tag-latestnews","tag-mgla","tag-naglowki","tag-najwazniejsze-artykuly","tag-new_header","tag-news","tag-onet3","tag-onet3d","tag-onet3d_2i","tag-phx","tag-pl","tag-pogoda","tag-poland","tag-polish","tag-polska","tag-polski","tag-przymrozek","tag-screening_general","tag-srodowisko","tag-top-stories","tag-topstories","tag-update_me","tag-v2021","tag-wiadomosci"],"share_on_mastodon":{"url":"https:\/\/pubeurope.com\/@pl\/116250559545981198","error":""},"_links":{"self":[{"href":"https:\/\/www.europesays.com\/pl\/wp-json\/wp\/v2\/posts\/312574","targetHints":{"allow":["GET"]}}],"collection":[{"href":"https:\/\/www.europesays.com\/pl\/wp-json\/wp\/v2\/posts"}],"about":[{"href":"https:\/\/www.europesays.com\/pl\/wp-json\/wp\/v2\/types\/post"}],"author":[{"embeddable":true,"href":"https:\/\/www.europesays.com\/pl\/wp-json\/wp\/v2\/users\/2"}],"replies":[{"embeddable":true,"href":"https:\/\/www.europesays.com\/pl\/wp-json\/wp\/v2\/comments?post=312574"}],"version-history":[{"count":0,"href":"https:\/\/www.europesays.com\/pl\/wp-json\/wp\/v2\/posts\/312574\/revisions"}],"wp:featuredmedia":[{"embeddable":true,"href":"https:\/\/www.europesays.com\/pl\/wp-json\/wp\/v2\/media\/312575"}],"wp:attachment":[{"href":"https:\/\/www.europesays.com\/pl\/wp-json\/wp\/v2\/media?parent=312574"}],"wp:term":[{"taxonomy":"category","embeddable":true,"href":"https:\/\/www.europesays.com\/pl\/wp-json\/wp\/v2\/categories?post=312574"},{"taxonomy":"post_tag","embeddable":true,"href":"https:\/\/www.europesays.com\/pl\/wp-json\/wp\/v2\/tags?post=312574"}],"curies":[{"name":"wp","href":"https:\/\/api.w.org\/{rel}","templated":true}]}}