{"id":313435,"date":"2026-03-18T22:53:11","date_gmt":"2026-03-18T22:53:11","guid":{"rendered":"https:\/\/www.europesays.com\/pl\/313435\/"},"modified":"2026-03-18T22:53:11","modified_gmt":"2026-03-18T22:53:11","slug":"marcin-miller-pozegnal-mame-nikt-o-tym-nie-wiedzial","status":"publish","type":"post","link":"https:\/\/www.europesays.com\/pl\/313435\/","title":{"rendered":"Marcin Miller po\u017cegna\u0142 mam\u0119. &#8222;Nikt o tym nie wiedzia\u0142&#8221;"},"content":{"rendered":"<p><a href=\"https:\/\/plejada.pl\/temat\/marcin-miller-muzyk\/8m2sjrs\" id=\"a9d4c74f-d3f3-43f5-86f2-73d535b29f24\" rel=\"nofollow noopener\" target=\"_blank\">Marcin Miller<\/a> zacz\u0105\u0142 karier\u0119 pod koniec lat 80. XX wieku, a od 1990 r. jest liderem zespo\u0142u Boys. Tw\u00f3rca disco polo ju\u017c od wielu lat jest uwa\u017cany za jednego z najpopularniejszych przedstawicieli tego gatunku muzycznego, a jego najwi\u0119ksze hity, takie jak &#8222;Jeste\u015b szalona&#8221;, &#8222;Wolno\u015b\u0107&#8221; czy &#8222;\u0141obuz&#8221; kr\u00f3luj\u0105 na polskich weselach i imprezach biesiadnych. Dalszy ci\u0105g artyku\u0142u pod materia\u0142em wideo <\/p>\n<p>Marcin Miller kilka razy pojawia\u0142 si\u0119 te\u017c w programach rozrywkowych \u2014 w 2008 r. uczestniczy\u0142 w reality show &#8222;Big Brother VIP&#8221;, rok p\u00f3\u017aniej zosta\u0142 jurorem w jednym z odcink\u00f3w &#8222;Jak oni \u015bpiewaj\u0105&#8221;, w 2014 r. wzi\u0105\u0142 udzia\u0142 w &#8222;Ta\u0144cu z gwiazdami&#8221;. Ponadto piosenkarz od kilkunastu lat zasiada za sto\u0142em jurorskim w programie &#8222;Disco Star&#8221;, a ju\u017c nied\u0142ugo b\u0119dziemy mogli zobaczy\u0107 jego poczynania w &#8222;Twoja twarz brzmi znajomo&#8221;.<\/p>\n<p>     Marcin Miller przyzna\u0142, \u017ce jaki\u015b czas temu odesz\u0142a jego mama<\/p>\n<p>Marcin Miller ju\u017c znajduje si\u0119 na planie &#8222;Twoja twarz brzmi znajomo&#8221;, gdzie udzieli\u0142 wywiadu dziennikarzowi &#8222;Telemagazynu&#8221;. Podczas rozmowy tw\u00f3rca disco polo wyjawi\u0142, \u017ce nie \u017cyje jego mama. Piosenkarz nie zdradzi\u0142, kiedy dok\u0142adnie odesz\u0142a jego rodzicielka i wyja\u015bni\u0142, \u017ce nie czu\u0142 potrzeby informowania o tym publicznie.<\/p>\n<p> Kiedy zmar\u0142a mama Marcina Millera? <\/p>\n<p> Czemu Marcin Miller nie informowa\u0142 o \u015bmierci mamy? <\/p>\n<p> Jak Marcin Miller wspomina swoj\u0105 mam\u0119? <\/p>\n<p> W jakich programach rozrywkowych wyst\u0119powa\u0142 Marcin Miller? <\/p>\n<blockquote class=\"ods-o-quote\">\n<p class=\"ods-o-quote__paragraph\">Mamy ju\u017c nie ma, ale nikt o tym nie wiedzia\u0142. Nie wysprz\u0119gla\u0142em si\u0119 z tego, bo mama zmar\u0142a mi, powiedzmy, na moich ramionach. Troch\u0119 tamto prze\u017cy\u0142em, ale \u017cycie toczy\u0142o si\u0119 dalej<\/p>\n<\/blockquote>\n<p>\u2014 wyzna\u0142.<\/p>\n<p> <img decoding=\"async\" src=\"https:\/\/www.europesays.com\/pl\/wp-content\/uploads\/2026\/03\/s4-k9lBaHR0cHM6Ly9vY2RuLmV1L3B1bHNjbXMvTURBXy8wMGE0NGE0Nzk2MTU5YjNkZDQyYTlmNTQxNTc3YjY4OS5qcGeRlQLNB.jpeg\" height=\"800\" width=\"532\" alt=\"Marcin Miller\" loading=\"lazy\" class=\"ods-c-image__img ods-c-image__img--vertical\"\/> <\/p>\n<p>Marcin MillerPiotr Andrzejczak \/ MW Media<\/p>\n<p>Miller przez d\u0142ugi czas \u0142\u0105czy\u0142 obowi\u0105zki zawodowe z opiek\u0105 nad mam\u0105. &#8222;Udziela\u0142em wywiad\u00f3w, u\u015bmiecha\u0142em si\u0119, je\u017adzi\u0142em, wiesz, na r\u00f3\u017cne programy, i potem musia\u0142em wraca\u0107 do mieszkania i pomaga\u0142em mamie. No i tak po prostu mama odesz\u0142a w moich ramionach&#8221; \u2014 powiedzia\u0142.<\/p>\n<p>Nie jest tajemnic\u0105, \u017ce mama by\u0142a dla Marcina Millera najwa\u017cniejsz\u0105 osob\u0105 w \u017cyciu. &#8222;Mamo! Mamo! Ty by\u0142a\u015b najja\u015bniejsz\u0105 gwiazd\u0105&#8221; \u2014 \u015bpiewa\u0142 w jednym z najwi\u0119kszych przeboj\u00f3w zespo\u0142u Boys.<\/p>\n<p> <img decoding=\"async\" src=\"https:\/\/www.europesays.com\/pl\/wp-content\/uploads\/2026\/03\/5Fik9lBaHR0cHM6Ly9vY2RuLmV1L3B1bHNjbXMvTURBXy82ZjM5NWExMzFmYTk1ZmE5ZjNkYWM4YzBlNDI5OTRkNC5qcGeRlQLNB.jpeg\" height=\"800\" width=\"533\" alt=\"Marcin Miller\" loading=\"lazy\" class=\"ods-c-image__img ods-c-image__img--vertical\"\/> <\/p>\n<p>Marcin MillerAndras Szilagyi \/ MW Media<\/p>\n<p>  <img decoding=\"async\" src=\"https:\/\/www.europesays.com\/pl\/wp-content\/uploads\/2026\/03\/4Edk9lBaHR0cHM6Ly9vY2RuLmV1L3B1bHNjbXMvTURBXy81MTY2NDAxYTdlZjBmMTkyOTVmNGQ3N2YxMzFkYWE5Zi5qcGeRlQLNB.jpeg\" height=\"800\" width=\"533\" alt=\"Marcin Miller\" loading=\"lazy\" class=\"ods-c-image__img ods-c-image__img--vertical\"\/> <\/p>\n<p>Marcin MillerAndras Szilagyi \/ MW Media<\/p>\n<p>  <img decoding=\"async\" src=\"https:\/\/www.europesays.com\/pl\/wp-content\/uploads\/2026\/03\/d5ok9lBaHR0cHM6Ly9vY2RuLmV1L3B1bHNjbXMvTURBXy84NDFmYjVkYTVhMjRmODU4OGQyZGE5ODgwZjVkOTJiZi5qcGeRlQLNB.jpeg\" height=\"800\" width=\"532\" alt=\"Marcin Miller\" loading=\"lazy\" class=\"ods-c-image__img ods-c-image__img--vertical\"\/> <\/p>\n<p>Marcin MillerPiotr Andrzejczak \/ MW Media<\/p>\n<p>  Dzi\u0119kujemy, \u017ce przeczyta\u0142a\u015b\/e\u015b nasz artyku\u0142 do ko\u0144ca. W serwisie Plejada.pl ka\u017cdego dnia piszemy o najwa\u017cniejszych wydarzeniach show-biznesowych. B\u0105d\u017a na bie\u017c\u0105co!<a rel=\"nofollow noopener\" href=\"https:\/\/profile.google.com\/cp\/Cg0vZy8xMWJ6X19wdHBx\" id=\"ef0057d4-cfab-4e42-9b14-95c29715fbbb\" target=\"_blank\"> Obserwuj<\/a> Plejad\u0119 w Google. Odwied\u017a nas tak\u017ce na<a rel=\"nofollow noopener\" href=\"https:\/\/www.facebook.com\/plejadapl\" id=\"b79c81f9-9251-4aa3-80d3-399a7982bb9a\" target=\"_blank\"> Facebooku<\/a>,<a rel=\"nofollow noopener\" href=\"https:\/\/www.instagram.com\/plejadapl\/\" id=\"a1029334-d2da-41e1-896e-a8904ffa029a\" target=\"_blank\"> Instagramie<\/a>,<a rel=\"nofollow noopener\" href=\"https:\/\/www.youtube.com\/c\/plejada\" id=\"6822b51f-b828-4416-a6cd-ae026fa51701\" target=\"_blank\"> YouTubie<\/a> oraz<a rel=\"nofollow noopener\" href=\"https:\/\/www.tiktok.com\/@plejada_pl\" id=\"fa9814c5-02b9-4985-965b-b45171069c2c\" target=\"_blank\"> TikToku<\/a>.     Chcesz podzieli\u0107 si\u0119 ciekawym newsem lub zaproponowa\u0107 temat? Skontaktuj si\u0119 z nami, pisz\u0105c maila na adres: <a rel=\"nofollow noopener\" href=\"https:\/\/plejada.pl\/newsy\/marcin-miller-pozegnal-mame-nikt-o-tym-nie-wiedzial\/mailto:plejada@redakcjaonet.pl\" id=\"eb27c4b3-9484-4abb-b5d6-7c807885b6ce\" target=\"_blank\">plejada@redakcjaonet.pl<\/a>.<script async src=\"\/\/www.instagram.com\/embed.js\"><\/script><script async src=\"\/\/www.tiktok.com\/embed.js\"><\/script><\/p>\n","protected":false},"excerpt":{"rendered":"Marcin Miller zacz\u0105\u0142 karier\u0119 pod koniec lat 80. XX wieku, a od 1990 r. jest liderem zespo\u0142u Boys.&hellip;\n","protected":false},"author":2,"featured_media":313436,"comment_status":"","ping_status":"","sticky":false,"template":"","format":"standard","meta":{"footnotes":"","_share_on_mastodon":"0"},"categories":[22],"tags":[16641,122,35839,48,125,46,42,38,40,39,41,19087,123,47,511],"class_list":["post-313435","post","type-post","status-publish","format-standard","has-post-thumbnail","category-rozrywka","tag-disco_polo","tag-entertainment","tag-marcin_miller","tag-nat_styl","tag-newsy","tag-omp","tag-pl","tag-poland","tag-polish","tag-polska","tag-polski","tag-rodziny_gwiazd","tag-rozrywka","tag-screening_general","tag-smierc"],"share_on_mastodon":{"url":"https:\/\/pubeurope.com\/@pl\/116252639854087184","error":""},"_links":{"self":[{"href":"https:\/\/www.europesays.com\/pl\/wp-json\/wp\/v2\/posts\/313435","targetHints":{"allow":["GET"]}}],"collection":[{"href":"https:\/\/www.europesays.com\/pl\/wp-json\/wp\/v2\/posts"}],"about":[{"href":"https:\/\/www.europesays.com\/pl\/wp-json\/wp\/v2\/types\/post"}],"author":[{"embeddable":true,"href":"https:\/\/www.europesays.com\/pl\/wp-json\/wp\/v2\/users\/2"}],"replies":[{"embeddable":true,"href":"https:\/\/www.europesays.com\/pl\/wp-json\/wp\/v2\/comments?post=313435"}],"version-history":[{"count":0,"href":"https:\/\/www.europesays.com\/pl\/wp-json\/wp\/v2\/posts\/313435\/revisions"}],"wp:featuredmedia":[{"embeddable":true,"href":"https:\/\/www.europesays.com\/pl\/wp-json\/wp\/v2\/media\/313436"}],"wp:attachment":[{"href":"https:\/\/www.europesays.com\/pl\/wp-json\/wp\/v2\/media?parent=313435"}],"wp:term":[{"taxonomy":"category","embeddable":true,"href":"https:\/\/www.europesays.com\/pl\/wp-json\/wp\/v2\/categories?post=313435"},{"taxonomy":"post_tag","embeddable":true,"href":"https:\/\/www.europesays.com\/pl\/wp-json\/wp\/v2\/tags?post=313435"}],"curies":[{"name":"wp","href":"https:\/\/api.w.org\/{rel}","templated":true}]}}