{"id":314033,"date":"2026-03-19T10:01:10","date_gmt":"2026-03-19T10:01:10","guid":{"rendered":"https:\/\/www.europesays.com\/pl\/314033\/"},"modified":"2026-03-19T10:01:10","modified_gmt":"2026-03-19T10:01:10","slug":"jacek-wlosowicz-zawieszony-przez-pis-teraz-zabral-glos-2","status":"publish","type":"post","link":"https:\/\/www.europesays.com\/pl\/314033\/","title":{"rendered":"Jacek W\u0142osowicz zawieszony przez PiS. Teraz zabra\u0142 g\u0142os"},"content":{"rendered":"<p class=\"Paragraph_desktopParagraph__U31Gm\">Jacek W\u0142osowicz<a href=\"https:\/\/wiadomosci.onet.pl\/kraj\/senator-pis-jacek-wlosowicz-o-zmianach-w-partii-nie-do-takiej-wstepowalem\/jfq93v4\" id=\"90a8116c-fa9a-48f4-8dcf-311e72ca5770\" rel=\"nofollow noopener\" target=\"_blank\"> wypowiedzia\u0142 si\u0119 krytycznie na temat kierunku<\/a>, w kt\u00f3rym zmierza PiS we wtorkowym wydaniu programu &#8222;Tak jest&#8221; emitowanym na antenie TVN24. Senator podkre\u015bla\u0142, \u017ce mia\u0142a by\u0107 ona ugrupowaniem konserwatywnym i uporz\u0105dkowanym, a dzi\u015b &#8222;robi si\u0119 parti\u0105 nacjonalistyczn\u0105&#8221;.<\/p>\n<p class=\"VideoPlayerText_videoPlayerText__iDwyz\">Dalszy ci\u0105g materia\u0142u pod wideo<\/p>\n<p class=\"Paragraph_desktopParagraph__U31Gm\">W \u015brod\u0119 wieczorem pojawi\u0142a si\u0119 informacja<a href=\"https:\/\/wiadomosci.onet.pl\/kraj\/pis-zawiesza-senatora-po-krytycznych-slowach-na-temat-partii-po-stronie-tuska\/yfgzt38\" id=\"26d9d1e6-50b0-472a-b960-9a0663bfee0c\" rel=\"nofollow noopener\" target=\"_blank\"> o zawieszeniu W\u0142osowicza przez PiS i r\u00f3wnoczesnym wszcz\u0119ciu procedury jego usuni\u0119cia z klubu.<\/a> &#8222;Senator Jacek W\u0142osowicz od 2011 roku nie jest cz\u0142onkiem partii PiS. Jego dzisiejsze wypowiedzi wyra\u017anie pokazuj\u0105, \u017ce od dawna mentalnie znajduje si\u0119 po stronie Tuska&#8221; \u2014 napisa\u0142 rzecznik PiS Rafa\u0142 Bochenek na portalu X.<\/p>\n<p>Senator PiS zawieszony. &#8222;Mo\u017cna by\u0142o wykona\u0107 telefon&#8221; <\/p>\n<p class=\"Paragraph_desktopParagraph__U31Gm\">\u2014 Kilka w\u0105tk\u00f3w i p\u0142aszczyzn tej wypowiedzi. Pierwsza to sama decyzja. Uwa\u017cam, \u017ce przy posiadaniu jakiej\u015b kindersztuby i pewnych zasad w partii, to mo\u017cna by by\u0142o wykona\u0107 telefon, wys\u0142a\u0107 SMS, e-maila \u2014 komentuje t\u0119 decyzj\u0119 senator. Dodaje, \u017ce nie dosz\u0142o wcze\u015bniej do \u017cadnych rozm\u00f3w. \u2014 Mo\u017ce to dlatego, \u017ce nie jestem z kr\u0119gu towarzyskiego pana, kt\u00f3rego pani wymieni\u0142a [rzecznika PiS Rafa\u0142a Bochenka], dlatego nie by\u0142o \u017cadnego kontaktu \u2014 stwierdzi\u0142.<\/p>\n<p class=\"Paragraph_desktopParagraph__U31Gm\">\u2014 Sama forma, no to trudno. Partia jest w takim, a nie innym stanie, wi\u0119c na tyle j\u0105 sta\u0107 \u2014 stwierdza senator.<\/p>\n<p class=\"Paragraph_desktopParagraph__U31Gm\">Zaznacza, \u017ce drug\u0105 rzecz\u0105 jest &#8222;kwestia okre\u015blania jego mentalno\u015bci czy przynale\u017cno\u015bci&#8221;. \u2014 S\u0105dz\u0119, \u017ce pan rzecznik ma tu jak\u0105\u015b szczeg\u00f3ln\u0105 wiedz\u0119. Atrybutem m\u0142odo\u015bci jest to, \u017ce czasem si\u0119 szybko m\u00f3wi, a p\u00f3\u017aniej si\u0119 my\u015bli \u2014 m\u00f3wi. P\u00f3\u017aniej dodaje, \u017ce wypowied\u017a Bochenka by\u0142a &#8222;bardzo nieelegancka&#8221;.<\/p>\n<p>Jacek W\u0142osowicz m\u00f3wi\u0142 krytycznie o PiS. Tak t\u0142umaczy swoje s\u0142owa <\/p>\n<p class=\"Paragraph_desktopParagraph__U31Gm\">Polityk podtrzyma\u0142 swoj\u0105 krytyczn\u0105 wobec PiS wypowied\u017a. \u2014 Powiedzia\u0142em tak, bo tak uwa\u017cam. To s\u0105dz\u0119, \u017ce wszyscy widzimy \u2014 m\u00f3wi, dodaj\u0105c, \u017ce niekorzystne zmiany w partii zauwa\u017calne s\u0105 od nawet kilkunastu miesi\u0119cy.<\/p>\n<p class=\"Paragraph_desktopParagraph__U31Gm\">\u2014 My\u015bl\u0119, \u017ce wi\u0119kszo\u015b\u0107 z nas widzia\u0142a, \u017ce osoby, kt\u00f3re tworzy\u0142y wcze\u015bniej m.in. \u015brodowisko Solidarnej Polski, zosta\u0142y przyj\u0119te do PiS, stworzy\u0142y jego tward\u0105 praw\u0105 nog\u0119 i okaza\u0142o si\u0119, \u017ce ta prawa noga uzyska\u0142a g\u0142\u00f3wny wp\u0142yw na przekaz medialny, co do charakteru partii. A ten charakter partii zacz\u0105\u0142 by\u0107 zmieniany na parti\u0119 nacjonalistyczn\u0105, czyli z jednej strony pr\u00f3buj\u0105ca si\u0119 wyrwa\u0107 z organizacji mi\u0119dzynarodowych, a z drugiej, chc\u0105c\u0105 pokazywa\u0107, \u017ce nie chce przyjaznych stosunk\u00f3w w relacji z s\u0105siadami, \u017ce ma swoje sny o pot\u0119dze \u2014 t\u0142umaczy.<\/p>\n","protected":false},"excerpt":{"rendered":"Jacek W\u0142osowicz wypowiedzia\u0142 si\u0119 krytycznie na temat kierunku, w kt\u00f3rym zmierza PiS we wtorkowym wydaniu programu &#8222;Tak jest&#8221;&hellip;\n","protected":false},"author":2,"featured_media":313954,"comment_status":"","ping_status":"","sticky":false,"template":"","format":"standard","meta":{"footnotes":"","_share_on_mastodon":"0"},"categories":[5],"tags":[32,33,36,37,27,67,50171,34,35,28,31,53,25,3935,52,68,51,55,42,38,40,39,41,868,17685,47,49941,49946,22520,29,30,65,50,26],"class_list":["post-314033","post","type-post","status-publish","format-standard","has-post-thumbnail","category-naglowki","tag-breaking-news","tag-breakingnews","tag-featured-news","tag-featurednews","tag-headlines","tag-intextvideo_splayer","tag-jacek_wlosowicz_polityk","tag-latest-news","tag-latestnews","tag-naglowki","tag-najwazniejsze-artykuly","tag-new_header","tag-news","tag-onet_rano_program_wideo","tag-onet3","tag-onet3d","tag-onet3d_2i","tag-phx","tag-pl","tag-poland","tag-polish","tag-polska","tag-polski","tag-prawo_i_sprawiedliwosc_pis","tag-rafal_bochenek","tag-screening_general","tag-sg_cleanup_sem_tst0","tag-sg_cleanup_sem_tst5","tag-stanislaw_karczewski","tag-top-stories","tag-topstories","tag-update_me","tag-v2021","tag-wiadomosci"],"share_on_mastodon":{"url":"","error":"Validation failed: Text character limit of 500 exceeded"},"_links":{"self":[{"href":"https:\/\/www.europesays.com\/pl\/wp-json\/wp\/v2\/posts\/314033","targetHints":{"allow":["GET"]}}],"collection":[{"href":"https:\/\/www.europesays.com\/pl\/wp-json\/wp\/v2\/posts"}],"about":[{"href":"https:\/\/www.europesays.com\/pl\/wp-json\/wp\/v2\/types\/post"}],"author":[{"embeddable":true,"href":"https:\/\/www.europesays.com\/pl\/wp-json\/wp\/v2\/users\/2"}],"replies":[{"embeddable":true,"href":"https:\/\/www.europesays.com\/pl\/wp-json\/wp\/v2\/comments?post=314033"}],"version-history":[{"count":0,"href":"https:\/\/www.europesays.com\/pl\/wp-json\/wp\/v2\/posts\/314033\/revisions"}],"wp:featuredmedia":[{"embeddable":true,"href":"https:\/\/www.europesays.com\/pl\/wp-json\/wp\/v2\/media\/313954"}],"wp:attachment":[{"href":"https:\/\/www.europesays.com\/pl\/wp-json\/wp\/v2\/media?parent=314033"}],"wp:term":[{"taxonomy":"category","embeddable":true,"href":"https:\/\/www.europesays.com\/pl\/wp-json\/wp\/v2\/categories?post=314033"},{"taxonomy":"post_tag","embeddable":true,"href":"https:\/\/www.europesays.com\/pl\/wp-json\/wp\/v2\/tags?post=314033"}],"curies":[{"name":"wp","href":"https:\/\/api.w.org\/{rel}","templated":true}]}}