{"id":315168,"date":"2026-03-19T21:12:10","date_gmt":"2026-03-19T21:12:10","guid":{"rendered":"https:\/\/www.europesays.com\/pl\/315168\/"},"modified":"2026-03-19T21:12:10","modified_gmt":"2026-03-19T21:12:10","slug":"iran-straszy-syreny-wyja-w-kolejnych-krajach-to-ulamek-naszych-mozliwosci-onet","status":"publish","type":"post","link":"https:\/\/www.europesays.com\/pl\/315168\/","title":{"rendered":"Iran straszy, syreny wyj\u0105 w kolejnych krajach. &quot;To u\u0142amek naszych mo\u017cliwo\u015bci&quot; &#8211; Onet"},"content":{"rendered":"<ol>\n<li><a href=\"https:\/\/news.google.com\/rss\/articles\/CBMi1AFBVV95cUxPZF9oYkpkRWJIU2FPaTBzSmU3bDVuaDFyV1UzVjViTjhVYkpBQ1NnRHd1WmE0UEwyUlRpaVdSa1ZOanAwdXg5QnlMMXY2YzY3X3RrNjNjazdrRXlCeGZzUlp1VEVLdEhiV3BjOW5iZlNCc28tMlFMeDNqSkU2dmdZQUFRckNndDlZeGRDVmJUNmpkZkU1Wm1qeWZDZVFmZ3owdkp5M2Vsb29HV1FkN0VxRmlzZWVIcTYtc1NibW9vTVluMk1SbjFhQnRVak5mb2xLSWk2dA?oc=5\" target=\"_blank\" rel=\"nofollow noopener\">Iran straszy, syreny wyj\u0105 w kolejnych krajach. &#8222;To u\u0142amek naszych mo\u017cliwo\u015bci&#8221;<\/a>&nbsp;&nbsp;Onet<\/li>\n<li><a href=\"https:\/\/news.google.com\/rss\/articles\/CBMiqAFBVV95cUxOV2xYOUJISmlESThVb2l6c01kNkJwTGRDNGw2VGtpdzhGLThZODAwRGJxZ1M2ME10UjkzcUYycFprTnJsb29rNnFjOE5id1VueVl3eGhrdWZyRnZMRkExQUk0QkRDVGZ2RkYwbllMTnNhc2ZTOW95eXBBak9fckZSX3BteXhJMS1Zek9Ya0xJNy1MMC1YeWtKYmRDczhmVlFTeGlhRlpGTkI?oc=5\" target=\"_blank\" rel=\"nofollow noopener\">Dzia\u0142o si\u0119 w nocy. Arabia Saudyjska zmienia postaw\u0119 wobec Iranu<\/a>&nbsp;&nbsp;WP Wiadomo\u015bci<\/li>\n<li><a href=\"https:\/\/news.google.com\/rss\/articles\/CBMimAFBVV95cUxQX0tSNmRqWktkTXFKelB1Q3RVSVcyUE5XcUQwMUVrejEtYW81U3VkRDMyaEwweWhMcWdsVmhyRnA5R253eEFUVGJZWVhBR1pGTTFSQVBnTlpSejFxZnN0YmRMUDhWYW1GbENCYU50b3k0LXViYldVb0lyVGRGRkM2MjBiX01QdWxPMkVsaGdDSjZhUUtUVFNtSw?oc=5\" target=\"_blank\" rel=\"nofollow noopener\">Ira\u0144ski dron uderzy\u0142 w wa\u017cn\u0105 rafineri\u0119 w<\/a>&nbsp;&nbsp;Wiadomo\u015bci Onet<\/li>\n<li><a href=\"https:\/\/news.google.com\/rss\/articles\/CBMivwFBVV95cUxOd0h2MGc3TERpTXoxTGJDcTRHcDZaM2VxNUZZNm03TDFCM0FpMEl5cEsyUVN3eWYwNzA4bUlZa25OMm42TjhwSVVtOVhiYkJhTDBYRmQ1NC05TFdpaXItRlBZVDE0QTZ3M0o3SlFHdlFuX28wdldHaVA4U21IZFJfenZlMVdkdThybWotNXRuTmlqazBLbnZZWkJKWXE2aFRDWFBkcFUwTlh3ZjZVTGtLQURONjU4dGVpMVpJLWFmTQ?oc=5\" target=\"_blank\" rel=\"nofollow noopener\">Przechwytywali rakiety i drony lec\u0105ce z Iranu. Pot\u0119\u017cne eksplozje na Bliskim Wschodzie<\/a>&nbsp;&nbsp;Wydarzenia w INTERIA.PL<\/li>\n<li><a href=\"https:\/\/news.google.com\/rss\/articles\/CBMiqgFBVV95cUxObWc5bENuOG01ckRKTUNBQXlZRHM5b0hSMGNjMzNSTUhsbUltWlpvdHRqd1N3VjNFM1lFYTZHbVFkdmtrcmRCMTltclBfR2h1YmxfVy1vUzNlUkcwS1dTYzhlOWhQd2gydm9FaUxGZGNXNFZoaHRRVmk0NmFydDVibDgzWmRTeUNMV2NabVRNNUdvcHRlRWdMNnVyMU40aDUzR3FSNUhNLXIzQQ?oc=5\" target=\"_blank\" rel=\"nofollow noopener\">Rafineria Saudi Aramco celem jednego z atak\u00f3w Iranu<\/a>&nbsp;&nbsp;Money.pl<\/li>\n<\/ol>\n","protected":false},"excerpt":{"rendered":"Iran straszy, syreny wyj\u0105 w kolejnych krajach. &#8222;To u\u0142amek naszych mo\u017cliwo\u015bci&#8221;&nbsp;&nbsp;Onet Dzia\u0142o si\u0119 w nocy. Arabia Saudyjska zmienia&hellip;\n","protected":false},"author":2,"featured_media":315169,"comment_status":"","ping_status":"","sticky":false,"template":"","format":"standard","meta":{"footnotes":"","_share_on_mastodon":"0"},"categories":[14],"tags":[32,33,27,67,307,234,3057,34,35,28,31,53,25,52,68,51,55,40,41,47,80,29,30,65,50,26,82,83,84,37860,19975],"class_list":["post-315168","post","type-post","status-publish","format-standard","has-post-thumbnail","category-swiat","tag-breaking-news","tag-breakingnews","tag-headlines","tag-intextvideo_splayer","tag-iran_kraj","tag-izrael_izraelczyk_izraelka_izraelczycy","tag-katar","tag-latest-news","tag-latestnews","tag-naglowki","tag-najwazniejsze-artykuly","tag-new_header","tag-news","tag-onet3","tag-onet3d","tag-onet3d_2i","tag-phx","tag-polish","tag-polski","tag-screening_general","tag-swiat","tag-top-stories","tag-topstories","tag-update_me","tag-v2021","tag-wiadomosci","tag-world","tag-world-news","tag-worldnews","tag-zatoka_perska","tag-zea"],"share_on_mastodon":{"url":"https:\/\/pubeurope.com\/@pl\/116257904585189208","error":""},"_links":{"self":[{"href":"https:\/\/www.europesays.com\/pl\/wp-json\/wp\/v2\/posts\/315168","targetHints":{"allow":["GET"]}}],"collection":[{"href":"https:\/\/www.europesays.com\/pl\/wp-json\/wp\/v2\/posts"}],"about":[{"href":"https:\/\/www.europesays.com\/pl\/wp-json\/wp\/v2\/types\/post"}],"author":[{"embeddable":true,"href":"https:\/\/www.europesays.com\/pl\/wp-json\/wp\/v2\/users\/2"}],"replies":[{"embeddable":true,"href":"https:\/\/www.europesays.com\/pl\/wp-json\/wp\/v2\/comments?post=315168"}],"version-history":[{"count":0,"href":"https:\/\/www.europesays.com\/pl\/wp-json\/wp\/v2\/posts\/315168\/revisions"}],"wp:featuredmedia":[{"embeddable":true,"href":"https:\/\/www.europesays.com\/pl\/wp-json\/wp\/v2\/media\/315169"}],"wp:attachment":[{"href":"https:\/\/www.europesays.com\/pl\/wp-json\/wp\/v2\/media?parent=315168"}],"wp:term":[{"taxonomy":"category","embeddable":true,"href":"https:\/\/www.europesays.com\/pl\/wp-json\/wp\/v2\/categories?post=315168"},{"taxonomy":"post_tag","embeddable":true,"href":"https:\/\/www.europesays.com\/pl\/wp-json\/wp\/v2\/tags?post=315168"}],"curies":[{"name":"wp","href":"https:\/\/api.w.org\/{rel}","templated":true}]}}