{"id":315669,"date":"2026-03-20T06:13:07","date_gmt":"2026-03-20T06:13:07","guid":{"rendered":"https:\/\/www.europesays.com\/pl\/315669\/"},"modified":"2026-03-20T06:13:07","modified_gmt":"2026-03-20T06:13:07","slug":"reforma-wymiaru-sprawiedliwosci-waldemara-zurka-polacy-zabrali-glos-sondaz","status":"publish","type":"post","link":"https:\/\/www.europesays.com\/pl\/315669\/","title":{"rendered":"Reforma wymiaru sprawiedliwo\u015bci Waldemara \u017burka. Polacy zabrali g\u0142os [SONDA\u017b]"},"content":{"rendered":"<p>Waldemar \u017burek jako minister sprawiedliwo\u015bci i prokurator generalny <a href=\"https:\/\/wiadomosci.onet.pl\/swiat\/system-losowania-sedziow-w-polsce-jest-opinia-rzecznika-tsue\/s34n0rb\" id=\"00c9699d-a60a-41ee-98da-401bdb9cedcd\" rel=\"nofollow noopener\" target=\"_blank\">zrezygnowa\u0142 z losowania s\u0119dzi\u00f3w do spraw<\/a>. Zmieni\u0142 tak\u017ce spos\u00f3b wybierania s\u0119dzi\u00f3w do Krajowej Rady S\u0105downictwa, wskazuj\u0105c, \u017ce przed zatwierdzeniem jej cz\u0142onk\u00f3w przez Sejm <a href=\"https:\/\/wiadomosci.onet.pl\/kraj\/spor-o-prawybory-do-krs-polacy-zabrali-glos-sondaz\/epmn61h\" id=\"8f16580b-22d9-40a8-8e2e-dfb98243c14f\" rel=\"nofollow noopener\" target=\"_blank\">kandydat\u00f3w powinno wskazywa\u0107 samo \u015brodowisko<\/a>.W ostatnich dniach pos\u0142owie wybrali tak\u017ce <a href=\"https:\/\/wiadomosci.onet.pl\/kraj\/zmiany-w-trybunale-konstytucyjnym-sejm-podjal-decyzje\/fxxt8wt\" id=\"229e4cb7-a7d7-40e2-a982-e1b43c435c9b\" rel=\"nofollow noopener\" target=\"_blank\">nowych s\u0119dzi\u00f3w Trybuna\u0142u Konstytucyjnego<\/a>, kt\u00f3rzy maj\u0105 teraz z\u0142o\u017cy\u0107 \u015blubowanie przed prezydentem Karolem Nawrockim.<\/p>\n<p>W najnowszym sonda\u017cu SW Research na zlecenie Onetu zadali\u015bmy Polakom pytanie: &#8222;Jak oceniasz zmiany wprowadzane przez Waldemara \u017burka w wymiarze sprawiedliwo\u015bci?&#8221;.<\/p>\n<p>      Dalszy ci\u0105g artyku\u0142u pod materia\u0142em wideo Polacy o dzia\u0142aniach Waldemara \u017burka. S\u0105 wyniki sonda\u017cu<\/p>\n<p>Pozytywnie zmiany Waldemara \u017burka w wymiarze sprawiedliwo\u015bci ocenia 31,3 proc. Polak\u00f3w \u2014 wynika z sondazu SW Research na zlecenie Onetu. Przeciwnego zdania jest 27,5 proc. badanych.<\/p>\n<p>Zdecydowanie najwi\u0119ksza grupa ankietowanych \u2014 41,2 proc. \u2014 nie ma zdania w sprawie zmian wprowadzanych przez ministra sprawiedliwo\u015bci i prokuratora generalnego.<\/p>\n<p>***<\/p>\n<p>Sonda\u017c SW Research na zlecenie Onetu zosta\u0142 zrealizowany 18 marca 2026 r. metod\u0105 wywiad\u00f3w online (CAWI \u2014 Computer-Assisted Web Interview) w panelu internetowym SW Panel. W ramach badania przeprowadzono 811 ankiet na og\u00f3lnopolskiej pr\u00f3bie doros\u0142ych. Zastosowano dob\u00f3r kwotowy \u2014 pr\u00f3ba by\u0142a reprezentatywna ze wzgl\u0119du na \u0142\u0105czny rozk\u0142ad p\u0142ci, wieku i klasy wielko\u015bci miejscowo\u015bci zamieszkania.<\/p>\n","protected":false},"excerpt":{"rendered":"Waldemar \u017burek jako minister sprawiedliwo\u015bci i prokurator generalny zrezygnowa\u0142 z losowania s\u0119dzi\u00f3w do spraw. Zmieni\u0142 tak\u017ce spos\u00f3b wybierania&hellip;\n","protected":false},"author":2,"featured_media":315670,"comment_status":"","ping_status":"","sticky":false,"template":"","format":"standard","meta":{"footnotes":"","_share_on_mastodon":"0"},"categories":[5],"tags":[32,33,36,37,27,49,34,35,1380,28,31,48,25,46,42,38,40,39,41,5427,47,366,29,30,48835,793,26],"class_list":["post-315669","post","type-post","status-publish","format-standard","has-post-thumbnail","category-naglowki","tag-breaking-news","tag-breakingnews","tag-featured-news","tag-featurednews","tag-headlines","tag-kraj","tag-latest-news","tag-latestnews","tag-ministerstwo_sprawiedliwosci","tag-naglowki","tag-najwazniejsze-artykuly","tag-nat_styl","tag-news","tag-omp","tag-pl","tag-poland","tag-polish","tag-polska","tag-polski","tag-prokurator_generalny","tag-screening_general","tag-sondaz","tag-top-stories","tag-topstories","tag-tst_floating_paywall","tag-waldemar_zurek","tag-wiadomosci"],"share_on_mastodon":{"url":"https:\/\/pubeurope.com\/@pl\/116260031950978476","error":""},"_links":{"self":[{"href":"https:\/\/www.europesays.com\/pl\/wp-json\/wp\/v2\/posts\/315669","targetHints":{"allow":["GET"]}}],"collection":[{"href":"https:\/\/www.europesays.com\/pl\/wp-json\/wp\/v2\/posts"}],"about":[{"href":"https:\/\/www.europesays.com\/pl\/wp-json\/wp\/v2\/types\/post"}],"author":[{"embeddable":true,"href":"https:\/\/www.europesays.com\/pl\/wp-json\/wp\/v2\/users\/2"}],"replies":[{"embeddable":true,"href":"https:\/\/www.europesays.com\/pl\/wp-json\/wp\/v2\/comments?post=315669"}],"version-history":[{"count":0,"href":"https:\/\/www.europesays.com\/pl\/wp-json\/wp\/v2\/posts\/315669\/revisions"}],"wp:featuredmedia":[{"embeddable":true,"href":"https:\/\/www.europesays.com\/pl\/wp-json\/wp\/v2\/media\/315670"}],"wp:attachment":[{"href":"https:\/\/www.europesays.com\/pl\/wp-json\/wp\/v2\/media?parent=315669"}],"wp:term":[{"taxonomy":"category","embeddable":true,"href":"https:\/\/www.europesays.com\/pl\/wp-json\/wp\/v2\/categories?post=315669"},{"taxonomy":"post_tag","embeddable":true,"href":"https:\/\/www.europesays.com\/pl\/wp-json\/wp\/v2\/tags?post=315669"}],"curies":[{"name":"wp","href":"https:\/\/api.w.org\/{rel}","templated":true}]}}