{"id":315715,"date":"2026-03-20T06:41:07","date_gmt":"2026-03-20T06:41:07","guid":{"rendered":"https:\/\/www.europesays.com\/pl\/315715\/"},"modified":"2026-03-20T06:41:07","modified_gmt":"2026-03-20T06:41:07","slug":"niespokojna-noc-na-bliskim-wschodzie-ataki-iranu-w-kilku-krajach-eksplozje-w-teheranie","status":"publish","type":"post","link":"https:\/\/www.europesays.com\/pl\/315715\/","title":{"rendered":"Niespokojna noc na Bliskim Wschodzie. Ataki Iranu w kilku krajach, eksplozje w Teheranie"},"content":{"rendered":"<p class=\"Paragraph_desktopParagraph__U31Gm\">Izraelska armia poda\u0142a, \u017ce w nocy uderzy\u0142a w Teheranie, a celem by\u0142a &#8222;infrastruktura ira\u0144skiego re\u017cimu&#8221;. Agencja AP podaje, \u017ce eksplozje by\u0142o s\u0142ycha\u0107 w ca\u0142ym mie\u015bcie.<\/p>\n<p class=\"Paragraph_desktopParagraph__U31Gm\">O ostatnich godzinach intensywnie pracowa\u0142y tak\u017ce systemy obrony powietrznej Zjednoczonych Emirat\u00f3w Arabskich i Kuwejtu, kt\u00f3re mia\u0142y by\u0107 atakowane rakietami.<\/p>\n<p>Ataki na Bliskim Wschodzie. Dosz\u0142o do po\u017caru magazynu <\/p>\n<p class=\"Paragraph_desktopParagraph__U31Gm\">Z kolei ministerstwo spraw wewn\u0119trznych Bahrajnu poda\u0142o, \u017ce uruchomione zosta\u0142y syreny ostrzegaj\u0105ce przed nalotami. Spadaj\u0105ce od\u0142amki mia\u0142y doprowadzi\u0107 do po\u017caru magazynu, kt\u00f3ry jednak szybko zosta\u0142 opanowany. Nikt nie zosta\u0142 ranny.<\/p>\n<p class=\"Paragraph_desktopParagraph__U31Gm\">Ministerstwo obrony Arabii Saudyjskiej poinformowa\u0142o o przechwyceniu co najmniej kilkunastu dron\u00f3w we wschodniej cz\u0119\u015bci kraju.<\/p>\n<p class=\"Paragraph_desktopParagraph__U31Gm\">W\u0142adze Kataru ostro zareagowa\u0142y na ira\u0144ski ostrza\u0142 terminalu gazowego Ras Laffan. Premier i minister spraw zagranicznych szejk Mohammed bin Abdulrahman Al Thani oceni\u0142 w czwartek, \u017ce &#8222;takie wrogie akty, ich kontynuacja i rozszerzanie wojny doprowadz\u0105 jedynie do wi\u0119kszej eskalacji w regionie&#8221;, podkre\u015blaj\u0105c, \u017ce bezpiecze\u0144stwo jest odpowiedzialno\u015bci\u0105 zbiorow\u0105.<\/p>\n<p class=\"Paragraph_desktopParagraph__U31Gm\">Wed\u0142ug ameryka\u0144skiej agencji HRANA bilans ofiar wojny w Iranie przekroczy\u0142 3180 os\u00f3b, z czego niemal po\u0142ow\u0119 stanowi\u0105 cywile. Z kolei Mi\u0119dzynarodowa Organizacja Morska (IMO) wyrazi\u0142a zaniepokojenie losem ok. 20 tys. marynarzy uwi\u0119zionych na statkach w Zatoce i zaapelowa\u0142a o utworzenie &#8222;bezpiecznego korytarza morskiego&#8221;.<\/p>\n<p class=\"Paragraph_desktopParagraph__U31Gm\">Napi\u0119cie pot\u0119guj\u0105 prognozy gospodarcze. Ameryka\u0144ski dziennik &#8222;Wall Street Journal&#8221;, cytuj\u0105c saudyjskich urz\u0119dnik\u00f3w, alarmuje, \u017ce je\u015bli zak\u0142\u00f3cenia w cie\u015bninie Ormuz potrwaj\u0105 do ko\u0144ca kwietnia, ceny ropy mog\u0105 przebi\u0107 180 dol. za bary\u0142k\u0119. W pi\u0105tek cena ropy Brent zni\u017ckowa\u0142a do ok. 105,8 dol. za bary\u0142k\u0119.<\/p>\n<p class=\"Paragraph_desktopParagraph__U31Gm\">W odpowiedzi na wojn\u0119, kt\u00f3r\u0105 28 lutego Izrael i USA rozpocz\u0119\u0142y przeciwko Iranowi, Teheran prowadzi ostrza\u0142 pa\u0144stw regionu. Celem tych atak\u00f3w s\u0105 m.in. bazy wojskowe powi\u0105zane z armi\u0105 USA i jej sojusznikami.<\/p>\n","protected":false},"excerpt":{"rendered":"Izraelska armia poda\u0142a, \u017ce w nocy uderzy\u0142a w Teheranie, a celem by\u0142a &#8222;infrastruktura ira\u0144skiego re\u017cimu&#8221;. Agencja AP podaje,&hellip;\n","protected":false},"author":2,"featured_media":315716,"comment_status":"","ping_status":"","sticky":false,"template":"","format":"standard","meta":{"footnotes":"","_share_on_mastodon":"0"},"categories":[5],"tags":[3427,47053,32,33,36,37,27,307,234,22566,34,35,28,31,53,25,52,68,51,55,42,38,40,39,41,47,49895,59,29,30,65,50,26,19975],"class_list":["post-315715","post","type-post","status-publish","format-standard","has-post-thumbnail","category-naglowki","tag-arabia_saudyjska","tag-bahrajn_kraj","tag-breaking-news","tag-breakingnews","tag-featured-news","tag-featurednews","tag-headlines","tag-iran_kraj","tag-izrael_izraelczyk_izraelka_izraelczycy","tag-kuwejt","tag-latest-news","tag-latestnews","tag-naglowki","tag-najwazniejsze-artykuly","tag-new_header","tag-news","tag-onet3","tag-onet3d","tag-onet3d_2i","tag-phx","tag-pl","tag-poland","tag-polish","tag-polska","tag-polski","tag-screening_general","tag-sg_cleanup_sem_tst3","tag-stany_zjednoczone_usa","tag-top-stories","tag-topstories","tag-update_me","tag-v2021","tag-wiadomosci","tag-zea"],"share_on_mastodon":{"url":"","error":"Validation failed: Text character limit of 500 exceeded"},"_links":{"self":[{"href":"https:\/\/www.europesays.com\/pl\/wp-json\/wp\/v2\/posts\/315715","targetHints":{"allow":["GET"]}}],"collection":[{"href":"https:\/\/www.europesays.com\/pl\/wp-json\/wp\/v2\/posts"}],"about":[{"href":"https:\/\/www.europesays.com\/pl\/wp-json\/wp\/v2\/types\/post"}],"author":[{"embeddable":true,"href":"https:\/\/www.europesays.com\/pl\/wp-json\/wp\/v2\/users\/2"}],"replies":[{"embeddable":true,"href":"https:\/\/www.europesays.com\/pl\/wp-json\/wp\/v2\/comments?post=315715"}],"version-history":[{"count":0,"href":"https:\/\/www.europesays.com\/pl\/wp-json\/wp\/v2\/posts\/315715\/revisions"}],"wp:featuredmedia":[{"embeddable":true,"href":"https:\/\/www.europesays.com\/pl\/wp-json\/wp\/v2\/media\/315716"}],"wp:attachment":[{"href":"https:\/\/www.europesays.com\/pl\/wp-json\/wp\/v2\/media?parent=315715"}],"wp:term":[{"taxonomy":"category","embeddable":true,"href":"https:\/\/www.europesays.com\/pl\/wp-json\/wp\/v2\/categories?post=315715"},{"taxonomy":"post_tag","embeddable":true,"href":"https:\/\/www.europesays.com\/pl\/wp-json\/wp\/v2\/tags?post=315715"}],"curies":[{"name":"wp","href":"https:\/\/api.w.org\/{rel}","templated":true}]}}