{"id":315749,"date":"2026-03-20T07:00:08","date_gmt":"2026-03-20T07:00:08","guid":{"rendered":"https:\/\/www.europesays.com\/pl\/315749\/"},"modified":"2026-03-20T07:00:08","modified_gmt":"2026-03-20T07:00:08","slug":"sily-izraela-i-usa-wygrywaja-z-iranem","status":"publish","type":"post","link":"https:\/\/www.europesays.com\/pl\/315749\/","title":{"rendered":"Si\u0142y Izraela i USA wygrywaj\u0105 z Iranem"},"content":{"rendered":"\n<p>&#13;<br \/>\nNetanjahu zabra\u0142 g\u0142os podczas czwartkowej konferencji prasowej. Szef izraelskiego rz\u0105du, cytowany przez agencj\u0119 Reutera, przekaza\u0142, \u017ce\u00a0aktualnie niszczone s\u0105 &#8222;fabryki wytwarzaj\u0105ce komponenty do\u00a0produkcji rakiet balistycznych oraz\u00a0broni j\u0105drowej, kt\u00f3r\u0105 pr\u00f3buje wyprodukowa\u0107 Iran&#8221;. &#13;\n<\/p>\n<p>Premier Izrael: Iran nie\u00a0ma\u00a0ju\u017c zdolno\u015bci do\u00a0wzbogacania uranu<\/p>\n<p>&#13;<br \/>\nPremier zaznaczy\u0142, \u017ce\u00a0si\u0142y izraelsko-ameryka\u0144skie &#8222;wygrywaj\u0105&#8221; wojn\u0119 na\u00a0Bliskim Wschodzie, a\u00a0Iran &#8222;jest dziesi\u0105tkowany&#8221;. Netanjahu wskaza\u0142, \u017ce\u00a0po\u00a020 dniach przeprowadzania atak\u00f3w z\u00a0powietrza Teheran &#8222;nie ma\u00a0ju\u017c zdolno\u015bci do\u00a0wzbogacania uranu ani produkcji rakiet balistycznych&#8221;. Polityk nie\u00a0przedstawi\u0142 jednak \u017cadnych dowod\u00f3w na\u00a0potwierdzenie tej tezy. &#13;\n<\/p>\n<p>&#13;<br \/>\nSzef izraelskiego rz\u0105du zapewni\u0142 jednocze\u015bnie, \u017ce\u00a0ira\u0144ski arsena\u0142 rakietowy i\u00a0dron\u00f3w jest masowo os\u0142abiany i\u00a0zostanie zniszczony. &#13;\n<\/p>\n<p>&#13;<br \/>\nBenjamin Netanjahu zabra\u0142 r\u00f3wnie\u017c g\u0142os na\u00a0temat ewentualnego obalenia re\u017cimu w\u00a0Iranie. \u2013\u00a0To\u00a0od\u00a0Ira\u0144czyk\u00f3w zale\u017cy, by\u00a0wyrazi\u0107 tak\u0105 wol\u0119, by\u00a0wybra\u0107 moment i\u00a0stan\u0105\u0107 na\u00a0wysoko\u015bci zadania \u2013\u00a0podkre\u015bli\u0142. &#13;\n<\/p>\n<p>Zaskakuj\u0105ce s\u0142owa Netanjahu do\u00a0Ira\u0144czyk\u00f3w<\/p>\n<p>&#13;<br \/>\nWe wtorek na\u00a0koncie Netanjahu w\u00a0mediach spo\u0142eczno\u015bciowych pojawi\u0142o si\u0119 kolejne nagranie. <a href=\"https:\/\/dorzeczy.pl\/swiat\/861067\/netanjahu-zamiescil-nowe-nagranie-zlozyl-zyczenia.html\" rel=\"nofollow noopener\" target=\"_blank\">Premier Izraela z\u0142o\u017cy\u0142 Ira\u0144czykom \u017cyczenia<\/a> z\u00a0okazji Nouruz (pers. nowy dzie\u0144). To\u00a0tradycyjne ira\u0144skie \u015bwi\u0119to nowego roku perskiego, obchodzone w\u00a0dniu r\u00f3wnonocy wiosennej. W\u00a02010\u00a0r. zosta\u0142o proklamowane rezolucj\u0105 Zgromadzenia Og\u00f3lnego ONZ jako \u015bwi\u0119to mi\u0119dzynarodowe i\u00a0obchodzone jest 21 marca. &#13;\n<\/p>\n<p>&#13;<br \/>\nW kr\u00f3tkim wideo Benjamin Netanjahu zwr\u00f3ci\u0142 uwag\u0119 na\u00a0symbolik\u0119 \u015bwiat\u0142a pokonuj\u0105cego ciemno\u015b\u0107 oraz\u00a0triumfu dobra nad z\u0142em. \u2013\u00a0\u017bycz\u0119 wam, jak co\u00a0roku, weso\u0142ych \u015bwi\u0105t. (&#8230;) To\u00a0\u015bwi\u0119to ma\u00a0wyj\u0105tkowe znaczenie, obchodzone jest z\u00a0przyjaci\u00f3\u0142mi, rodzin\u0105, ukochanymi. Wykorzystuj\u0119 t\u0119\u00a0okazj\u0119, aby\u00a0\u017cyczy\u0107 wam szcz\u0119\u015bliwego Nouruzu, roku wolno\u015bci, nowego pocz\u0105tku i\u00a0nadziei dla\u00a0was, moi drodzy przyjaciele \u2013\u00a0powiedzia\u0142. &#13;\n<\/p>\n<p>&#13;<br \/>\nCzytaj te\u017c:<br \/><a href=\"https:\/\/dorzeczy.pl\/swiat\/861967\/wojna-na-bliskim-wschodzie-nieoficjalnie-iran-trafil-w-amerykanski-f-35.html\" rel=\"follow nofollow noopener\" data-schema=\"DORZECZY\" data-image=\"https:\/\/img.dorzeczy.pl\/_thumb\/68\/9d\/84a572638f9f190ab732473ce695.jpeg\" target=\"_blank\">K\u0142opoty Amerykan\u00f3w. Pierwszy taki incydent na\u00a0wojnie<\/a>Czytaj te\u017c:<br \/><a href=\"https:\/\/dorzeczy.pl\/swiat\/861985\/wojna-na-bliskim-wschodzie-szef-dyplomacji-omanu-usa-utracily-kontrole.html\" rel=\"follow nofollow noopener\" data-schema=\"DORZECZY\" data-image=\"https:\/\/img.dorzeczy.pl\/_thumb\/2f\/00\/688a3417399f7aa9f9d770bbb83a.jpeg\" target=\"_blank\">Szef dyplomacji Omanu: USA da\u0142y si\u0119 wci\u0105gn\u0105\u0107 w\u00a0nie swoj\u0105 wojn\u0119<\/a>&#13;<\/p>\n","protected":false},"excerpt":{"rendered":"&#13; Netanjahu zabra\u0142 g\u0142os podczas czwartkowej konferencji prasowej. Szef izraelskiego rz\u0105du, cytowany przez agencj\u0119 Reutera, przekaza\u0142, \u017ce\u00a0aktualnie niszczone&hellip;\n","protected":false},"author":2,"featured_media":315750,"comment_status":"","ping_status":"","sticky":false,"template":"","format":"standard","meta":{"footnotes":"","_share_on_mastodon":"0"},"categories":[14],"tags":[7350,32,33,98,27,663,91,34,35,28,31,888,25,103,102,40,41,50686,80,29,30,71,26,892,82,83,84],"class_list":["post-315749","post","type-post","status-publish","format-standard","has-post-thumbnail","category-swiat","tag-bliski-wschod","tag-breaking-news","tag-breakingnews","tag-dorzeczy","tag-headlines","tag-iran","tag-izrael","tag-latest-news","tag-latestnews","tag-naglowki","tag-najwazniejsze-artykuly","tag-netanjahu","tag-news","tag-obserwator-mediow","tag-opinie","tag-polish","tag-polski","tag-premier-izraela","tag-swiat","tag-top-stories","tag-topstories","tag-usa","tag-wiadomosci","tag-wojna","tag-world","tag-world-news","tag-worldnews"],"share_on_mastodon":{"url":"https:\/\/pubeurope.com\/@pl\/116260216862610445","error":""},"_links":{"self":[{"href":"https:\/\/www.europesays.com\/pl\/wp-json\/wp\/v2\/posts\/315749","targetHints":{"allow":["GET"]}}],"collection":[{"href":"https:\/\/www.europesays.com\/pl\/wp-json\/wp\/v2\/posts"}],"about":[{"href":"https:\/\/www.europesays.com\/pl\/wp-json\/wp\/v2\/types\/post"}],"author":[{"embeddable":true,"href":"https:\/\/www.europesays.com\/pl\/wp-json\/wp\/v2\/users\/2"}],"replies":[{"embeddable":true,"href":"https:\/\/www.europesays.com\/pl\/wp-json\/wp\/v2\/comments?post=315749"}],"version-history":[{"count":0,"href":"https:\/\/www.europesays.com\/pl\/wp-json\/wp\/v2\/posts\/315749\/revisions"}],"wp:featuredmedia":[{"embeddable":true,"href":"https:\/\/www.europesays.com\/pl\/wp-json\/wp\/v2\/media\/315750"}],"wp:attachment":[{"href":"https:\/\/www.europesays.com\/pl\/wp-json\/wp\/v2\/media?parent=315749"}],"wp:term":[{"taxonomy":"category","embeddable":true,"href":"https:\/\/www.europesays.com\/pl\/wp-json\/wp\/v2\/categories?post=315749"},{"taxonomy":"post_tag","embeddable":true,"href":"https:\/\/www.europesays.com\/pl\/wp-json\/wp\/v2\/tags?post=315749"}],"curies":[{"name":"wp","href":"https:\/\/api.w.org\/{rel}","templated":true}]}}