{"id":316362,"date":"2026-03-20T13:12:21","date_gmt":"2026-03-20T13:12:21","guid":{"rendered":"https:\/\/www.europesays.com\/pl\/316362\/"},"modified":"2026-03-20T13:12:21","modified_gmt":"2026-03-20T13:12:21","slug":"sandra-kubicka-poszukuje-pracownika-do-swojego-zespolu-takie-warunki-oferuje","status":"publish","type":"post","link":"https:\/\/www.europesays.com\/pl\/316362\/","title":{"rendered":"Sandra Kubicka poszukuje pracownika do swojego zespo\u0142u. Takie warunki oferuje"},"content":{"rendered":"<p><a href=\"https:\/\/plejada.pl\/temat\/sandra-kubicka\/cdfldwm\" id=\"dd8e69f7-4e23-482d-b852-1130dfc386e7\" rel=\"nofollow noopener\" target=\"_blank\">Sandra Kubicka, <\/a>jedna z najbardziej rozpoznawalnych polskich influencerek, nie przestaje zaskakiwa\u0107 dynamik\u0105 swoich dzia\u0142a\u0144 zawodowych. Cho\u0107 ostatnie miesi\u0105ce przynios\u0142y jej sporo zmian w \u017cyciu prywatnym \u2014 16 marca oficjalnie zako\u0144czy\u0142o si\u0119 jej ma\u0142\u017ce\u0144stwo z Aleksandrem Baronem, a pod koniec stycznia modelka poinformowa\u0142a o zamkni\u0119ciu swojej matcharni w centrum Warszawy \u2014 celebrytka nie zamierza zwalnia\u0107 tempa. Dalszy ci\u0105g artyku\u0142u pod materia\u0142em wideo Sandra Kubicka rekrutuje. Poda\u0142a warunki i korzy\u015bci<\/p>\n<p>Jak og\u0142osi\u0142a 19 marca na swoim Instagramie, Sandra Kubicka obecnie poszukuje grafika lub graficzki komputerowej do swojego zespo\u0142u. Przedsi\u0119biorczyni nie tylko poinformowa\u0142a o rekrutacji, ale tak\u017ce szczeg\u00f3\u0142owo przedstawi\u0142a warunki wsp\u00f3\u0142pracy. Kandydaci mog\u0105 liczy\u0107 na elastyczn\u0105 form\u0119 zatrudnienia \u2014 do wyboru pozostaje umowa o prac\u0119, umowa zlecenie lub kontrakt B2B. Wynagrodzenie? Od 5 tys. do 8 tys. z\u0142 netto, w zale\u017cno\u015bci od wybranej formy wsp\u00f3\u0142pracy.<\/p>\n<p>      <img decoding=\"async\" src=\"https:\/\/www.europesays.com\/pl\/wp-content\/uploads\/2026\/03\/Ps_k9lBaHR0cHM6Ly9vY2RuLmV1L3B1bHNjbXMvTURBXy8wNmMxODBhZTY4ZTgwZmRiYWQ1M2I5N2YwNDNmMWFmMC5wbmeRlQLNA.jpeg\" height=\"434\" width=\"246\" alt=\"Sandra Kubicka Relacja\" loading=\"lazy\" class=\"ods-c-image__img ods-c-image__img--vertical\"\/> <\/p>\n<p>Sandra Kubicka RelacjaInstagram\/sandrakubicka \/ Instagram\/sandrakubicka<\/p>\n<p>W\u015br\u00f3d benefit\u00f3w Sandra Kubicka wymieni\u0142a brak dress code&#8217;u, prac\u0119 w zespole pe\u0142nym pozytywnej energii oraz mo\u017cliwo\u015b\u0107 realnego wp\u0142ywu na projekty i rozw\u00f3j zawodowy.<\/p>\n<p> <img decoding=\"async\" src=\"https:\/\/www.europesays.com\/pl\/wp-content\/uploads\/2026\/03\/TArk9lBaHR0cHM6Ly9vY2RuLmV1L3B1bHNjbXMvTURBXy80ODIyNjQ1ZWEyYjFiMjk3ODQzOWIwOWZhMmY1YjM1MC5wbmeRlQLNA.jpeg\" height=\"436\" width=\"243\" alt=\"Sandra Kubicka Relacja\" loading=\"lazy\" class=\"ods-c-image__img ods-c-image__img--vertical\"\/> <\/p>\n<p>Sandra Kubicka RelacjaInstagram\/sandrakubicka \/ Instagram\/sandrakubicka<\/p>\n<p> Dzi\u0119kujemy, \u017ce przeczyta\u0142a\u015b\/e\u015b nasz artyku\u0142 do ko\u0144ca. W serwisie Plejada.pl ka\u017cdego dnia piszemy o najwa\u017cniejszych wydarzeniach show-biznesowych. B\u0105d\u017a na bie\u017c\u0105co! <a rel=\"nofollow noopener\" href=\"https:\/\/news.google.com\/publications\/CAAiEF0PeAlb7W1llpV_mwV2rL4qFAgKIhBdD3gJW-1tZZaVf5sFdqy-?hl=pl&amp;gl=PL&amp;ceid=PL%3Apl\" id=\"f664e415-f53a-4029-aeb1-5f89d638b6ba\" target=\"_blank\">Obserwuj<\/a> Plejad\u0119 w Wiadomo\u015bciach Google. Odwied\u017a nas tak\u017ce na <a rel=\"nofollow noopener\" href=\"https:\/\/www.facebook.com\/plejadapl\" id=\"32bd2b65-fd01-4154-b52c-bb02d5e4f03a\" target=\"_blank\">Facebooku<\/a>, <a rel=\"nofollow noopener\" href=\"https:\/\/www.instagram.com\/plejadapl\/\" id=\"4125e8a2-1d6f-4760-a453-80951cf7f0a0\" target=\"_blank\">Instagramie<\/a>, <a rel=\"nofollow noopener\" href=\"https:\/\/www.youtube.com\/c\/plejada\" id=\"33db59e5-60ca-405c-a51b-80e8b73fd696\" target=\"_blank\">YouTubie<\/a> oraz <a rel=\"nofollow noopener\" href=\"https:\/\/www.tiktok.com\/@plejada_pl\" id=\"c17b4ec0-f5ac-491b-ba95-b43baa50ccfe\" target=\"_blank\">TikToku<\/a>.     <\/p>\n<p>Chcesz podzieli\u0107 si\u0119 ciekawym newsem lub zaproponowa\u0107 temat? Skontaktuj si\u0119 z nami, pisz\u0105c maila na adres: plejada@redakcjaonet.pl.<\/p>\n<p><script async src=\"\/\/www.instagram.com\/embed.js\"><\/script><script async src=\"\/\/www.tiktok.com\/embed.js\"><\/script><\/p>\n","protected":false},"excerpt":{"rendered":"Sandra Kubicka, jedna z najbardziej rozpoznawalnych polskich influencerek, nie przestaje zaskakiwa\u0107 dynamik\u0105 swoich dzia\u0142a\u0144 zawodowych. Cho\u0107 ostatnie miesi\u0105ce&hellip;\n","protected":false},"author":2,"featured_media":316363,"comment_status":"","ping_status":"","sticky":false,"template":"","format":"standard","meta":{"footnotes":"","_share_on_mastodon":"0"},"categories":[22],"tags":[122,48,125,46,42,38,40,39,41,123,2992,47],"class_list":["post-316362","post","type-post","status-publish","format-standard","has-post-thumbnail","category-rozrywka","tag-entertainment","tag-nat_styl","tag-newsy","tag-omp","tag-pl","tag-poland","tag-polish","tag-polska","tag-polski","tag-rozrywka","tag-sandra_kubicka","tag-screening_general"],"share_on_mastodon":{"url":"https:\/\/pubeurope.com\/@pl\/116261679842213041","error":""},"_links":{"self":[{"href":"https:\/\/www.europesays.com\/pl\/wp-json\/wp\/v2\/posts\/316362","targetHints":{"allow":["GET"]}}],"collection":[{"href":"https:\/\/www.europesays.com\/pl\/wp-json\/wp\/v2\/posts"}],"about":[{"href":"https:\/\/www.europesays.com\/pl\/wp-json\/wp\/v2\/types\/post"}],"author":[{"embeddable":true,"href":"https:\/\/www.europesays.com\/pl\/wp-json\/wp\/v2\/users\/2"}],"replies":[{"embeddable":true,"href":"https:\/\/www.europesays.com\/pl\/wp-json\/wp\/v2\/comments?post=316362"}],"version-history":[{"count":0,"href":"https:\/\/www.europesays.com\/pl\/wp-json\/wp\/v2\/posts\/316362\/revisions"}],"wp:featuredmedia":[{"embeddable":true,"href":"https:\/\/www.europesays.com\/pl\/wp-json\/wp\/v2\/media\/316363"}],"wp:attachment":[{"href":"https:\/\/www.europesays.com\/pl\/wp-json\/wp\/v2\/media?parent=316362"}],"wp:term":[{"taxonomy":"category","embeddable":true,"href":"https:\/\/www.europesays.com\/pl\/wp-json\/wp\/v2\/categories?post=316362"},{"taxonomy":"post_tag","embeddable":true,"href":"https:\/\/www.europesays.com\/pl\/wp-json\/wp\/v2\/tags?post=316362"}],"curies":[{"name":"wp","href":"https:\/\/api.w.org\/{rel}","templated":true}]}}