{"id":316547,"date":"2026-03-20T15:21:14","date_gmt":"2026-03-20T15:21:14","guid":{"rendered":"https:\/\/www.europesays.com\/pl\/316547\/"},"modified":"2026-03-20T15:21:14","modified_gmt":"2026-03-20T15:21:14","slug":"niemcy-maja-dosc-polityki-orbana-w-ue","status":"publish","type":"post","link":"https:\/\/www.europesays.com\/pl\/316547\/","title":{"rendered":"Niemcy maj\u0105 do\u015b\u0107 polityki Orbana w UE"},"content":{"rendered":"\n<p>&#13;<br \/>\nWed\u0142ug Politico, Niemcy maj\u0105 powoli do\u015b\u0107 zachowania W\u0119gier wobec Ukrainy. Portal stwierdza, powo\u0142uj\u0105c si\u0119 na\u00a0kilku dyplomat\u00f3w, \u017ce\u00a0szef niemieckiego MSZ mia\u0142 da\u0107 w\u0119gierskim politykom &#8222;bardzo bezpo\u015brednie i\u00a0jasne\u201d sygna\u0142y, kt\u00f3re &#8222;nie pozostawiaj\u0105 w\u0105tpliwo\u015bci, \u017ce\u00a0nie mo\u017cna tego d\u0142u\u017cej tolerowa\u0107\u201d. Jednocze\u015bnie \u017ar\u00f3d\u0142a zaprzeczy\u0142y twierdzeniom dyrektora biura politycznego premiera W\u0119gier Balazsa Orbana, kt\u00f3ry powiedzia\u0142, \u017ce\u00a0Berlin grozi\u0142 w\u0119gierskiemu ministrowi spraw zagranicznych P\u00e9terowi Szijj\u00e1rt\u00f3. &#13;\n<\/p>\n<p>&#13;<br \/>\n\u2013 Premier Orb\u00e1n musi zrozumie\u0107, \u017ce\u00a0nieustannie testuje granice tolerancji innych pa\u0144stw cz\u0142onkowskich. To\u00a0nie mo\u017ce trwa\u0107 wiecznie \u2013\u00a0powiedzia\u0142 wysoki rang\u0105 dyplomata UE z\u00a0&#8222;kraju \u015bredniej wielko\u015bci\u201d. Jednocze\u015bnie inny dyplomata stwierdzi\u0142, \u017ce\u00a0zachowanie Budapesztu b\u0119dzie mia\u0142o konsekwencje po\u00a0wyborach na\u00a0W\u0119grzech. &#13;\n<\/p>\n<p>&#13;<br \/>\nPortal wskaza\u0142, \u017ce\u00a0na W\u0119grzech zaczynaj\u0105 pojawia\u0107 si\u0119 w\u0105tpliwo\u015bci, czy\u00a0kt\u00f3ra\u015b ze\u00a0stron politycznego sporu b\u0119dzie w\u00a0stanie pogodzi\u0107 si\u0119 z\u00a0wyborcz\u0105 pora\u017ck\u0105. &#13;\n<\/p>\n<p>Wybory na\u00a0W\u0119grzech. Budapeszt oskar\u017ca Ukrain\u0119<\/p>\n<p>&#13;<br \/>\nS\u0142u\u017cba Bezpiecze\u0144stwa Ukrainy poinformowa\u0142a w\u00a0\u015brod\u0119 o\u00a0wykryciu &#8222;nowej informacyjnej i\u00a0psychologicznej operacji specjalnej rosyjskich s\u0142u\u017cb wywiadowczych&#8221;. Jak przekazano, jej celem by\u0142a &#8222;destabilizacja sytuacji na\u00a0Zakarpaciu i\u00a0eskalacja napi\u0119\u0107 mi\u0119dzy Ukrain\u0105 a\u00a0W\u0119grami&#8221;. &#13;\n<\/p>\n<p>&#13;<br \/>\nDo sprawy odni\u00f3s\u0142 si\u0119 w\u00a0mediach spo\u0142eczno\u015bciowych minister spraw zagranicznych Ukrainy Andrii Sybiha. W\u00a0serwisie X napisa\u0142, \u017ce\u00a0&#8222;S\u0142u\u017cba Bezpiecze\u0144stwa Ukrainy odkry\u0142a zakrojon\u0105 na\u00a0szerok\u0105 skal\u0119 rosyjsk\u0105 operacj\u0119 dezinformacyjn\u0105 wymierzon\u0105 w\u00a0cz\u0142onk\u00f3w spo\u0142eczno\u015bci w\u0119gierskiej na\u00a0Ukrainie&#8221;. &#13;\n<\/p>\n<p>&#13;<br \/>\nNa wypowiedzi strony ukrai\u0144skiej <a href=\"https:\/\/dorzeczy.pl\/opinie\/861559\/szijjarto-uderza-w-ukraine-przestancie-ingerowac-w-nasze-wybory.html\" rel=\"nofollow noopener\" target=\"_blank\">ostro zareagowa\u0142 minister spraw zagranicznych W\u0119gier P\u00e9ter Szijj\u00e1rt\u00f3<\/a>. &#8222;Do\u015b\u0107 ju\u017c tego! Wiemy, \u017ce\u00a0w\u00a0waszym interesie le\u017cy zwyci\u0119stwo opozycji w\u00a0wyborach na\u00a0W\u0119grzech&#8221; \u2013\u00a0napisa\u0142 w\u00a0mediach spo\u0142eczno\u015bciowych. Szef w\u0119gierskiej dyplomacji przekonywa\u0142, \u017ce\u00a0zmiana w\u0142adzy oznacza\u0142aby wi\u0119ksze zaanga\u017cowanie Budapesztu po\u00a0stronie Ukrainy. &#8222;Pozwoliliby wam wci\u0105gn\u0105\u0107 W\u0119gry w\u00a0wasz\u0105 wojn\u0119 [\u2026] i\u00a0pozwoliliby Ukrainie przyst\u0105pi\u0107 do\u00a0UE&#8221; \u2013\u00a0oceni\u0142. &#13;\n<\/p>\n<p>&#13;<br \/>\nCzytaj te\u017c:<br \/><a href=\"https:\/\/dorzeczy.pl\/opinie\/861676\/orban-podal-warunek-wycofania-weta-dla-pozyczki-dla-kijowa.html\" rel=\"follow nofollow noopener\" data-schema=\"DORZECZY\" data-image=\"https:\/\/img.dorzeczy.pl\/_thumb\/e2\/23\/9903ba7d58297133b938f00ebb39.jpeg\" target=\"_blank\">Unijna po\u017cyczka dla\u00a0Ukrainy. Orban poda\u0142 warunek wycofania weta<\/a>Czytaj te\u017c:<br \/><a href=\"https:\/\/dorzeczy.pl\/opinie\/861595\/unijne-srodki-boka-zwrotu-musicie-zazadac-takze-od-polski.html\" rel=\"follow nofollow noopener\" data-schema=\"DORZECZY\" data-image=\"https:\/\/img.dorzeczy.pl\/_thumb\/2d\/03\/43deb09274dffd04597949a69005.jpeg\" target=\"_blank\">Pieni\u0105dze z\u00a0KPO. W\u0119gierski minister: Zwrotu musicie za\u017c\u0105da\u0107 tak\u017ce od\u00a0Polski<\/a>&#13;<\/p>\n","protected":false},"excerpt":{"rendered":"&#13; Wed\u0142ug Politico, Niemcy maj\u0105 powoli do\u015b\u0107 zachowania W\u0119gier wobec Ukrainy. Portal stwierdza, powo\u0142uj\u0105c si\u0119 na\u00a0kilku dyplomat\u00f3w, \u017ce\u00a0szef&hellip;\n","protected":false},"author":2,"featured_media":301277,"comment_status":"","ping_status":"","sticky":false,"template":"","format":"standard","meta":{"footnotes":"","_share_on_mastodon":"0"},"categories":[14],"tags":[32,33,98,27,34,35,601,28,31,25,295,102,40,907,41,80,29,30,94,415,50774,2670,26,82,83,84],"class_list":["post-316547","post","type-post","status-publish","format-standard","has-post-thumbnail","category-swiat","tag-breaking-news","tag-breakingnews","tag-dorzeczy","tag-headlines","tag-latest-news","tag-latestnews","tag-marcin-bugaj","tag-naglowki","tag-najwazniejsze-artykuly","tag-news","tag-niemcy","tag-opinie","tag-polish","tag-polityka","tag-polski","tag-swiat","tag-top-stories","tag-topstories","tag-ue","tag-ukraina","tag-wadephul","tag-wegry","tag-wiadomosci","tag-world","tag-world-news","tag-worldnews"],"share_on_mastodon":{"url":"https:\/\/pubeurope.com\/@pl\/116262186823411251","error":""},"_links":{"self":[{"href":"https:\/\/www.europesays.com\/pl\/wp-json\/wp\/v2\/posts\/316547","targetHints":{"allow":["GET"]}}],"collection":[{"href":"https:\/\/www.europesays.com\/pl\/wp-json\/wp\/v2\/posts"}],"about":[{"href":"https:\/\/www.europesays.com\/pl\/wp-json\/wp\/v2\/types\/post"}],"author":[{"embeddable":true,"href":"https:\/\/www.europesays.com\/pl\/wp-json\/wp\/v2\/users\/2"}],"replies":[{"embeddable":true,"href":"https:\/\/www.europesays.com\/pl\/wp-json\/wp\/v2\/comments?post=316547"}],"version-history":[{"count":0,"href":"https:\/\/www.europesays.com\/pl\/wp-json\/wp\/v2\/posts\/316547\/revisions"}],"wp:featuredmedia":[{"embeddable":true,"href":"https:\/\/www.europesays.com\/pl\/wp-json\/wp\/v2\/media\/301277"}],"wp:attachment":[{"href":"https:\/\/www.europesays.com\/pl\/wp-json\/wp\/v2\/media?parent=316547"}],"wp:term":[{"taxonomy":"category","embeddable":true,"href":"https:\/\/www.europesays.com\/pl\/wp-json\/wp\/v2\/categories?post=316547"},{"taxonomy":"post_tag","embeddable":true,"href":"https:\/\/www.europesays.com\/pl\/wp-json\/wp\/v2\/tags?post=316547"}],"curies":[{"name":"wp","href":"https:\/\/api.w.org\/{rel}","templated":true}]}}