{"id":316636,"date":"2026-03-20T16:26:07","date_gmt":"2026-03-20T16:26:07","guid":{"rendered":"https:\/\/www.europesays.com\/pl\/316636\/"},"modified":"2026-03-20T16:26:07","modified_gmt":"2026-03-20T16:26:07","slug":"burza-po-wyroku-nsa-w-sprawie-malzenstw-jednoplciowych-niedopuszczalne","status":"publish","type":"post","link":"https:\/\/www.europesays.com\/pl\/316636\/","title":{"rendered":"Burza po wyroku NSA w sprawie ma\u0142\u017ce\u0144stw jednop\u0142ciowych. &#8222;Niedopuszczalne&#8221;"},"content":{"rendered":"<p><a href=\"https:\/\/wiadomosci.onet.pl\/kraj\/malzenstwa-jednoplciowe-naczelny-sad-administracyjny-oglosil-wyrok\/85ts4kq\" id=\"355d84a7-c358-42da-ab92-4e8b496b9bb8\" rel=\"nofollow noopener\" target=\"_blank\">Naczelny S\u0105d Administracyjny uchyli\u0142 w pi\u0105tek wyrok <\/a>sto\u0142ecznego s\u0105du administracyjnego oraz decyzj\u0119 odmawiaj\u0105c\u0105 wpisania do rejestru stanu cywilnego aktu ma\u0142\u017ce\u0144stwa jednop\u0142ciowego, zawartego za granic\u0105. Jednocze\u015bnie zobowi\u0105za\u0142 kierownika sto\u0142ecznego urz\u0119du stanu cywilnego do przeniesienia do polskiego rejestru takiego aktu ma\u0142\u017ce\u0144stwa jednop\u0142ciowego. Dalszy ci\u0105g artyku\u0142u pod materia\u0142em wideo W PiS oburzenie po wyroku s\u0105du. Partia szykuje wniosek do TK<\/p>\n<p>Decyzja s\u0105du wywo\u0142a\u0142a burz\u0119. Politycy PiS niezw\u0142ocznie zapowiedzieli z\u0142o\u017cenie wniosku do Trybuna\u0142u Konstytucyjnego. Podczas pi\u0105tkowej konferencji prasowej w Sejmie szef klubu PiS Mariusz B\u0142aszczak zaznaczy\u0142, \u017ce wyroku NSA nie mo\u017cna zaskar\u017cy\u0107 do Trybuna\u0142u Konstytucyjnego, ale mo\u017cna zaskar\u017cy\u0107 przepis, na podstawie kt\u00f3rego NSA wyda\u0142 orzeczenie. \u2014 W zwi\u0105zku z tym klub parlamentarny PiS taki wniosek do TK z\u0142o\u017cy. Ten wniosek przygotowa\u0142 pan profesor [pose\u0142 PiS] Marcin Warcho\u0142. Ten wniosek jest ju\u017c gotowy \u2014 o\u015bwiadczy\u0142.<\/p>\n<p>Warcho\u0142 podkre\u015bli\u0142, \u017ce &#8222;przepisy nie s\u0105 abstrakcyjne, zawieszone w pr\u00f3\u017cni&#8221;. \u2014 \u017byj\u0105 w konkretnych realiach, a te konkretne realia dzi\u015b niestety widzimy. To s\u0105d administracyjny nada\u0142 tym przepisom tak\u0105 bezprawn\u0105 tre\u015b\u0107, tre\u015b\u0107 niekonstytucyjn\u0105 i to rozumienie tej normy b\u0119dziemy do TK skar\u017cy\u0107 \u2014 podkre\u015bli\u0142.<\/p>\n<p>\u2014 NSA wyda\u0142 wyrok bezprawny i niekonstytucyjny, przepisuj\u0105c nam tutaj rozwi\u0105zania, kt\u00f3re s\u0105 obce polskiej konstytucji, polskiej kulturze prawnej. Nigdy Polacy nie zgodzili si\u0119 na to, \u017ceby ma\u0142\u017ce\u0144stwa homoseksualne by\u0142y zr\u00f3wnane z ma\u0142\u017ce\u0144stwami, o kt\u00f3rych mowa w art. 18 konstytucji \u2014 doda\u0142 Warcho\u0142.<\/p>\n<p>     &#8222;Ostrzegali\u015bmy&#8221;<\/p>\n<p>Krytyczny wpis zamie\u015bci\u0142 tak\u017ce pose\u0142 PiS Micha\u0142 W\u00f3jcik. &#8222;Ostrzegali\u015bmy ju\u017c przed laty, \u017ce tak mo\u017ce si\u0119 sta\u0107. Dzi\u015b Naczelny S\u0105d Administracyjny nakaza\u0142 wpisanie do rejestru stanu cywilnego aktu ma\u0142\u017ce\u0144stwa jednop\u0142ciowego, zawartego za granic\u0105. To niedopuszczalne z\u0142amanie polskiej Konstytucji. S\u0119dziokracja pr\u00f3buje otworzy\u0107 drzwi do adopcji dzieci przez pary homoseksualne&#8221; \u2014 napisa\u0142.<\/p>\n<p>Niech\u0119ci nie ukrywa tak\u017ce polityk Konfederacji \u0141ukasz Rzepecki. &#8222;T\u0119czowe lobby ponownie atakuje podstawy polskiej rodziny oraz struktury spo\u0142ecze\u0144stwa. Ich pseudorozumienie podstawowej kom\u00f3rki spo\u0142ecznej nigdy nie znajdzie akceptacji w naszym kraju. Zawsze i wsz\u0119dzie b\u0119dzie to zwalczane przez normalno\u015b\u0107, bez kt\u00f3rej nie ma przysz\u0142o\u015bci. Lewactwo mo\u017ce chwilowo si\u0119 cieszy\u0107. Walka jednak trwa, a \u015bmieszne decyzje TSUE mo\u017cemy co najwy\u017cej wrzuci\u0107 do kosza&#8221; \u2014 skomentowa\u0142.<\/p>\n<p> Euforia w Lewicy. &#8222;Mi\u0142o\u015b\u0107 nie zna granic&#8221;<\/p>\n<p>Zupe\u0142nie inne zdanie maj\u0105 natomiast politycy Lewicy.<\/p>\n<p>&#8222;Urz\u0105d Stanu Cywilnego musi uzna\u0107 zagraniczny akt ma\u0142\u017ce\u0144stwa os\u00f3b tej samej p\u0142ci. To prze\u0142omowy wyrok Naczelnego S\u0105du Administracyjnego!  To decyzja s\u0105du, kt\u00f3ra potwierdza, \u017ce t\u0119czowe rodziny s\u0105 r\u00f3wne wobec prawa. Widzia\u0142 to ju\u017c TSUE, teraz potwierdza to NSA. To krok milowy dla r\u00f3wnego traktowania. A nasz cel jako Lewicy pozostaje niezmienny \u2014 zwi\u0105zki partnerskie i r\u00f3wno\u015b\u0107 ma\u0142\u017ce\u0144ska!&#8221; \u2014 napisa\u0142 wicepremier i minister cyfryzacji Krzysztof Gawkowski.<\/p>\n<p>&#8222;Naczelny S\u0105d Administracyjny wyda\u0142 prze\u0142omowy wyrok. Od pocz\u0105tku m\u00f3wi\u0142am i nie zmieniam zdania \u2014 Polska musi ten wyrok wdro\u017cy\u0107. Nie potrzebujemy zmian ustawowych, aby Urz\u0105d Stanu Cywilnego m\u00f3g\u0142 dokonywa\u0107 transkrypcji. T\u0119czowe rodziny i wyzwania, z jakimi si\u0119 mierz\u0105 w zwi\u0105zku ze swobod\u0105 przep\u0142ywu obywateli w UE, widzi TSUE, dzi\u015b zobaczy\u0142 je te\u017c NSA, widzi je tak\u017ce rz\u0105d, kt\u00f3ry przygotowa\u0142 narz\u0119dzie. Wdro\u017cmy je w \u017cycie&#8221; \u2014 napisa\u0142a pos\u0142anka partii Katarzyna Kotula.<\/p>\n<p>&#8222;Mi\u0142o\u015b\u0107 nie zna granic, a zwi\u0105zki zawarte w jednym kraju nie przestaj\u0105 istnie\u0107 w momencie przekraczania granicy. Dzisiejsze orzeczenie Naczelnego S\u0105du Administracyjnego to ma\u0142y, ale wa\u017cny krok w stron\u0119 r\u00f3wno\u015bci&#8221; \u2014 pisze ministra rodziny, pracy i polityki spo\u0142ecznej Agnieszka Dziemianowicz-B\u0105k.<\/p>\n<p>&#8222;Wierz\u0119, \u017ce ten wyrok to nieodwracalny krok naprz\u00f3d dla os\u00f3b LGBT+. Teraz transkrypcja, ale dalej walczymy o w pe\u0142ni legalne ma\u0142\u017ce\u0144stwa jednop\u0142ciowe w Polsce!&#8221; \u2014 skomentowa\u0142 europose\u0142 Lewicy Robert Biedro\u0144.<\/p>\n<p>&#8222;TO JEST PRZE\u0141OM! Naczelny S\u0105d Administracyjny uzna\u0142, \u017ce odmawianie transkrypcji zagranicznych akt\u00f3w ma\u0142\u017ce\u0144skich jest niezgodne z prawem! Wkr\u00f3tce zobaczymy wi\u0119c pierwsze polskie ma\u0142\u017ce\u0144stwo dw\u00f3ch m\u0119\u017cczyzn, Jakuba i Mateusza! To nie Unia nam co\u015b nakazuje, to POLSKI s\u0105d przem\u00f3wi\u0142&#8221; \u2014 nie kryje rado\u015bci kolejny europose\u0142 Lewicy Krzysztof \u015amiszek.<\/p>\n","protected":false},"excerpt":{"rendered":"Naczelny S\u0105d Administracyjny uchyli\u0142 w pi\u0105tek wyrok sto\u0142ecznego s\u0105du administracyjnego oraz decyzj\u0119 odmawiaj\u0105c\u0105 wpisania do rejestru stanu cywilnego&hellip;\n","protected":false},"author":2,"featured_media":316637,"comment_status":"","ping_status":"","sticky":false,"template":"","format":"standard","meta":{"footnotes":"","_share_on_mastodon":"0"},"categories":[5],"tags":[1164,32,33,36,37,27,12915,49,13549,34,35,6330,9556,44196,50795,17528,28,31,48,25,46,529,42,38,40,39,41,12773,47,29,30,48835,26],"class_list":["post-316636","post","type-post","status-publish","format-standard","has-post-thumbnail","category-naglowki","tag-agnieszka_dziemianowicz_bak","tag-breaking-news","tag-breakingnews","tag-featured-news","tag-featurednews","tag-headlines","tag-katarzyna_kotula","tag-kraj","tag-krzysztof_smiszek","tag-latest-news","tag-latestnews","tag-lgbt","tag-lukasz_rzepecki","tag-marcin_warchol","tag-marusz_blaszczak","tag-naczelny_sad_administracyjny","tag-naglowki","tag-najwazniejsze-artykuly","tag-nat_styl","tag-news","tag-omp","tag-pis","tag-pl","tag-poland","tag-polish","tag-polska","tag-polski","tag-robert_biedron","tag-screening_general","tag-top-stories","tag-topstories","tag-tst_floating_paywall","tag-wiadomosci"],"share_on_mastodon":{"url":"","error":"Validation failed: Text character limit of 500 exceeded"},"_links":{"self":[{"href":"https:\/\/www.europesays.com\/pl\/wp-json\/wp\/v2\/posts\/316636","targetHints":{"allow":["GET"]}}],"collection":[{"href":"https:\/\/www.europesays.com\/pl\/wp-json\/wp\/v2\/posts"}],"about":[{"href":"https:\/\/www.europesays.com\/pl\/wp-json\/wp\/v2\/types\/post"}],"author":[{"embeddable":true,"href":"https:\/\/www.europesays.com\/pl\/wp-json\/wp\/v2\/users\/2"}],"replies":[{"embeddable":true,"href":"https:\/\/www.europesays.com\/pl\/wp-json\/wp\/v2\/comments?post=316636"}],"version-history":[{"count":0,"href":"https:\/\/www.europesays.com\/pl\/wp-json\/wp\/v2\/posts\/316636\/revisions"}],"wp:featuredmedia":[{"embeddable":true,"href":"https:\/\/www.europesays.com\/pl\/wp-json\/wp\/v2\/media\/316637"}],"wp:attachment":[{"href":"https:\/\/www.europesays.com\/pl\/wp-json\/wp\/v2\/media?parent=316636"}],"wp:term":[{"taxonomy":"category","embeddable":true,"href":"https:\/\/www.europesays.com\/pl\/wp-json\/wp\/v2\/categories?post=316636"},{"taxonomy":"post_tag","embeddable":true,"href":"https:\/\/www.europesays.com\/pl\/wp-json\/wp\/v2\/tags?post=316636"}],"curies":[{"name":"wp","href":"https:\/\/api.w.org\/{rel}","templated":true}]}}