{"id":316747,"date":"2026-03-20T17:39:08","date_gmt":"2026-03-20T17:39:08","guid":{"rendered":"https:\/\/www.europesays.com\/pl\/316747\/"},"modified":"2026-03-20T17:39:08","modified_gmt":"2026-03-20T17:39:08","slug":"pozar-zakladu-w-czechach-sluzby-podejrzewaja-ze-to-atak-terrorystyczny","status":"publish","type":"post","link":"https:\/\/www.europesays.com\/pl\/316747\/","title":{"rendered":"Po\u017car zak\u0142adu w Czechach. S\u0142u\u017cby podejrzewaj\u0105, \u017ce to atak terrorystyczny"},"content":{"rendered":"<p>Do po\u017caru w czeskim zak\u0142adzie w Pardubicach dosz\u0142o w pi\u0105tek rano Premier Czech Andrej Babisz uwa\u017ca, \u017ce \u200b\u200bogie\u0144 w Pardubicach m\u00f3g\u0142 zosta\u0107 celowo wzniecony w zwi\u0105zku z konfliktem w Strefie Gazy. Celem ataku sta\u0142y si\u0119 zak\u0142ady firmy zbrojeniowej LPP Holding, kt\u00f3ra wsp\u00f3\u0142pracowa\u0142a z izraelsk\u0105 firm\u0105 Elbit Systems.<\/p>\n<p>&#8222;Na razie nie b\u0119dziemy spekulowa\u0107 na temat przyczyn ani okoliczno\u015bci zdarzenia i poczekamy na oficjalne wnioski ze \u015bledztwa&#8221; \u2014 napisa\u0142a firma LPP w o\u015bwiadczeniu, cytowanym przez Agencj\u0119 Reutera.<\/p>\n<p> Dalszy ci\u0105g artyku\u0142u pod materia\u0142em wideo Po\u017car w czeskiej fabryce broni. \u015aledczy badaj\u0105 akt terroryzmu     <\/p>\n<p>Czeski serwis Aktualne.cz poinformowa\u0142, \u017ce grupa &#8222;The Earthquake Faction&#8221; przyzna\u0142a si\u0119 do podpalania fabryki, aby &#8222;po\u0142o\u017cy\u0107 kres udzia\u0142owi w ludob\u00f3jstwie w Strefie Gazy&#8221;.<\/p>\n<p>Policja pocz\u0105tkowo poinformowa\u0142a, \u017ce \u200b\u200bbada, czy po\u017car zosta\u0142 wzniesiony celowo i sprawdza publiczne doniesienia o &#8222;konkretnej grupie&#8221;, nie podaj\u0105c jej nazwy. P\u00f3\u017aniej funkcjonariusze poinformowali, \u017ce \u015bledczy badaj\u0105 incydent w ramach paragrafu kodeksu karnego dotycz\u0105cego terroryzmu.<\/p>\n","protected":false},"excerpt":{"rendered":"Do po\u017caru w czeskim zak\u0142adzie w Pardubicach dosz\u0142o w pi\u0105tek rano Premier Czech Andrej Babisz uwa\u017ca, \u017ce \u200b\u200bogie\u0144&hellip;\n","protected":false},"author":2,"featured_media":284715,"comment_status":"","ping_status":"","sticky":false,"template":"","format":"standard","meta":{"footnotes":"","_share_on_mastodon":"0"},"categories":[14],"tags":[32,33,779,27,91,34,35,28,31,48,25,46,40,41,47,88,80,29,30,48835,26,82,83,84],"class_list":["post-316747","post","type-post","status-publish","format-standard","has-post-thumbnail","category-swiat","tag-breaking-news","tag-breakingnews","tag-czechy","tag-headlines","tag-izrael","tag-latest-news","tag-latestnews","tag-naglowki","tag-najwazniejsze-artykuly","tag-nat_styl","tag-news","tag-omp","tag-polish","tag-polski","tag-screening_general","tag-strefa_gazy","tag-swiat","tag-top-stories","tag-topstories","tag-tst_floating_paywall","tag-wiadomosci","tag-world","tag-world-news","tag-worldnews"],"share_on_mastodon":{"url":"https:\/\/pubeurope.com\/@pl\/116262729424941172","error":""},"_links":{"self":[{"href":"https:\/\/www.europesays.com\/pl\/wp-json\/wp\/v2\/posts\/316747","targetHints":{"allow":["GET"]}}],"collection":[{"href":"https:\/\/www.europesays.com\/pl\/wp-json\/wp\/v2\/posts"}],"about":[{"href":"https:\/\/www.europesays.com\/pl\/wp-json\/wp\/v2\/types\/post"}],"author":[{"embeddable":true,"href":"https:\/\/www.europesays.com\/pl\/wp-json\/wp\/v2\/users\/2"}],"replies":[{"embeddable":true,"href":"https:\/\/www.europesays.com\/pl\/wp-json\/wp\/v2\/comments?post=316747"}],"version-history":[{"count":0,"href":"https:\/\/www.europesays.com\/pl\/wp-json\/wp\/v2\/posts\/316747\/revisions"}],"wp:featuredmedia":[{"embeddable":true,"href":"https:\/\/www.europesays.com\/pl\/wp-json\/wp\/v2\/media\/284715"}],"wp:attachment":[{"href":"https:\/\/www.europesays.com\/pl\/wp-json\/wp\/v2\/media?parent=316747"}],"wp:term":[{"taxonomy":"category","embeddable":true,"href":"https:\/\/www.europesays.com\/pl\/wp-json\/wp\/v2\/categories?post=316747"},{"taxonomy":"post_tag","embeddable":true,"href":"https:\/\/www.europesays.com\/pl\/wp-json\/wp\/v2\/tags?post=316747"}],"curies":[{"name":"wp","href":"https:\/\/api.w.org\/{rel}","templated":true}]}}