{"id":316762,"date":"2026-03-20T17:49:07","date_gmt":"2026-03-20T17:49:07","guid":{"rendered":"https:\/\/www.europesays.com\/pl\/316762\/"},"modified":"2026-03-20T17:49:07","modified_gmt":"2026-03-20T17:49:07","slug":"alez-zaskoczenie-gwiazdor-wyjezdza-z-polski-przed-koncem-sezonu","status":"publish","type":"post","link":"https:\/\/www.europesays.com\/pl\/316762\/","title":{"rendered":"Ale\u017c zaskoczenie! Gwiazdor wyje\u017cd\u017ca z Polski przed ko\u0144cem sezonu"},"content":{"rendered":"<p>Mathis Henno w 2025 r. zadebiutowa\u0142 w reprezentacji Francji, a na sezon 2025\/2026 podpisa\u0142 kontrakt z Gorzowem, aby jego trenerem by\u0142 jego ojciec. Jego starszy brat, Hilir, uda\u0142 si\u0119 z kolei do Bogdanki LUK Lublin. Ju\u017c po kilku meczach jasne sta\u0142o si\u0119, \u017ce 21-letni Mathis b\u0119dzie zawodnikiem klasy \u015bwiatowej.<\/p>\n<p> Dalszy ci\u0105g artyku\u0142u pod materia\u0142em wideo Mathis Henno odchodzi z Cuprum Stilonu Gorz\u00f3w<\/p>\n<p>Henno jest trzeci w rankingu przyjmuj\u0105cych PlusLigi i pi\u0105ty w rankingu broni\u0105cych, co daje \u015bwietne \u015bwiadectwo jego umiej\u0119tno\u015bci defensywnych. W ofensywie wcale nie jest jednak gorzej.<\/p>\n<p>Mathis zdoby\u0142 w tym sezonie 412 pkt, atakuj\u0105c z 45 proc. skuteczno\u015bci\u0105, ale to do niego sz\u0142y te najtrudniejsze pi\u0142ki. Francuz pos\u0142a\u0142 r\u00f3wnie\u017c 31 as\u00f3w serwisowych. Ju\u017c od kilku miesi\u0119cy wiadomo, \u017ce pomimo wa\u017cnego kontraktu przyjmuj\u0105cy opu\u015bci Gorz\u00f3w. Wykupi\u0142a go w\u0142oska Sir Safety Perugia i w przysz\u0142ym sezonie b\u0119dzie wyst\u0119powa\u0142 u boku Kamila Semeniuka.<\/p>\n<p>Cuprum ma ju\u017c od kilku kolejek zapewnione utrzymanie i nie mo\u017ce r\u00f3wnie\u017c awansowa\u0107 do fazy play-off. Przed ostatnim meczem sezonu gorzowianie zajmuj\u0105 12. miejsce. Klub postanowi\u0142 wi\u0119c przychyli\u0107 si\u0119 do pro\u015bby Henno i pu\u015bci\u0107 go wcze\u015bniej. Wed\u0142ug plotek przyjmuj\u0105cy do\u0142\u0105czy do jednego z francuskich klub\u00f3w przed faz\u0105 play-off, by powalczy\u0107 o mistrzostwo kraju.<\/p>\n<p>Pe\u0142na tre\u015b\u0107 komunikatu klubu z Gorzowa:<\/p>\n<p>Cuprum Stilon Gorz\u00f3w informuje, \u017ce Mathis Henno opuszcza nasz klub przed ostatnim meczem sezonu 2025\/2026 PlusLigi przeciwko PGE GiEK Skrze Be\u0142chat\u00f3w.<\/p>\n<p>Francuski przyjmuj\u0105cy, kt\u00f3ry do\u0142\u0105czy\u0142 do naszej dru\u017cyny 23 czerwca 2025 r., od pierwszych dni sta\u0142 si\u0119 jedn\u0105 z kluczowych postaci zespo\u0142u. W trakcie sezonu nie tylko imponowa\u0142 swoj\u0105 jako\u015bci\u0105 sportow\u0105, ale r\u00f3wnie\u017c bra\u0142 na siebie odpowiedzialno\u015b\u0107 lidera, b\u0119d\u0105c wa\u017cnym punktem dru\u017cyny zar\u00f3wno w ataku, jak i w przyj\u0119ciu.<\/p>\n<p>Mathis rozegra\u0142 w naszych barwach 25 spotka\u0144 ligowych, zdobywaj\u0105c \u0142\u0105cznie 412 punkt\u00f3w, co plasowa\u0142o go w czo\u0142\u00f3wce najlepiej punktuj\u0105cych zawodnik\u00f3w PlusLigi. W trakcie sezonu wielokrotnie potwierdza\u0142 swoj\u0105 klas\u0119 ofensywn\u0105, notuj\u0105c \u015brednio ponad cztery punkty na set oraz b\u0119d\u0105c jednym z najskuteczniejszych przyjmuj\u0105cych w lidze.<\/p>\n<p>Dodatkowo, ju\u017c w trakcie rozgrywek znajdowa\u0142 si\u0119 w \u015bcis\u0142ej czo\u0142\u00f3wce ranking\u00f3w ligowych \u2014 z dorobkiem ponad 360 punkt\u00f3w po 21 kolejkach zajmowa\u0142 wysokie miejsce w klasyfikacji punktuj\u0105cych, a jego przyj\u0119cie utrzymywa\u0142o si\u0119 na poziomie ponad 50 proc. skuteczno\u015bci.<\/p>\n<p>Zawodnik wyst\u0105pi\u0142 do Zarz\u0105du Klubu z pro\u015bb\u0105 o umo\u017cliwienie wcze\u015bniejszego wyjazdu przed zako\u0144czeniem sezonu ligowego. Maj\u0105c na uwadze obecn\u0105, stabiln\u0105 sytuacj\u0119 dru\u017cyny w tabeli i zas\u0142ugi zawodnika, Zarz\u0105d Cuprum Gorz\u00f3w S.A. przychyli\u0142 si\u0119 do tej pro\u015bby.<\/p>\n<p>Dla naszego klubu to moment szczeg\u00f3lny \u2014 \u017cegnamy zawodnika, kt\u00f3ry w kr\u00f3tkim czasie sta\u0142 si\u0119 nie tylko jednym z lider\u00f3w dru\u017cyny, ale r\u00f3wnie\u017c ulubie\u0144cem kibic\u00f3w w Gorzowie. Jego zaanga\u017cowanie, profesjonalizm oraz sportowy rozw\u00f3j w trakcie sezonu by\u0142y wzorem dla ca\u0142ego zespo\u0142u.<\/p>\n<p>Mathis, dzi\u0119kujemy za ka\u017cdy mecz, za emocje, kt\u00f3re dostarcza\u0142e\u015b naszym kibicom, oraz za wk\u0142ad w rozw\u00f3j dru\u017cyny Cuprum Stilon Gorz\u00f3w. \u017byczymy Ci powodzenia w dalszej karierze i trzymamy kciuki za Twoje kolejne sportowe wyzwania.<\/p>\n<p>Do zobaczenia na siatkarskich parkietach!<\/p>\n","protected":false},"excerpt":{"rendered":"Mathis Henno w 2025 r. zadebiutowa\u0142 w reprezentacji Francji, a na sezon 2025\/2026 podpisa\u0142 kontrakt z Gorzowem, aby&hellip;\n","protected":false},"author":2,"featured_media":316763,"comment_status":"","ping_status":"","sticky":false,"template":"","format":"standard","meta":{"footnotes":"","_share_on_mastodon":"0"},"categories":[24],"tags":[30387,48,46,42,6242,38,40,39,41,28927,47,131,127,126],"class_list":["post-316762","post","type-post","status-publish","format-standard","has-post-thumbnail","category-sport","tag-cuprum_stilon_gorzow","tag-nat_styl","tag-omp","tag-pl","tag-plusliga","tag-poland","tag-polish","tag-polska","tag-polski","tag-ps_omp_tst1","tag-screening_general","tag-siatkowka","tag-sport","tag-sports"],"share_on_mastodon":{"url":"https:\/\/pubeurope.com\/@pl\/116262768791635231","error":""},"_links":{"self":[{"href":"https:\/\/www.europesays.com\/pl\/wp-json\/wp\/v2\/posts\/316762","targetHints":{"allow":["GET"]}}],"collection":[{"href":"https:\/\/www.europesays.com\/pl\/wp-json\/wp\/v2\/posts"}],"about":[{"href":"https:\/\/www.europesays.com\/pl\/wp-json\/wp\/v2\/types\/post"}],"author":[{"embeddable":true,"href":"https:\/\/www.europesays.com\/pl\/wp-json\/wp\/v2\/users\/2"}],"replies":[{"embeddable":true,"href":"https:\/\/www.europesays.com\/pl\/wp-json\/wp\/v2\/comments?post=316762"}],"version-history":[{"count":0,"href":"https:\/\/www.europesays.com\/pl\/wp-json\/wp\/v2\/posts\/316762\/revisions"}],"wp:featuredmedia":[{"embeddable":true,"href":"https:\/\/www.europesays.com\/pl\/wp-json\/wp\/v2\/media\/316763"}],"wp:attachment":[{"href":"https:\/\/www.europesays.com\/pl\/wp-json\/wp\/v2\/media?parent=316762"}],"wp:term":[{"taxonomy":"category","embeddable":true,"href":"https:\/\/www.europesays.com\/pl\/wp-json\/wp\/v2\/categories?post=316762"},{"taxonomy":"post_tag","embeddable":true,"href":"https:\/\/www.europesays.com\/pl\/wp-json\/wp\/v2\/tags?post=316762"}],"curies":[{"name":"wp","href":"https:\/\/api.w.org\/{rel}","templated":true}]}}