{"id":316922,"date":"2026-03-20T19:59:07","date_gmt":"2026-03-20T19:59:07","guid":{"rendered":"https:\/\/www.europesays.com\/pl\/316922\/"},"modified":"2026-03-20T19:59:07","modified_gmt":"2026-03-20T19:59:07","slug":"szef-msz-iranu-reaguje-na-slowa-netanjahu-o-jezusie","status":"publish","type":"post","link":"https:\/\/www.europesays.com\/pl\/316922\/","title":{"rendered":"Szef MSZ Iranu reaguje na s\u0142owa Netanjahu o Jezusie"},"content":{"rendered":"\n<p>&#13;<br \/>\n&#8222;Jak na\u00a0cz\u0142owieka tak zale\u017cnego od\u00a0dobrej woli chrze\u015bcijan w\u00a0Stanach Zjednoczonych, otwarta pogarda Netanjahu dla\u00a0Jezusa Chrystusa (PBUH) jest niezwyk\u0142a&#8221; \u2013\u00a0napisa\u0142 Aragczi w\u00a0pi\u0105tek (20 marca) w\u00a0serwisie X. &#13;\n<\/p>\n<p>&#13;<br \/>\n&#8222;Jego bezgraniczne pochwa\u0142y dla\u00a0Czyngis-chana, najgorszego rze\u017anika, jakiego kiedykolwiek widzia\u0142 nasz region, wpisuj\u0105 si\u0119 r\u00f3wnie\u017c w\u00a0jego obecny status poszukiwanego zbrodniarza wojennego&#8221; \u2013\u00a0doda\u0142. &#13;\n<\/p>\n<p>&#13;<br \/>\ntwitter&#13;\n<\/p>\n<p>Premier Izraela: Jezus Chrystus nie\u00a0ma\u00a0\u017cadnej przewagi nad Czyngis-chanem <\/p>\n<p>&#13;<br \/>\nSzef ira\u0144skiej dyplomacji udost\u0119pni\u0142 nagranie, na\u00a0kt\u00f3rym premier Izraela Benjamin Netanjahu m\u00f3wi\u0142 o\u00a0Jezusie Chrystusie i\u00a0Czyngis-chanie, tw\u00f3rcy imperium mongolskiego. &#13;\n<\/p>\n<p>&#13;<br \/>\n\u2013 Historia dowodzi, niestety i\u00a0na szcz\u0119\u015bcie, \u017ce\u00a0Jezus Chrystus nie\u00a0ma\u00a0\u017cadnej przewagi nad Czyngis-chanem. Bo\u00a0je\u015bli jeste\u015b wystarczaj\u0105co silny, wystarczaj\u0105co bezwzgl\u0119dny, wystarczaj\u0105co pot\u0119\u017cny, z\u0142o zwyci\u0119\u017cy nad dobrem. Agresja zwyci\u0119\u017cy nad umiarkowaniem \u2013\u00a0przekonywa\u0142 szef izraelskiego rz\u0105du podczas konferencji prasowej w\u00a0czwartek (19 marca). &#13;\n<\/p>\n<p>&#13;<br \/>\n\u2013 Wi\u0119c nie\u00a0masz wyboru. Patrz\u0105c na\u00a0dzisiejszy \u015bwiat, trzeba by\u0107 \u015blepym, \u017ceby nie\u00a0zauwa\u017cy\u0107, \u017ce\u00a0demokracje pod\u00a0przewodnictwem Stan\u00f3w Zjednoczonych musz\u0105 na\u00a0nowo wyrazi\u0107 wol\u0119 samoobrony. I\u00a0przeciwstawi\u0107 si\u0119 swoim wrogom na\u00a0czas, p\u00f3ki jeszcze czas, zanim og\u0142uszaj\u0105cy gong niebezpiecze\u0144stwa ich obudzi, i\u00a0to za\u00a0p\u00f3\u017ano. W\u0142a\u015bnie w\u00a0tym momencie si\u0119 znajdujemy \u2013\u00a0argumentowa\u0142. &#13;\n<\/p>\n<p>&#13;<br \/>\n\u2013 Fakt, \u017ce\u00a0ludzie tego nie\u00a0dostrzegaj\u0105, \u017ce\u00a0wiele medi\u00f3w zajmuje si\u0119 nie\u00a0tylko fa\u0142szywymi wiadomo\u015bciami, jest kr\u00f3tkowzroczna i\u00a0nie dostrzega okresu historycznego oraz\u00a0historycznej walki, w\u00a0kt\u00f3rej obecnie uczestniczymy, nie\u00a0umniejsza tych prawd \u2013\u00a0doda\u0142. &#13;\n<\/p>\n<p>Netanjahu: W\u0142a\u015bnie to\u00a0robi teraz Izrael razem z\u00a0USA <\/p>\n<p>&#13;<br \/>\n\u2013 Musimy by\u0107 silni i\u00a0uzbrojeni. Musimy by\u0107 pot\u0119\u017cniejsi ni\u017c\u00a0barbarzy\u0144cy, bo\u00a0inaczej nie\u00a0b\u0119d\u0105 stali u\u00a0bram. Wywa\u017c\u0105 nasze bramy i\u00a0zniszcz\u0105 nasze spo\u0142ecze\u0144stwa. W\u0142a\u015bnie to\u00a0robi teraz Izrael ze\u00a0Stanami Zjednoczonymi \u2013\u00a0m\u00f3wi\u0142 Netanjahu, cytowany przez portal Times of\u00a0Israel. &#13;\n<\/p>\n<p>&#13;<br \/>\nUSA i\u00a0Izrael od\u00a028 lutego bombarduj\u0105 Iran. Teheran odpowiada uderzeniami w\u00a0Izrael i\u00a0pa\u0144stwa Zatoki Perskiej, uwa\u017cane za\u00a0sojusznik\u00f3w Ameryki. &#13;\n<\/p>\n<p>&#13;<br \/>\nCzytaj te\u017c:<br \/><a href=\"https:\/\/dorzeczy.pl\/swiat\/862570\/wojna-z-iranem-zapasy-broni-przeciwlotniczej-wyczerpane.html\" rel=\"follow nofollow noopener\" data-schema=\"DORZECZY\" data-image=\"https:\/\/img.dorzeczy.pl\/_thumb\/95\/f0\/40ebe4ce996f1606188c4a1b94c9.jpeg\" target=\"_blank\">USA i\u00a0ich sojusznikom brakuje rakiet. &#8222;Magazyny prawie wyczerpane&#8221;<\/a>Czytaj te\u017c:<br \/><a href=\"https:\/\/dorzeczy.pl\/swiat\/862594\/szwajcaria-wstrzymuje-eksport-broni-do-usa.html\" rel=\"follow nofollow noopener\" data-schema=\"DORZECZY\" data-image=\"https:\/\/img.dorzeczy.pl\/_thumb\/66\/59\/0fe072b57d0b3dc8251xx922e9a0.jpeg\" target=\"_blank\">Wojna z\u00a0Iranem. Szwajcaria wstrzymuje eksport broni do\u00a0USA<\/a>&#13;<\/p>\n","protected":false},"excerpt":{"rendered":"&#13; &#8222;Jak na\u00a0cz\u0142owieka tak zale\u017cnego od\u00a0dobrej woli chrze\u015bcijan w\u00a0Stanach Zjednoczonych, otwarta pogarda Netanjahu dla\u00a0Jezusa Chrystusa (PBUH) jest niezwyk\u0142a&#8221;&hellip;\n","protected":false},"author":2,"featured_media":316923,"comment_status":"","ping_status":"","sticky":false,"template":"","format":"standard","meta":{"footnotes":"","_share_on_mastodon":"0"},"categories":[14],"tags":[50101,32,33,1347,98,27,663,91,22314,34,35,28,31,888,25,40,41,2708,80,29,30,71,26,892,82,83,84],"class_list":["post-316922","post","type-post","status-publish","format-standard","has-post-thumbnail","category-swiat","tag-aragczi","tag-breaking-news","tag-breakingnews","tag-damian-cygan","tag-dorzeczy","tag-headlines","tag-iran","tag-izrael","tag-jezus","tag-latest-news","tag-latestnews","tag-naglowki","tag-najwazniejsze-artykuly","tag-netanjahu","tag-news","tag-polish","tag-polski","tag-religia","tag-swiat","tag-top-stories","tag-topstories","tag-usa","tag-wiadomosci","tag-wojna","tag-world","tag-world-news","tag-worldnews"],"share_on_mastodon":{"url":"https:\/\/pubeurope.com\/@pl\/116263279838651434","error":""},"_links":{"self":[{"href":"https:\/\/www.europesays.com\/pl\/wp-json\/wp\/v2\/posts\/316922","targetHints":{"allow":["GET"]}}],"collection":[{"href":"https:\/\/www.europesays.com\/pl\/wp-json\/wp\/v2\/posts"}],"about":[{"href":"https:\/\/www.europesays.com\/pl\/wp-json\/wp\/v2\/types\/post"}],"author":[{"embeddable":true,"href":"https:\/\/www.europesays.com\/pl\/wp-json\/wp\/v2\/users\/2"}],"replies":[{"embeddable":true,"href":"https:\/\/www.europesays.com\/pl\/wp-json\/wp\/v2\/comments?post=316922"}],"version-history":[{"count":0,"href":"https:\/\/www.europesays.com\/pl\/wp-json\/wp\/v2\/posts\/316922\/revisions"}],"wp:featuredmedia":[{"embeddable":true,"href":"https:\/\/www.europesays.com\/pl\/wp-json\/wp\/v2\/media\/316923"}],"wp:attachment":[{"href":"https:\/\/www.europesays.com\/pl\/wp-json\/wp\/v2\/media?parent=316922"}],"wp:term":[{"taxonomy":"category","embeddable":true,"href":"https:\/\/www.europesays.com\/pl\/wp-json\/wp\/v2\/categories?post=316922"},{"taxonomy":"post_tag","embeddable":true,"href":"https:\/\/www.europesays.com\/pl\/wp-json\/wp\/v2\/tags?post=316922"}],"curies":[{"name":"wp","href":"https:\/\/api.w.org\/{rel}","templated":true}]}}