{"id":316938,"date":"2026-03-20T20:20:08","date_gmt":"2026-03-20T20:20:08","guid":{"rendered":"https:\/\/www.europesays.com\/pl\/316938\/"},"modified":"2026-03-20T20:20:08","modified_gmt":"2026-03-20T20:20:08","slug":"ukraina-wkracza-do-gry-na-bliskim-wschodzie-pomaga-amerykanom-2","status":"publish","type":"post","link":"https:\/\/www.europesays.com\/pl\/316938\/","title":{"rendered":"Ukraina wkracza do gry na Bliskim Wschodzie. Pomaga Amerykanom"},"content":{"rendered":"<p class=\"Paragraph_desktopParagraph__U31Gm\">&#8222;Prowadzimy szczeg\u00f3\u0142owe rozmowy z partnerami na wszystkich niezb\u0119dnych szczeblach. Nasze zespo\u0142y ju\u017c wsp\u00f3\u0142pracuj\u0105 z pi\u0119cioma pa\u0144stwami w zakresie przeciwdzia\u0142ania Shahedom \u2014 przekazano oceny eksperckie, pomagamy budowa\u0107 system ochrony&#8221; \u2014 napisa\u0142 Wo\u0142odymyr Ze\u0142enski na portalach spo\u0142eczno\u015bciowych po naradzie z Umierowem.<\/p>\n<p class=\"VideoPlayerText_videoPlayerText__iDwyz\">Dalszy ci\u0105g materia\u0142u pod wideo<\/p>\n<p>&#8222;Zapytania ze strony ameryka\u0144skiej&#8221; <\/p>\n<p class=\"Paragraph_desktopParagraph__U31Gm\">&#8222;S\u0105 dodatkowe zapytania ze strony innych pa\u0144stw. Tak\u017ce w odniesieniu do dw\u00f3ch kierunk\u00f3w w regionie pojawi\u0142y si\u0119 zapytania ze strony ameryka\u0144skiej o wsparcie eksperckie dla ich si\u0142 zbrojnych. Opracowujemy r\u00f3wnie\u017c wnioski partner\u00f3w europejskich, kt\u00f3rych si\u0142y stacjonuj\u0105 w tym regionie&#8221; \u2014 podkre\u015bli\u0142 ukrai\u0144ski prezydent.<\/p>\n<p class=\"Paragraph_desktopParagraph__U31Gm\">Dodatkowo sekretarz Rady Bezpiecze\u0144stwa Narodowego i Obrony Rustem Umierow poinformowa\u0142, \u017ce w ostatnim tygodniu odwiedzi\u0142 Zjednoczone Emiraty Arabskie, Arabi\u0119 Saudyjsk\u0105, Katar, Kuwejt oraz Jordani\u0119.<\/p>\n<p class=\"Paragraph_desktopParagraph__U31Gm\">&#8222;Przeprowadzi\u0142em spotkania z kierownictwem pa\u0144stw i w\u0142a\u015bciwymi strukturami. R\u00f3wnolegle w ka\u017cdym z tych kraj\u00f3w dzia\u0142aj\u0105 ukrai\u0144scy specjali\u015bci wojskowi, kt\u00f3rzy s\u0105 koordynowani przez Rad\u0119 Bezpiecze\u0144stwa Narodowego i Obrony&#8221; \u2014 przekaza\u0142.<\/p>\n<p class=\"Paragraph_desktopParagraph__U31Gm\">Wyja\u015bni\u0142, \u017ce prace prowadzone s\u0105 na dw\u00f3ch kierunkach. &#8222;Pierwszy to wykorzystanie ukrai\u0144skich technologii do przeciwdzia\u0142ania zagro\u017ceniom powietrznym, w szczeg\u00f3lno\u015bci atakom bezza\u0142ogowych statk\u00f3w powietrznych. Drugi to konsultacje z partnerami dotycz\u0105ce oceny sytuacji bezpiecze\u0144stwa oraz przygotowania praktycznych rozwi\u0105za\u0144 w zakresie ochrony przestrzeni powietrznej z uwzgl\u0119dnieniem do\u015bwiadcze\u0144 Ukrainy&#8221; \u2014 podkre\u015bli\u0142 Umierow.<\/p>\n<p class=\"Paragraph_desktopParagraph__U31Gm\">Poinformowa\u0142, \u017ce ukrai\u0144skie zespo\u0142y przeprowadzi\u0142y ocen\u0119 ochrony obiekt\u00f3w infrastruktury krytycznej i wypracowa\u0142y konkretne rozwi\u0105zania. Udzielane s\u0105 r\u00f3wnie\u017c rekomendacje eksperckie dotycz\u0105ce zwi\u0119kszenia skuteczno\u015bci poszczeg\u00f3lnych \u015brodk\u00f3w obrony powietrznej.<\/p>\n<p class=\"Paragraph_desktopParagraph__U31Gm\">&#8222;Rozmieszczono jednostki przechwytuj\u0105ce w celu ochrony infrastruktury cywilnej i krytycznej. Pracujemy tak\u017ce nad rozszerzeniem stref obj\u0119tych ochron\u0105. Oddzielnie okre\u015blono dalsze kroki rozwoju d\u0142ugoterminowej wsp\u00f3\u0142pracy w dziedzinie bezpiecze\u0144stwa z ka\u017cdym z tych kraj\u00f3w&#8221; \u2014 o\u015bwiadczy\u0142 Umierow.<\/p>\n<p class=\"Paragraph_desktopParagraph__U31Gm\">&#8222;Ukraina stoi na stra\u017cy \u017cycia i suwerenno\u015bci obok tych, kt\u00f3rzy wspieraj\u0105 nas w zachowaniu naszej niepodleg\u0142o\u015bci. D\u0105\u017cymy do dalszego wzmacniania partnerstwa w zakresie bezpiecze\u0144stwa z naszymi sojusznikami&#8221; \u2014 doda\u0142 sekretarz RBNiO Ukrainy.<\/p>\n<p class=\"Paragraph_desktopParagraph__U31Gm\">Iran od 28 lutego prowadzi naloty na Izrael i pa\u0144stwa Zatoki Perskiej w odpowiedzi na rozpocz\u0119te tego dnia ataki USA i Izraela.<\/p>\n","protected":false},"excerpt":{"rendered":"&#8222;Prowadzimy szczeg\u00f3\u0142owe rozmowy z partnerami na wszystkich niezb\u0119dnych szczeblach. Nasze zespo\u0142y ju\u017c wsp\u00f3\u0142pracuj\u0105 z pi\u0119cioma pa\u0144stwami w zakresie&hellip;\n","protected":false},"author":2,"featured_media":316939,"comment_status":"","ping_status":"","sticky":false,"template":"","format":"standard","meta":{"footnotes":"","_share_on_mastodon":"0"},"categories":[14],"tags":[32,33,165,27,67,307,34,35,28,31,53,25,52,68,51,55,40,41,26403,47,59,80,29,30,390,65,50,26,309,82,83,84],"class_list":["post-316938","post","type-post","status-publish","format-standard","has-post-thumbnail","category-swiat","tag-breaking-news","tag-breakingnews","tag-drony_dron","tag-headlines","tag-intextvideo_splayer","tag-iran_kraj","tag-latest-news","tag-latestnews","tag-naglowki","tag-najwazniejsze-artykuly","tag-new_header","tag-news","tag-onet3","tag-onet3d","tag-onet3d_2i","tag-phx","tag-polish","tag-polski","tag-rustem_umierow","tag-screening_general","tag-stany_zjednoczone_usa","tag-swiat","tag-top-stories","tag-topstories","tag-ukraina_ukrainiec_ukrainka_ukraincy_ukrainki","tag-update_me","tag-v2021","tag-wiadomosci","tag-wolodymyr_zelenski","tag-world","tag-world-news","tag-worldnews"],"share_on_mastodon":{"url":"","error":"Validation failed: Text character limit of 500 exceeded"},"_links":{"self":[{"href":"https:\/\/www.europesays.com\/pl\/wp-json\/wp\/v2\/posts\/316938","targetHints":{"allow":["GET"]}}],"collection":[{"href":"https:\/\/www.europesays.com\/pl\/wp-json\/wp\/v2\/posts"}],"about":[{"href":"https:\/\/www.europesays.com\/pl\/wp-json\/wp\/v2\/types\/post"}],"author":[{"embeddable":true,"href":"https:\/\/www.europesays.com\/pl\/wp-json\/wp\/v2\/users\/2"}],"replies":[{"embeddable":true,"href":"https:\/\/www.europesays.com\/pl\/wp-json\/wp\/v2\/comments?post=316938"}],"version-history":[{"count":0,"href":"https:\/\/www.europesays.com\/pl\/wp-json\/wp\/v2\/posts\/316938\/revisions"}],"wp:featuredmedia":[{"embeddable":true,"href":"https:\/\/www.europesays.com\/pl\/wp-json\/wp\/v2\/media\/316939"}],"wp:attachment":[{"href":"https:\/\/www.europesays.com\/pl\/wp-json\/wp\/v2\/media?parent=316938"}],"wp:term":[{"taxonomy":"category","embeddable":true,"href":"https:\/\/www.europesays.com\/pl\/wp-json\/wp\/v2\/categories?post=316938"},{"taxonomy":"post_tag","embeddable":true,"href":"https:\/\/www.europesays.com\/pl\/wp-json\/wp\/v2\/tags?post=316938"}],"curies":[{"name":"wp","href":"https:\/\/api.w.org\/{rel}","templated":true}]}}