{"id":317138,"date":"2026-03-20T23:08:25","date_gmt":"2026-03-20T23:08:25","guid":{"rendered":"https:\/\/www.europesays.com\/pl\/317138\/"},"modified":"2026-03-20T23:08:25","modified_gmt":"2026-03-20T23:08:25","slug":"atak-na-south-pars-trump-usa-nie-mialy-zadnej-wiedzy-podsumowanie","status":"publish","type":"post","link":"https:\/\/www.europesays.com\/pl\/317138\/","title":{"rendered":"Atak na South Pars. Trump: USA nie mia\u0142y \u017cadnej wiedzy [PODSUMOWANIE]"},"content":{"rendered":"<p>Ro\u015bnie napi\u0119cie po ataku na South Pars <\/p>\n<p class=\"Paragraph_desktopParagraph__U31Gm\"><a href=\"https:\/\/wiadomosci.onet.pl\/swiat\/donald-trump-ostrzega-iran-nie-zawaham-sie-tego-zrobic\/vzmzfbb\" id=\"a74a105f-d409-427e-afb4-256c0a209db8\" rel=\"nofollow noopener\" target=\"_blank\">Donald Trump na portalu Truth Social stwierdzi\u0142, \u017ce &#8222;Stany Zjednoczone nie mia\u0142y \u017cadnej wiedzy na temat tego konkretnego ataku&#8221; <\/a>\u2014 chodzi o uderzenie w ira\u0144skie pole gazowe South Pars. Podkre\u015bli\u0142, \u017ce &#8222;Katar nie by\u0142 w \u017caden spos\u00f3b z nim powi\u0105zany&#8221; i nies\u0142usznie pad\u0142 ofiar\u0105 ira\u0144skiej odpowiedzi. Trump ostrzeg\u0142, \u017ce &#8222;Izrael nie przeprowadzi ju\u017c \u017cadnych atak\u00f3w&#8221;, chyba \u017ce Iran nierozs\u0105dnie zdecyduje si\u0119 zaatakowa\u0107 &#8222;bardzo niewinny kraj, w tym konkretnym przypadku Katar&#8221;. Zapowiedzia\u0142, \u017ce w takim przypadku USA &#8222;zniszcz\u0105 ca\u0142e pole gazowe South Pars z si\u0142\u0105 i moc\u0105, jakiej Iran nigdy wcze\u015bniej nie widzia\u0142&#8221;.<\/p>\n<p class=\"Paragraph_desktopParagraph__U31Gm\">Tymczasem <a href=\"https:\/\/wiadomosci.onet.pl\/swiat\/izrael-uderza-poza-zatoka-perska-atak-na-iranskie-okrety-na-morzu-kaspijskim\/9yp2lb9\" id=\"95f06c70-f5b2-4600-a546-9963be2f6c0d\" rel=\"nofollow noopener\" target=\"_blank\">Izrael po raz pierwszy przeprowadzi\u0142 atak na ira\u0144skie okr\u0119ty wojenne na Morzu Kaspijskim<\/a>, znacz\u0105co rozszerzaj\u0105c geografi\u0119 konfliktu na Bliskim Wschodzie i przesuwaj\u0105c dzia\u0142ania zbrojne bli\u017cej Europy. W ira\u0144skim porcie Bandar Anzali potwierdzono eksplozje, a wed\u0142ug doniesie\u0144 izraelskie lotnictwo mia\u0142o trafi\u0107 co najmniej pi\u0119\u0107 jednostek nale\u017c\u0105cych do Teherenu.<\/p>\n<p class=\"Paragraph_desktopParagraph__U31Gm\">Atak na g\u0142\u00f3wny zak\u0142ad gazowy skomentowa\u0142o r\u00f3wnie\u017c ira\u0144skie wojsko. <a href=\"https:\/\/wiadomosci.onet.pl\/swiat\/iranska-armia-grozi-usa-i-izraelowi-odpowiedz-bedzie-znacznie-ostrzejsza\/jytrkt7\" id=\"49ddd257-9432-462a-b82d-f4fde23195be\" rel=\"nofollow noopener\" target=\"_blank\">&#8222;Po raz kolejny ostrzegamy, \u017ce pope\u0142nili\u015bcie powa\u017cny b\u0142\u0105d, atakuj\u0105c infrastruktur\u0119 energetyczn\u0105 Republiki Islamskiej<\/a> i \u017ce odpowied\u017a na ten atak jest przygotowywana. Je\u015bli to si\u0119 powt\u00f3rzy, ataki na infrastruktur\u0119 energetyczn\u0105 wasz\u0105 i waszych sojusznik\u00f3w nie ustan\u0105, dop\u00f3ki nie zostanie ona ca\u0142kowicie zniszczona, a nasza odpowied\u017a b\u0119dzie znacznie ostrzejsza ni\u017c ataki z zesz\u0142ej nocy&#8221; \u2014 napisa\u0142a Ira\u0144ska Gwardia Rewolucyjna.<\/p>\n<p class=\"Paragraph_desktopParagraph__U31Gm\">Z kolei <a href=\"https:\/\/wiadomosci.onet.pl\/swiat\/emmanuel-macron-apeluje-o-moratorium-w-naszym-wspolnym-interesie\/l0xvvmc\" id=\"36b8e4b4-c019-4b15-a065-c6c9259b40e9\" rel=\"nofollow noopener\" target=\"_blank\">prezydent Francji Emmanuel Macron napisa\u0142 w mediach spo\u0142eczno\u015bciowych, \u017ce po rozmowie z emirem Kataru i Donaldem Trumpem<\/a>, w obliczu atak\u00f3w na infrastruktur\u0119 gazow\u0105 w Iranie i Katarze, wszystkie strony powinny jak najszybciej zgodzi\u0107 si\u0119 na wstrzymanie atak\u00f3w na obiekty cywilne.<\/p>\n<p>Co wydarzy si\u0119 w czwartek? <\/p>\n<p class=\"Paragraph_desktopParagraph__U31Gm\">Dzi\u015b w Brukseli odb\u0119dzie si\u0119 posiedzenie Rady Europejskiej. Jego g\u0142\u00f3wnymi tematami b\u0119d\u0105 wysokie ceny energii, wojna w Ukrainie i na Bliskim Wschodzie. Polsk\u0119 b\u0119dzie reprezentowa\u0142 premier Donald Tusk.<\/p>\n<p class=\"Paragraph_desktopParagraph__U31Gm\">Rzecznik generalny TSUE ma dzi\u015b przedstawi\u0107 opini\u0119 dotycz\u0105c\u0105 przejrzysto\u015bci i prawid\u0142owo\u015bci Systemu Losowego Przydzia\u0142u Spraw, kt\u00f3rego dzia\u0142anie wzbudzi\u0142o w\u0105tpliwo\u015bci po przypadkach nier\u00f3wnego obci\u0105\u017cenia s\u0119dzi\u00f3w oraz zmianach w sk\u0142adach orzekaj\u0105cych.<\/p>\n<p>Jaka b\u0119dzie pogoda? <\/p>\n<p class=\"Paragraph_desktopParagraph__U31Gm\"><a href=\"https:\/\/wiadomosci.onet.pl\/pogoda\/w-prognozach-duze-zmiany-do-polski-sunie-front-zacznie-sie-juz-pod-oslona-nocy\/rhhtjqb\" id=\"a83628da-23ce-469f-b38c-5f7d4ec31a05\" rel=\"nofollow noopener\" target=\"_blank\">Czwartek b\u0119dzie do\u015b\u0107 ciep\u0142y i pogodny<\/a>. W ci\u0105gu dnia nale\u017cy spodziewa\u0107 si\u0119 niewielkiego lub umiarkowanego zachmurzenia. Wi\u0119cej chmur mo\u017ce pojawi\u0107 si\u0119 jedynie wieczorem na Pomorzu. Temperatura maksymalna wyniesie od ok. 7 st. C na Podhalu do 14 st. C na Ziemi Lubuskiej.<\/p>\n","protected":false},"excerpt":{"rendered":"Ro\u015bnie napi\u0119cie po ataku na South Pars Donald Trump na portalu Truth Social stwierdzi\u0142, \u017ce &#8222;Stany Zjednoczone nie&hellip;\n","protected":false},"author":2,"featured_media":317139,"comment_status":"","ping_status":"","sticky":false,"template":"","format":"standard","meta":{"footnotes":"","_share_on_mastodon":"0"},"categories":[14],"tags":[905,32,33,339,27,307,234,3057,34,35,28,31,53,25,52,68,51,55,1997,40,41,47,1998,59,80,29,30,65,50,26,82,83,84],"class_list":["post-317138","post","type-post","status-publish","format-standard","has-post-thumbnail","category-swiat","tag-bliski_wschod","tag-breaking-news","tag-breakingnews","tag-emmanuel_macron_francuski_prezydent","tag-headlines","tag-iran_kraj","tag-izrael_izraelczyk_izraelka_izraelczycy","tag-katar","tag-latest-news","tag-latestnews","tag-naglowki","tag-najwazniejsze-artykuly","tag-new_header","tag-news","tag-onet3","tag-onet3d","tag-onet3d_2i","tag-phx","tag-podsumowanie_nocy_tag_techniczny","tag-polish","tag-polski","tag-screening_general","tag-short_news","tag-stany_zjednoczone_usa","tag-swiat","tag-top-stories","tag-topstories","tag-update_me","tag-v2021","tag-wiadomosci","tag-world","tag-world-news","tag-worldnews"],"share_on_mastodon":{"url":"","error":"Validation failed: Text character limit of 500 exceeded"},"_links":{"self":[{"href":"https:\/\/www.europesays.com\/pl\/wp-json\/wp\/v2\/posts\/317138","targetHints":{"allow":["GET"]}}],"collection":[{"href":"https:\/\/www.europesays.com\/pl\/wp-json\/wp\/v2\/posts"}],"about":[{"href":"https:\/\/www.europesays.com\/pl\/wp-json\/wp\/v2\/types\/post"}],"author":[{"embeddable":true,"href":"https:\/\/www.europesays.com\/pl\/wp-json\/wp\/v2\/users\/2"}],"replies":[{"embeddable":true,"href":"https:\/\/www.europesays.com\/pl\/wp-json\/wp\/v2\/comments?post=317138"}],"version-history":[{"count":0,"href":"https:\/\/www.europesays.com\/pl\/wp-json\/wp\/v2\/posts\/317138\/revisions"}],"wp:featuredmedia":[{"embeddable":true,"href":"https:\/\/www.europesays.com\/pl\/wp-json\/wp\/v2\/media\/317139"}],"wp:attachment":[{"href":"https:\/\/www.europesays.com\/pl\/wp-json\/wp\/v2\/media?parent=317138"}],"wp:term":[{"taxonomy":"category","embeddable":true,"href":"https:\/\/www.europesays.com\/pl\/wp-json\/wp\/v2\/categories?post=317138"},{"taxonomy":"post_tag","embeddable":true,"href":"https:\/\/www.europesays.com\/pl\/wp-json\/wp\/v2\/tags?post=317138"}],"curies":[{"name":"wp","href":"https:\/\/api.w.org\/{rel}","templated":true}]}}