{"id":31749,"date":"2025-10-04T18:16:08","date_gmt":"2025-10-04T18:16:08","guid":{"rendered":"https:\/\/www.europesays.com\/pl\/31749\/"},"modified":"2025-10-04T18:16:08","modified_gmt":"2025-10-04T18:16:08","slug":"anna-lewandowska-na-pokazie-victorii-beckham-stylizacja-wzbudza-zachwyt","status":"publish","type":"post","link":"https:\/\/www.europesays.com\/pl\/31749\/","title":{"rendered":"Anna Lewandowska na pokazie Victorii Beckham. Stylizacja wzbudza zachwyt"},"content":{"rendered":"<p class=\"ods-c-paragraph\">Prze\u0142om wrze\u015bnia i pa\u017adziernika mija pod znakiem Paris Fashion Week 2025. Na wydarzenie zjecha\u0142a si\u0119 plejada gwiazd z ca\u0142ego \u015bwiata. W\u015br\u00f3d nich Heidi Clum, Jane Fonda, czy Eva Longoria. Nie zabrak\u0142o r\u00f3wnie\u017c polskich akcent\u00f3w. Po udziale Julii Wieniawy, na paryskich salonach pojawi\u0142a si\u0119 <a href=\"https:\/\/plejada.pl\/anna-lewandowska\" id=\"b9da0bc7-1078-44c3-96cb-345691b18ba2\" rel=\"nofollow noopener\" target=\"_blank\">Anna Lewandowska<\/a>, kt\u00f3ra swoj\u0105 stylizacj\u0105 z miejsca wzbudzi\u0142a zachwyt. Trenerka ju\u017c niegdy\u015b pisa\u0142a w felietonie dla &#8222;Twojego Stylu&#8221;, \u017ce &#8222;lubi bawi\u0107 si\u0119 mod\u0105 i obserwowa\u0107 trendy&#8221;. Jak wida\u0107, ta preferencja jest u niej ca\u0142y czas obecna.<\/p>\n<p>Dalszy ci\u0105g artyku\u0142u pod materia\u0142em wideo<\/p>\n<p> Jak\u0105 sukienk\u0119 mia\u0142a na sobie Anna Lewandowska? <\/p>\n<p> Ile kosztuje sukienka Blaire Midi Dress? <\/p>\n<p> Jakie by\u0142y reakcje internaut\u00f3w na stylizacj\u0119 Lewandowskiej? <\/p>\n<p> Na jakim wydarzeniu by\u0142a Anna Lewandowska? <\/p>\n<p>  Anna Lewandowska zmierza na pokaz Victorii Beckham<\/p>\n<p class=\"ods-c-paragraph\">Anna Lewandowska podzieli\u0142a si\u0119 szczeg\u00f3\u0142ami swojej obecno\u015bci na Paris Fashion Week na Instagramie. Najpierw pokaza\u0142a relacj\u0119 z pokazu Givenchy, a nast\u0119pnie kr\u00f3tkie wideo, ukazuj\u0105ce jak zmierza na wydarzenie <a href=\"https:\/\/plejada.pl\/victoria-beckham\" id=\"59a8d66b-d4a2-4a04-b03f-bff64a38a05c\" rel=\"nofollow noopener\" target=\"_blank\">Victorii Beckham. <\/a>Stylizacja trenerki szybko przyci\u0105gn\u0119\u0142a uwag\u0119 internaut\u00f3w, kt\u00f3rzy w komentarzach nie szcz\u0119dzili komplement\u00f3w. &#8222;Bogini&#8221;, &#8222;Przepi\u0119kna&#8221; \u2014 pisali zachwyceni fani.<\/p>\n<p class=\"ods-c-paragraph\">Anna Lewandowska, wybieraj\u0105c si\u0119 na pokaz Victorii Beckham, postawi\u0142a na kreacj\u0119 z portfolio samej gospodyni wydarzenia. Lawendowa sukienka w kszta\u0142cie litery A, z kr\u00f3tkim r\u0119kawem, doskonale podkre\u015bli\u0142a jej wysportowan\u0105 sylwetk\u0119. Stylizacj\u0119 uzupe\u0142ni\u0142y sanda\u0142y na szpilce oraz elegancka kopert\u00f3wka.<\/p>\n<p class=\"ods-c-paragraph\">Sukienka, nosz\u0105ca nazw\u0119 Blaire Midi Dress, dost\u0119pna na stronie projektantki, kosztuje 790 euro.<\/p>\n<p class=\"ods-c-paragraph\">Dzi\u0119kujemy, \u017ce przeczyta\u0142a\u015b\/e\u015b nasz artyku\u0142 do ko\u0144ca. W serwisie Plejada.pl ka\u017cdego dnia piszemy o najwa\u017cniejszych wydarzeniach show-biznesowych. B\u0105d\u017a na bie\u017c\u0105co! <a rel=\"nofollow noopener\" href=\"https:\/\/news.google.com\/publications\/CAAiEF0PeAlb7W1llpV_mwV2rL4qFAgKIhBdD3gJW-1tZZaVf5sFdqy-?hl=pl&amp;gl=PL&amp;ceid=PL%3Apl\" id=\"afa29608-8884-4569-93be-6e4d8cdc4fd7\" target=\"_blank\">Obserwuj<\/a> Plejad\u0119 w Wiadomo\u015bciach Google. Odwied\u017a nas tak\u017ce na <a rel=\"nofollow noopener\" href=\"https:\/\/www.facebook.com\/plejadapl\" id=\"7a1f026a-2f00-4192-ae85-0c37f1b0667e\" target=\"_blank\">Facebooku<\/a>, <a rel=\"nofollow noopener\" href=\"https:\/\/www.instagram.com\/plejadapl\/\" id=\"0058ba8e-1404-404f-a033-8ce496f29b15\" target=\"_blank\">Instagramie<\/a>, <a rel=\"nofollow noopener\" href=\"https:\/\/www.youtube.com\/c\/plejada\" id=\"6fd483e4-324e-4065-86f8-4e095158f821\" target=\"_blank\">YouTubie<\/a> oraz <a rel=\"nofollow noopener\" href=\"https:\/\/www.tiktok.com\/@plejada_pl\" id=\"d1352525-f261-44ff-8782-7282f7b8684a\" target=\"_blank\">TikToku<\/a>.<\/p>\n<p class=\"ods-c-paragraph\">Chcesz podzieli\u0107 si\u0119 ciekawym newsem lub zaproponowa\u0107 temat? Skontaktuj si\u0119 z nami, pisz\u0105c maila na adres: plejada@redakcjaonet.pl.<\/p>\n<p><script async src=\"\/\/www.instagram.com\/embed.js\"><\/script><script async src=\"\/\/www.tiktok.com\/embed.js\"><\/script><\/p>\n","protected":false},"excerpt":{"rendered":"Prze\u0142om wrze\u015bnia i pa\u017adziernika mija pod znakiem Paris Fashion Week 2025. Na wydarzenie zjecha\u0142a si\u0119 plejada gwiazd z&hellip;\n","protected":false},"author":2,"featured_media":31750,"comment_status":"","ping_status":"","sticky":false,"template":"","format":"standard","meta":{"footnotes":""},"categories":[22],"tags":[2576,122,1142,48,125,46,7547,42,38,40,39,41,123,47,9326],"class_list":{"0":"post-31749","1":"post","2":"type-post","3":"status-publish","4":"format-standard","5":"has-post-thumbnail","7":"category-rozrywka","8":"tag-anna_lewandowska","9":"tag-entertainment","10":"tag-moda","11":"tag-nat_styl","12":"tag-newsy","13":"tag-omp","14":"tag-paris_fashion_week","15":"tag-pl","16":"tag-poland","17":"tag-polish","18":"tag-polska","19":"tag-polski","20":"tag-rozrywka","21":"tag-screening_general","22":"tag-victoria_beckham"},"share_on_mastodon":{"url":"","error":""},"_links":{"self":[{"href":"https:\/\/www.europesays.com\/pl\/wp-json\/wp\/v2\/posts\/31749","targetHints":{"allow":["GET"]}}],"collection":[{"href":"https:\/\/www.europesays.com\/pl\/wp-json\/wp\/v2\/posts"}],"about":[{"href":"https:\/\/www.europesays.com\/pl\/wp-json\/wp\/v2\/types\/post"}],"author":[{"embeddable":true,"href":"https:\/\/www.europesays.com\/pl\/wp-json\/wp\/v2\/users\/2"}],"replies":[{"embeddable":true,"href":"https:\/\/www.europesays.com\/pl\/wp-json\/wp\/v2\/comments?post=31749"}],"version-history":[{"count":0,"href":"https:\/\/www.europesays.com\/pl\/wp-json\/wp\/v2\/posts\/31749\/revisions"}],"wp:featuredmedia":[{"embeddable":true,"href":"https:\/\/www.europesays.com\/pl\/wp-json\/wp\/v2\/media\/31750"}],"wp:attachment":[{"href":"https:\/\/www.europesays.com\/pl\/wp-json\/wp\/v2\/media?parent=31749"}],"wp:term":[{"taxonomy":"category","embeddable":true,"href":"https:\/\/www.europesays.com\/pl\/wp-json\/wp\/v2\/categories?post=31749"},{"taxonomy":"post_tag","embeddable":true,"href":"https:\/\/www.europesays.com\/pl\/wp-json\/wp\/v2\/tags?post=31749"}],"curies":[{"name":"wp","href":"https:\/\/api.w.org\/{rel}","templated":true}]}}