{"id":317519,"date":"2026-03-21T08:25:11","date_gmt":"2026-03-21T08:25:11","guid":{"rendered":"https:\/\/www.europesays.com\/pl\/317519\/"},"modified":"2026-03-21T08:25:11","modified_gmt":"2026-03-21T08:25:11","slug":"piotr-adamczyk-w-hollywood-w-los-angeles-kazdy-kelner-jest-aktorem","status":"publish","type":"post","link":"https:\/\/www.europesays.com\/pl\/317519\/","title":{"rendered":"Piotr Adamczyk w Hollywood. &#8222;W Los Angeles ka\u017cdy kelner jest aktorem&#8221;"},"content":{"rendered":"<p class=\"Paragraph_desktopParagraph__U31Gm\">Piotr Adamczyk przez lata zdoby\u0142 uznanie nie tylko krytyk\u00f3w, ale i widz\u00f3w. O jego rolach w polskim kinie mo\u017cna by\u0142oby napisa\u0107 oddzielny artyku\u0142. Aktor ma na koncie kilka charakterystycznych r\u00f3l w filmach takich jak &#8222;Karol. Cz\u0142owiek, kt\u00f3ry zosta\u0142 papie\u017cem&#8221; czy &#8222;Chopin. Pragnienie mi\u0142o\u015bci&#8221; i serialach, chocia\u017cby &#8222;Czas honoru&#8221; i &#8222;Przepis na \u017cycie&#8221;. Jest te\u017c grono fan\u00f3w, kt\u00f3re uwielbia go w polskich komediach. W filmografii aktora znajdziemy ich sporo. W\u015br\u00f3d nich mo\u017cemy wymieni\u0107 seri\u0119 &#8222;Listy do M.&#8221;, &#8222;Testosteron&#8221;, &#8222;Nie k\u0142am kochanie&#8221; czy &#8222;Och, Karol 2&#8221;. Ale Piotr Adamczyk przez ca\u0142\u0105 karier\u0119 walczy\u0142 z zaszufladkowaniem. <\/p>\n<p class=\"Paragraph_desktopParagraph__U31Gm\">W ko\u0144cu postanowi\u0142 poszuka\u0107 szcz\u0119\u015bcia za oceanem, gdzie \u015bwietnie radzi te\u017c sobie jego \u017cona, Karolina Szymczak. &#8222;D\u0142ugo czeka\u0142em na swoj\u0105 szans\u0119. Okazuje si\u0119, \u017ce nigdy nie jest za p\u00f3\u017ano&#8221; \u2014 opowiada\u0142 aktor w &#8222;Dzie\u0144 dobry TVN&#8221;. Obecnie para dzieli czas na Los Angeles i Warszaw\u0119.<\/p>\n<blockquote>\n<p class=\"Paragraph_desktopParagraph__U31Gm\"> Jad\u0119 tam, gdzie jest praca. W Stanach mam ciekawe role i ciekawe wyzwania<\/p>\n<\/blockquote>\n<p class=\"Paragraph_desktopParagraph__U31Gm\">\u2014 przyzna\u0142 Piotr Adamczyk na \u0142amach &#8222;Dziennika Polskiego&#8221; w 2022 r.<\/p>\n<p class=\"Paragraph_desktopParagraph__U31Gm\">Par\u0119 lat temu, gdy pisano o polskich aktorach w Hollywood, sukcesem by\u0142o to, \u017ce nie zostali wyci\u0119ci z kinowej produkcji. Tymczasem Piotr Adamczyk doskonale radzi sobie w Los Angeles i ma na koncie role w serialach u boku s\u0142aw. O jego karierze za oceanem zacz\u0119to dopiero m\u00f3wi\u0107, gdy okaza\u0142o si\u0119, \u017ce jest w obsadzie serialu &#8222;Hawkeye&#8221; Marvela.<\/p>\n<blockquote>\n<p class=\"Paragraph_desktopParagraph__U31Gm\">Wszystkie produkcje, w kt\u00f3rych wzi\u0105\u0142em tu udzia\u0142, to wielomilionowe przedsi\u0119wzi\u0119cia. Dzi\u0119ki nim spe\u0142niam swe m\u0142odzie\u0144cze marzenia. Zawsze bowiem chcia\u0142em zobaczy\u0107, jak oni w tym Hollywood robi\u0105 te filmy. I faktycznie: polski plan to kilka przyczep i samochod\u00f3w, a w Ameryce s\u0105 to ca\u0142e filmowe miasta. Ma si\u0119 wra\u017cenie, \u017ce pieni\u0105dze przeciekaj\u0105 tu hektolitrami<\/p>\n<\/blockquote>\n<p class=\"Paragraph_desktopParagraph__U31Gm\">\u2014 opowiada\u0142 w &#8222;Dzienniku Polskim&#8221;.<\/p>\n<p class=\"Paragraph_desktopParagraph__U31Gm\">Ale Tomas z serialu &#8222;Hawkeye&#8221; nie by\u0142 pierwsz\u0105 zagraniczn\u0105 rol\u0105 Piotra Adamczyka. Aktor otrzymywa\u0142 mniejsze role. Obecnie za\u015b w jego filmografii mo\u017cemy znale\u017a\u0107 cenione produkcje takie jak &#8222;Madam Secretary&#8221; CBS Television Studios z Te\u0105 Leoni, &#8222;For All Mankind&#8221; Apple TV (wed\u0142ug redakcji &#8222;Rolling Stone&#8221; najlepszy serial 2021 r.) oraz &#8222;Nocne niebo&#8221; Amazon Prime, gdzie w obsadzie znale\u017ali si\u0119 m.in. Sissy Spacek i J. K. Simmons.<\/p>\n<blockquote>\n<p class=\"Paragraph_desktopParagraph__U31Gm\">Pi\u0119kne rzeczy m\u00f3wi\u0142a mi np. Sissy Spacek. I to by\u0142o tak, \u017ce ja j\u0105 prosi\u0142em: &#8222;Ale ja jestem z Polski, niech mi pani tak nie m\u00f3wi, bo ja jestem nieprzyzwyczajony i nie wiem, co mam z tym zrobi\u0107&#8221;. A m\u00f3wi\u0142a mi mi\u0142e rzeczy<\/p>\n<\/blockquote>\n<p class=\"Paragraph_desktopParagraph__U31Gm\">\u2014 przyzna\u0142 Piotr Adamczyk <a href=\"https:\/\/plejada.pl\/newsy\/piotr-adamczyk-doceniony-w-hollywood-piekne-rzeczy-mowila-mi-sissy-spacek\/39vtm5d\" id=\"40880bd0-d4d0-4dde-8170-4ecdcafc7195\" rel=\"nofollow noopener\" target=\"_blank\">w programie Kuby Wojew\u00f3dzkiego<\/a>.<\/p>\n<p class=\"Paragraph_desktopParagraph__U31Gm\">Ale polski aktor nie poprzestaje jedynie na ameryka\u0144skich produkcjach z gwiazdami Hollywood w obsadzie. Mo\u017cemy go zobaczy\u0107 tak\u017ce w europejskim kinie. W filmie &#8222;Wrobiony&#8221; Piotra \u015amigasiewicza zagra\u0142 u boku niemieckich i w\u0142oskich artyst\u00f3w.<\/p>\n<blockquote>\n<p class=\"Paragraph_desktopParagraph__U31Gm\">St\u0105pam wi\u0119c w\u0142asnym tempem, graj\u0105c tu i tam. Mam mi\u0119dzynarodowe do\u015bwiadczenia i to najmilszy dla mnie spos\u00f3b uprawiania tego zawodu. Ale niezwykle t\u0119skni\u0119 za rolami radiowymi, bardzo lubi\u0119 te\u017c dubbing<\/p>\n<\/blockquote>\n<p class=\"Paragraph_desktopParagraph__U31Gm\">\u2014 opowiada\u0142 w &#8222;Dzienniku Polskim&#8221;.<\/p>\n<p><img decoding=\"async\" class=\"Image_image__0tuHp Image_autoHeight__f2n87 \" height=\"587\" width=\"469\" src=\"https:\/\/www.europesays.com\/pl\/wp-content\/uploads\/2026\/03\/Jznk9kpTURBXy84MWRlYjlmODdlYWZmNWVhMDI0OTA2N2JkOTU2ZWUyNS5qcGeSlQLNA6wAwsOVAgDNAkvCw94AA6EwAaExAaEzw.jpeg\" alt=\"Piotr Adamczyk jako cz\u0142onek gangu na plakacie serialu &quot;Hawkeye&quot;\" loading=\"lazy\" \/>Disney, Marvel \/ mat. prasowe<\/p>\n<p>Piotr Adamczyk jako cz\u0142onek gangu na plakacie serialu &#8222;Hawkeye&#8221;<\/p>\n<p class=\"Paragraph_desktopParagraph__U31Gm\">Piotr Adamczyk mimo licznych sukces\u00f3w nie zamierza spocz\u0105\u0107 na laurach. Wr\u0119cz przeciwnie. Bierze udzia\u0142 w castingach nie tylko do polskich, ale i ameryka\u0144skich produkcji. <a href=\"https:\/\/plejada.pl\/newsy\/piotr-adamczyk-zarobil-krocie-w-amerykanskich-produkcjach-zyjemy-mitem\/v9qf8yw\" id=\"48f7f2df-7422-4b6c-91bb-b07c76e5c18b\" rel=\"nofollow noopener\" target=\"_blank\">Jak m\u00f3wi\u0142 w podca\u015bcie &#8222;Wojew\u00f3dzki i K\u0119dzierski&#8221;<\/a> role w Hollywood wcale nie przek\u0142adaj\u0105 si\u0119 na zabezpieczenie finansowe na przysz\u0142o\u015b\u0107.<\/p>\n<blockquote>\n<p class=\"Paragraph_desktopParagraph__U31Gm\">My \u017cyjemy jakim\u015b mitem ogromnych pieni\u0119dzy, kt\u00f3re dostaj\u0105 gwiazdy, ale to tylko gwiazdy. Spe\u0142nianie ameryka\u0144skich marze\u0144 to du\u017ca inwestycja. Aktorzy drugoplanowi, czy trzecioplanowi, kt\u00f3rzy tam pracuj\u0105, zajmuj\u0105 si\u0119 innymi rzeczami. W Los Angeles ka\u017cdy kelner, ka\u017cdy kierowca jest aktorem<\/p>\n<\/blockquote>\n<p class=\"Paragraph_desktopParagraph__U31Gm\">\u2014 t\u0142umaczy\u0142.<\/p>\n<p class=\"Paragraph_desktopParagraph__U31Gm\">&#8222;Moim osobistym Oscarem jest statuetka Marvel Legends, bo mam figurk\u0119 ze swoj\u0105 podobizn\u0105&#8221; \u2014 doda\u0142 z dystansem.<\/p>\n<p><img decoding=\"async\" class=\"Image_image__0tuHp Image_autoHeight__f2n87 \" height=\"528\" width=\"940\" src=\"https:\/\/www.europesays.com\/pl\/wp-content\/uploads\/2026\/03\/3KPk9kpTURBXy9kNzViZTMxOGRjZWFhMTc1NWY1ODYyMzQ5MmJlZWRhNS5qcGeSlQLNA6wAwsOVAgDNAkvCw94AA6EwAaExAaEzw.jpeg\" alt=\"Piotr Adamczyk w serialu &quot;Madam Secretary&quot;\" loading=\"lazy\" \/>mat. prasowe<\/p>\n<p>Piotr Adamczyk w serialu &#8222;Madam Secretary&#8221;<\/p>\n<p class=\"Paragraph_desktopParagraph__U31Gm\">Dzi\u0119kujemy, \u017ce przeczyta\u0142a\u015b\/e\u015b nasz artyku\u0142 do ko\u0144ca. W serwisie Plejada.pl ka\u017cdego dnia piszemy o najwa\u017cniejszych wydarzeniach show-biznesowych. B\u0105d\u017a na bie\u017c\u0105co! <a rel=\"nofollow noopener\" href=\"https:\/\/news.google.com\/publications\/CAAiEF0PeAlb7W1llpV_mwV2rL4qFAgKIhBdD3gJW-1tZZaVf5sFdqy-?hl=pl&amp;gl=PL&amp;ceid=PL%3Apl\" id=\"3f2f9eaf-28e0-40ce-a78c-5852de39d9d4\" target=\"_blank\">Obserwuj<\/a> Plejad\u0119 w Wiadomo\u015bciach Google. Odwied\u017a nas tak\u017ce na <a rel=\"nofollow noopener\" href=\"https:\/\/www.facebook.com\/plejadapl\" id=\"47cc7f0e-193a-4b3f-a68e-f429b0cbeced\" target=\"_blank\">Facebooku<\/a>, <a rel=\"nofollow noopener\" href=\"https:\/\/www.instagram.com\/plejadapl\/\" id=\"a0326188-a47b-4f2f-9425-c555bc95274c\" target=\"_blank\">Instagramie<\/a>, <a rel=\"nofollow noopener\" href=\"https:\/\/www.youtube.com\/c\/plejada\" id=\"75b3be3a-15a5-44b5-876c-34f0e4faf669\" target=\"_blank\">YouTubie<\/a> oraz <a rel=\"nofollow noopener\" href=\"https:\/\/www.tiktok.com\/@plejada_pl\" id=\"650d092d-9942-4bc2-be03-2cf2c198fd73\" target=\"_blank\">TikToku<\/a>.<\/p>\n<p class=\"Paragraph_desktopParagraph__U31Gm\">Chcesz podzieli\u0107 si\u0119 ciekawym newsem lub zaproponowa\u0107 temat? Skontaktuj si\u0119 z nami, pisz\u0105c maila na adres: <a href=\"https:\/\/www.onet.pl\/styl-zycia\/plejada\/piotr-adamczyk-w-hollywood-w-los-angeles-kazdy-kelner-jest-aktorem\/mailto:plejada@redakcjaonet.pl\" id=\"03086e44-a9f9-4c25-8f6c-89842b36a0c8\" rel=\"nofollow noopener\" target=\"_blank\">plejada@redakcjaonet.pl<\/a><a href=\"https:\/\/www.onet.pl\/styl-zycia\/plejada\/piotr-adamczyk-w-hollywood-w-los-angeles-kazdy-kelner-jest-aktorem\/mailto:pl.plejada@redakcjaonet.pl\" id=\"6d676504-1452-4269-883a-aa69d25a638f\" rel=\"nofollow noopener\" target=\"_blank\">.<\/a><\/p>\n<p><script async src=\"\/\/www.instagram.com\/embed.js\"><\/script><script async src=\"\/\/www.tiktok.com\/embed.js\"><\/script><\/p>\n","protected":false},"excerpt":{"rendered":"Piotr Adamczyk przez lata zdoby\u0142 uznanie nie tylko krytyk\u00f3w, ale i widz\u00f3w. O jego rolach w polskim kinie&hellip;\n","protected":false},"author":2,"featured_media":317520,"comment_status":"","ping_status":"","sticky":false,"template":"","format":"standard","meta":{"footnotes":"","_share_on_mastodon":"0"},"categories":[22],"tags":[244,470,122,2728,49569,67,53,52,68,51,55,10393,42,38,40,39,41,123,47,196,50,3048],"class_list":["post-317519","post","type-post","status-publish","format-standard","has-post-thumbnail","category-rozrywka","tag-ctr_tst","tag-educate_me","tag-entertainment","tag-evergreen","tag-hollywood_amerykanski_przemysl_filmowy","tag-intextvideo_splayer","tag-new_header","tag-onet3","tag-onet3d","tag-onet3d_2i","tag-phx","tag-piotr_adamczyk_aktor","tag-pl","tag-poland","tag-polish","tag-polska","tag-polski","tag-rozrywka","tag-screening_general","tag-styl_zycia","tag-v2021","tag-zagraniczne_gwiazdy"],"share_on_mastodon":{"url":"https:\/\/pubeurope.com\/@pl\/116266213322803541","error":""},"_links":{"self":[{"href":"https:\/\/www.europesays.com\/pl\/wp-json\/wp\/v2\/posts\/317519","targetHints":{"allow":["GET"]}}],"collection":[{"href":"https:\/\/www.europesays.com\/pl\/wp-json\/wp\/v2\/posts"}],"about":[{"href":"https:\/\/www.europesays.com\/pl\/wp-json\/wp\/v2\/types\/post"}],"author":[{"embeddable":true,"href":"https:\/\/www.europesays.com\/pl\/wp-json\/wp\/v2\/users\/2"}],"replies":[{"embeddable":true,"href":"https:\/\/www.europesays.com\/pl\/wp-json\/wp\/v2\/comments?post=317519"}],"version-history":[{"count":0,"href":"https:\/\/www.europesays.com\/pl\/wp-json\/wp\/v2\/posts\/317519\/revisions"}],"wp:featuredmedia":[{"embeddable":true,"href":"https:\/\/www.europesays.com\/pl\/wp-json\/wp\/v2\/media\/317520"}],"wp:attachment":[{"href":"https:\/\/www.europesays.com\/pl\/wp-json\/wp\/v2\/media?parent=317519"}],"wp:term":[{"taxonomy":"category","embeddable":true,"href":"https:\/\/www.europesays.com\/pl\/wp-json\/wp\/v2\/categories?post=317519"},{"taxonomy":"post_tag","embeddable":true,"href":"https:\/\/www.europesays.com\/pl\/wp-json\/wp\/v2\/tags?post=317519"}],"curies":[{"name":"wp","href":"https:\/\/api.w.org\/{rel}","templated":true}]}}