{"id":317821,"date":"2026-03-21T11:12:12","date_gmt":"2026-03-21T11:12:12","guid":{"rendered":"https:\/\/www.europesays.com\/pl\/317821\/"},"modified":"2026-03-21T11:12:12","modified_gmt":"2026-03-21T11:12:12","slug":"finalowy-konkurs-dla-aignera-upadek-joniaka","status":"publish","type":"post","link":"https:\/\/www.europesays.com\/pl\/317821\/","title":{"rendered":"Fina\u0142owy konkurs dla Aignera, upadek Joniaka"},"content":{"rendered":"<p>\n                pi\u0105tek, 20 mar 2026, 16:33<\/p>\n<p>                    Janusz11<\/p>\n<p>                            weteran                        <\/p>\n<p>                                            <a href=\"#74e5313fb87e941c47a1d36a34a92736\" class=\"label label-primary\" style=\"background-color: #fcf236\">@Janusz11<\/a><\/p>\n<p>\n                Zako\u0144czenie sezonu w PK to dobra okazja do zaprezentowania mojej propozycji podzia\u0142u kadr szkoleniowych na przysz\u0142y sezon<\/p>\n<p>Kadra A: Kacper Tomasiak, Piotr \u017by\u0142a, Maciej Kot, Pawe\u0142 W\u0105sek, Dawid Kubacki, Klemens Joniak.<\/p>\n<p>Bez kontrowersji, najlepsza sz\u00f3stka Polak\u00f3w z tego sezonu po odj\u0119ciu ko\u0144cz\u0105cego karier\u0119 Stocha. Joniak nawet nie jest wci\u015bni\u0119ty &#8222;z gwiazdk\u0105&#8221; niczym Juroszek rok temu, bo by\u0142 wyra\u017anie lepszy od Zniszczo\u0142a i Wolnego. Poza Klemensem brak niestety zawodnik\u00f3w gotowych do kadry A w\u015br\u00f3d m\u0142odzie\u017cy, nie sta\u0107 te\u017c jeszcze polskich skok\u00f3w na odsuni\u0119cie najstarszych w postaci przesuni\u0119cia ich do bazy.<\/p>\n<p>Kadra B: Aleksander Zniszczo\u0142, Jakub Wolny, Adam Ni\u017cnik, Jaros\u0142aw Krzak, Kamil Waszek, \u0141ukasz \u0141ukaszczyk.<\/p>\n<p>Dw\u00f3ch weteran\u00f3w obecnie prezentuj\u0105cych poziom solidniak\u00f3w PK, Ni\u017cnik po poczynieniu post\u0119p\u00f3w w bazie i dw\u00f3ch m\u0142odych, kt\u00f3rzy punktowali w tym sezonie w PK. Obok nich, ja wcale nie \u017cartuj\u0119, pot\u0119\u017cny Krzak, a dzisiejszy konkurs, w kt\u00f3rym po ostatnio s\u0142abych wyst\u0119pach na NH w FC da\u0142 rad\u0119 zapunktowa\u0107 na LH w PK, przes\u0105dzi\u0142 spraw\u0119, mo\u017cna da\u0107 &#8222;lotnika&#8221; na pr\u00f3b\u0119 do kadry B zamiast do bazy na jeden sezon, jak nic wyjdzie z tego, to poleci.<\/p>\n<p>Grupy bazowe: Kacper Juroszek, Jan Galica, Tymoteusz Amilkiewicz, Wiktor Szozda, Klemens Staszel, Jan Habdas.<\/p>\n<p>Punktuj\u0105cy w PK Juroszek z Galic\u0105, Amilkiewicz, kt\u00f3ry mia\u0142 przeb\u0142yski i u kt\u00f3rego wida\u0107 potencja\u0142 na co\u015b wi\u0119cej, dwaj zawodnicy z rocznika 2006, kt\u00f3rym warto jeszcze da\u0107 szans\u0119 jeden raz oraz Habdas, troch\u0119 na si\u0142\u0119 na podstawie wynik\u00f3w, ale on szkolenie finansuje sobie sam, wi\u0119c nie jest to wielki problem. St\u0119kiemu, kt\u00f3remu ju\u017c si\u0119 chyba nie chce, Wr\u00f3blowi, kt\u00f3ry nie robi post\u0119p\u00f3w, oraz Jojce (niestety Krzak zostaje sam) trzeba ju\u017c podzi\u0119kowa\u0107, nie wspominam nawet o Fickowskim i W\u0119grzynkiewiczu. Od biedy mo\u017cna tu jeszcze wcisn\u0105\u0107 Gruszk\u0119 jako &#8222;prawie&#8221; punktuj\u0105cego w PK.<\/p>\n<p>Amilkiewicz w kadrze B nie ma sensu, bo jest za bardzo rozsypany (mo\u017ce do\u0142\u0105czy\u0107, jak poprawi form\u0119 po naprawie pozycji), za\u015b Juroszek na zapleczu jako p\u00f3\u0142amator ogrodnik to te\u017c bezsensowny pomys\u0142, miejsce dla takich to baza, jak poprawi wyniki, mo\u017cna pomy\u015ble\u0107 nad w\u0142\u0105czeniem.<\/p>\n<p>Dodam jeszcze, \u017ce ja bym oczywi\u015bcie widzia\u0142 Konrada Tomasiaka w kadrze B, ale w polskich realiach uczniowie SMS nie maj\u0105 szans na taki awans, liczmy na to, by Konrad ju\u017c du\u017co nie ur\u00f3s\u0142 (ju\u017c jest wysoki, wi\u0119cej mu nie potrzeba) i nie rozsypa\u0142a mu si\u0119 technika po kolejnym roku w SMS.             <\/p>\n","protected":false},"excerpt":{"rendered":"pi\u0105tek, 20 mar 2026, 16:33 Janusz11 weteran @Janusz11 Zako\u0144czenie sezonu w PK to dobra okazja do zaprezentowania mojej&hellip;\n","protected":false},"author":2,"featured_media":317822,"comment_status":"","ping_status":"","sticky":false,"template":"","format":"standard","meta":{"footnotes":"","_share_on_mastodon":"0"},"categories":[24],"tags":[1574,1546,1557,1558,1561,1573,1571,1563,291,1553,1564,1549,1551,1543,1550,1562,1547,1565,1540,1568,1544,42,38,40,39,41,1554,1359,1567,1560,1559,1566,1556,1569,1539,1538,1555,127,126,1552,1541,1548,1542,1570,1572,645,1545],"class_list":["post-317821","post","type-post","status-publish","format-standard","has-post-thumbnail","category-sport","tag-4skocznie","tag-adam","tag-adam-malysz","tag-adammalysz","tag-coc","tag-czteryskocznie","tag-fis","tag-fis-cup","tag-historia","tag-horngacher","tag-io","tag-kobayashi","tag-kraft","tag-kuba","tag-kubacki","tag-lotos-cup","tag-malysz","tag-ms","tag-narciarskie","tag-narty","tag-piotrek","tag-pl","tag-poland","tag-polish","tag-polska","tag-polski","tag-polskie","tag-ranking","tag-ski-jumping","tag-skijump","tag-skijumping","tag-skoczkowie","tag-skocznia","tag-skocznie","tag-skoki","tag-skoki-narciarskie","tag-skokinarciarskie","tag-sport","tag-sports","tag-stefan","tag-stoch","tag-wellinger","tag-wolny","tag-zakopane","tag-zawody","tag-zdjecia","tag-zyla"],"share_on_mastodon":{"url":"https:\/\/pubeurope.com\/@pl\/116266869884930536","error":""},"_links":{"self":[{"href":"https:\/\/www.europesays.com\/pl\/wp-json\/wp\/v2\/posts\/317821","targetHints":{"allow":["GET"]}}],"collection":[{"href":"https:\/\/www.europesays.com\/pl\/wp-json\/wp\/v2\/posts"}],"about":[{"href":"https:\/\/www.europesays.com\/pl\/wp-json\/wp\/v2\/types\/post"}],"author":[{"embeddable":true,"href":"https:\/\/www.europesays.com\/pl\/wp-json\/wp\/v2\/users\/2"}],"replies":[{"embeddable":true,"href":"https:\/\/www.europesays.com\/pl\/wp-json\/wp\/v2\/comments?post=317821"}],"version-history":[{"count":0,"href":"https:\/\/www.europesays.com\/pl\/wp-json\/wp\/v2\/posts\/317821\/revisions"}],"wp:featuredmedia":[{"embeddable":true,"href":"https:\/\/www.europesays.com\/pl\/wp-json\/wp\/v2\/media\/317822"}],"wp:attachment":[{"href":"https:\/\/www.europesays.com\/pl\/wp-json\/wp\/v2\/media?parent=317821"}],"wp:term":[{"taxonomy":"category","embeddable":true,"href":"https:\/\/www.europesays.com\/pl\/wp-json\/wp\/v2\/categories?post=317821"},{"taxonomy":"post_tag","embeddable":true,"href":"https:\/\/www.europesays.com\/pl\/wp-json\/wp\/v2\/tags?post=317821"}],"curies":[{"name":"wp","href":"https:\/\/api.w.org\/{rel}","templated":true}]}}