{"id":31817,"date":"2025-10-04T19:10:08","date_gmt":"2025-10-04T19:10:08","guid":{"rendered":"https:\/\/www.europesays.com\/pl\/31817\/"},"modified":"2025-10-04T19:10:08","modified_gmt":"2025-10-04T19:10:08","slug":"byl-gwiazda-reprezentacji-polski-tak-dzis-wyglada-przeglad-sportowy-onet","status":"publish","type":"post","link":"https:\/\/www.europesays.com\/pl\/31817\/","title":{"rendered":"By\u0142 gwiazd\u0105 reprezentacji Polski. Tak dzi\u015b wygl\u0105da &#8211; Przegl\u0105d Sportowy Onet"},"content":{"rendered":"<ol>\n<li><a href=\"https:\/\/news.google.com\/rss\/articles\/CBMingFBVV95cUxNYW1YYWg5RjNJX0U5MVNFRzRnZzAwM01GTHM4VmlDekJHeGl6Y2JfSUxySF9Fa1h5MzZCWmczQmNKREdhMnNWSXFBUHdlT21jNkVHaS04bWpRTktYSHZNSnZ5OXkwWjd6WUxqZnFtVUtfcWNHa1NQckV3aFh1NkNKYnN3VXptUDVJYlhoRVVHdjJNeU9LUWp4ODA1LU9Rdw?oc=5\" target=\"_blank\" rel=\"nofollow noopener\">By\u0142 gwiazd\u0105 reprezentacji Polski. Tak dzi\u015b wygl\u0105da<\/a>&nbsp;&nbsp;Przegl\u0105d Sportowy Onet<\/li>\n<li><a href=\"https:\/\/news.google.com\/rss\/articles\/CBMirgFBVV95cUxPN0xuMVMtRElfSUVnY0JqWTNrQTlxczVHUlBDVWRCNk5GM2pJTzFqeEhxVEhZbzFxWUxCMURBN3g1Uy1zWjFEV1NxSWViVGhjQmVxY1VKQWVHODVYb3RHNHRlOGkzUzBEMnZFaDQxVEtFeVRjU2F0c3lMNHhyVHhIWUVkc2lmSUExUXd3Tml2djhsczFyOWNKYU1zcHpETm0zR193M20wRVl2Vm9pUlE?oc=5\" target=\"_blank\" rel=\"nofollow noopener\">Gruchn\u0119\u0142y wie\u015bci o Olisadebe. Tak teraz wygl\u0105da. 'Legenda pi\u0142ki no\u017cnej&#8217; Pi\u0142ka no\u017cna<\/a>&nbsp;&nbsp;Sport.pl<\/li>\n<li><a href=\"https:\/\/news.google.com\/rss\/articles\/CBMilwFBVV95cUxNQ05wMXF4RUhfcGhyNm5CeVVGQ0JKYWpyYU1fYmw3d3REQmh0dGp0dFBFd1Buc1hMZEI3NzJ6eFY1VC01d21HS0FaektUekw1dUhOYmJxbGdncHBFVmU1eGJEaGNXZWZWR2x4am9RaVpnMmR0cVVHbWltYTdmVGxpSXdpcW1WVFdFem8yTjFlcERjOFZuZFhF?oc=5\" target=\"_blank\" rel=\"nofollow noopener\">By\u0142 gwiazd\u0105 polskiej kadry. Tak teraz wygl\u0105da<\/a>&nbsp;&nbsp;SportoweFakty<\/li>\n<li><a href=\"https:\/\/news.google.com\/rss\/articles\/CBMi6wFBVV95cUxNWVduZEhOVmtPOUdiaS1sUE1KcTEya2tBNkNGMEJTTkdWaXFpMllzVEFtWkNRVFlRNkxjc29CczlVdTkwWHF4YkM5VjFYVE1qdW5PVXpwWnNjd3p2V3BEY1pIOFpOTzVsVGlWdnVsSVd0Vl82WUNvMnZydGxPcVNNQmRFalkxamRjdDRSMERqVU1HVXZfcEtKbXlLTlhRbDNxZ3ZyXzhTNm4xVjFxSERfU2RYZlYzTHdnRUw0YW9aVHpMQml1cjdLSlU0anlfNUF5WEFUYXdRWUp4QUxkdXhqdTRuUGYxSDJOLW5r?oc=5\" target=\"_blank\" rel=\"nofollow noopener\">Olisadebe odwiedzi\u0142 polsk\u0105 ambasad\u0119 w Nigerii. Tak obecnie wygl\u0105da bohater naszej reprezentacji<\/a>&nbsp;&nbsp;Dziennik.pl Sport<\/li>\n<li><a href=\"https:\/\/news.google.com\/rss\/articles\/CBMiqAFBVV95cUxPWlBMSkJxS0lPWGMyTV92MzNaVmI5U1U3bHltb0V4blFBWXZ2a1dtbWlWMy1nSFNQam9mSlFnZzNMeFpqSDBPN3pBZzN6WEFYS1lzZC03ZkVnSExINUpkbkM3QmsxZ25kZFlJQmRqUTh4eGRLRkVyVUFyX2tBMnVzTExGWkxzYVV2Q1Q1eUdsM0hSbHYwSW9JaklEempYdzk2RHd0TnNzMWw?oc=5\" target=\"_blank\" rel=\"nofollow noopener\">Zn\u00f3w g\u0142o\u015bno o Olisadebe. W tym miejscu si\u0119 pojawi\u0142 [ZDJ\u0118CIA]<\/a>&nbsp;&nbsp;Meczyki.pl<\/li>\n<\/ol>\n","protected":false},"excerpt":{"rendered":"By\u0142 gwiazd\u0105 reprezentacji Polski. Tak dzi\u015b wygl\u0105da&nbsp;&nbsp;Przegl\u0105d Sportowy Onet Gruchn\u0119\u0142y wie\u015bci o Olisadebe. Tak teraz wygl\u0105da. 'Legenda pi\u0142ki&hellip;\n","protected":false},"author":2,"featured_media":31818,"comment_status":"","ping_status":"","sticky":false,"template":"","format":"standard","meta":{"footnotes":""},"categories":[5],"tags":[32,33,9360,36,37,27,67,34,35,28,31,25,9359,129,948,42,38,40,39,41,136,128,9358,47,135,29,30,26,130],"class_list":{"0":"post-31817","1":"post","2":"type-post","3":"status-publish","4":"format-standard","5":"has-post-thumbnail","7":"category-naglowki","8":"tag-breaking-news","9":"tag-breakingnews","10":"tag-emmanuel_olisadebe","11":"tag-featured-news","12":"tag-featurednews","13":"tag-headlines","14":"tag-intextvideo_splayer","15":"tag-latest-news","16":"tag-latestnews","17":"tag-naglowki","18":"tag-najwazniejsze-artykuly","19":"tag-news","20":"tag-nigeria","21":"tag-ofsajd","22":"tag-pilka_nozna","23":"tag-pl","24":"tag-poland","25":"tag-polish","26":"tag-polska","27":"tag-polski","28":"tag-ps_detal_new","29":"tag-psv2","30":"tag-reprezentacja_polski_w_pilce_noznej_mezczyzn","31":"tag-screening_general","32":"tag-sport_sport","33":"tag-top-stories","34":"tag-topstories","35":"tag-wiadomosci","36":"tag-wiadomosci_sportowe"},"share_on_mastodon":{"url":"","error":""},"_links":{"self":[{"href":"https:\/\/www.europesays.com\/pl\/wp-json\/wp\/v2\/posts\/31817","targetHints":{"allow":["GET"]}}],"collection":[{"href":"https:\/\/www.europesays.com\/pl\/wp-json\/wp\/v2\/posts"}],"about":[{"href":"https:\/\/www.europesays.com\/pl\/wp-json\/wp\/v2\/types\/post"}],"author":[{"embeddable":true,"href":"https:\/\/www.europesays.com\/pl\/wp-json\/wp\/v2\/users\/2"}],"replies":[{"embeddable":true,"href":"https:\/\/www.europesays.com\/pl\/wp-json\/wp\/v2\/comments?post=31817"}],"version-history":[{"count":0,"href":"https:\/\/www.europesays.com\/pl\/wp-json\/wp\/v2\/posts\/31817\/revisions"}],"wp:featuredmedia":[{"embeddable":true,"href":"https:\/\/www.europesays.com\/pl\/wp-json\/wp\/v2\/media\/31818"}],"wp:attachment":[{"href":"https:\/\/www.europesays.com\/pl\/wp-json\/wp\/v2\/media?parent=31817"}],"wp:term":[{"taxonomy":"category","embeddable":true,"href":"https:\/\/www.europesays.com\/pl\/wp-json\/wp\/v2\/categories?post=31817"},{"taxonomy":"post_tag","embeddable":true,"href":"https:\/\/www.europesays.com\/pl\/wp-json\/wp\/v2\/tags?post=31817"}],"curies":[{"name":"wp","href":"https:\/\/api.w.org\/{rel}","templated":true}]}}