{"id":318333,"date":"2026-03-21T17:43:12","date_gmt":"2026-03-21T17:43:12","guid":{"rendered":"https:\/\/www.europesays.com\/pl\/318333\/"},"modified":"2026-03-21T17:43:12","modified_gmt":"2026-03-21T17:43:12","slug":"poruszajacy-wpis-po-smierci-nicholasa-brendona-kocham-cie-onet","status":"publish","type":"post","link":"https:\/\/www.europesays.com\/pl\/318333\/","title":{"rendered":"Poruszaj\u0105cy wpis po \u015bmierci Nicholasa Brendona. &quot;Kocham ci\u0119&quot; &#8211; Onet"},"content":{"rendered":"<ol>\n<li><a href=\"https:\/\/news.google.com\/rss\/articles\/CBMitAFBVV95cUxNWklwaEtGZ0k0ZnMwRGFnREd3cHJNZnFMcldwWll3aHprRFBvd3FlWjM0VDR2QzU1UGs0bHY5THR5dUhwZUhIMmlab0dROC1RTzc3LWZMYVB6UHlNdHAtamU3cHAxQTl4UjRaczdZWGNKNm4wLWdCUm5ody1ibFBubW5EeDd2MXpYcHNwclhCRHZGS1pYcmp3TEdEU0t3NWZkMHduTG9POS1EWFM4QmlZRG5MeHU?oc=5\" target=\"_blank\" rel=\"nofollow noopener\">Poruszaj\u0105cy wpis po \u015bmierci Nicholasa Brendona. &#8222;Kocham ci\u0119&#8221;<\/a>&nbsp;&nbsp;Onet<\/li>\n<li><a href=\"https:\/\/news.google.com\/rss\/articles\/CBMikgFBVV95cUxNaWRGMHl1VjZ3Ymt6eXhPdnNlRndHSkN5WHhIMmtpUlhvWld1ZlJ1ZENITzNiOXFmM3ZDUzFqclF4QnlLZ2ZwUWpVQlg5Ynd2OGlRR3RSN1pkZjhVX0c2SlFnTGNjTW9qWGhSMUZyQ0FRbkpjZXc0dnpUX1BUUzdOR2Fub25BOGd5X2VhSS1NSnd3dw?oc=5\" target=\"_blank\" rel=\"nofollow noopener\">Nicholas Brendon nie \u017cyje. &#8222;Odszed\u0142 spokojnie we \u015bnie&#8221;<\/a>&nbsp;&nbsp;WP Film<\/li>\n<li><a href=\"https:\/\/news.google.com\/rss\/articles\/CBMizAFBVV95cUxQdm5kNnplZFk0RW9GZll6eEYzMFJhcExZWHZZbmcxcVhKWXhRR21ScUlCZUVRR0RFTDVTUFQzSEtXZkN6VHBnSXZiVTZiTHBHOW5CcUJuSzdjWWk2SU5xMl82VlZZSGM4SFBpMWFtYk1qb2h0RU40cGZtcXA4TDFrSUpMdXNHN0wydVptZFV6bFo3U2h3MjhvSW9EMHFYZXI1Nk1xblNkVlBkQW1NSzQ4TDVJLVpwUFNneE9la0pBX040QnFyWHI5SFc5UEo?oc=5\" target=\"_blank\" rel=\"nofollow noopener\">Nie \u017cyje Nicholas Brendon. Xander z &#8222;Buffy: Postrachu wampir\u00f3w&#8221; mia\u0142 54 lata<\/a>&nbsp;&nbsp;Filmweb<\/li>\n<li><a href=\"https:\/\/news.google.com\/rss\/articles\/CBMiwwFBVV95cUxPOEFoZXh3ellPbHBaeTBYSFQxYmFOMVpzNkFJLTlxUU1KLXV4Ul9OYkNOanpRcG9IVm9KMW9hRnF0ZE1iNEcxQmtRTTlyamZOQW9kcENONUlCY0VvSUNYdFpzdVBObENhWVJkWVFmOUNWcHd1d2V6SDVXMHB4ZC1vT0RRa1g2TDM2T0pNNkkwN3kxRHh3dy1Db3JwVFhMZEhUNG1rNHdoVEFhQS1oNnM2NkVRNzBMZVh3RDg3LWpXa2dQNHM?oc=5\" target=\"_blank\" rel=\"nofollow noopener\">Nie \u017cyje Nicholas Brendon. Aktor mia\u0142 54 lata<\/a>&nbsp;&nbsp;Pudelek<\/li>\n<li><a href=\"https:\/\/news.google.com\/rss\/articles\/CBMinAFBVV95cUxOWDZzX2NtQ21WeFYySDlURFZXaGdfQk5sTGR1TC0yakw4YkF3VWZ0bGU0VndXWUNPR01DYXd1V3JMbXJBVHRDeVdXTGxsOHFRUXg2SjN6RGV2azduUUVRbXExeHJqbWhlR2gzZG5lTTZJU0p5QlFicC03WmJ6N2pNcy1qUkd6SlI0aDZ3ajlhMV83Q05yT01OaTRydlA?oc=5\" target=\"_blank\" rel=\"nofollow noopener\">Nie \u017cyje znany aktor. Przez lata zmaga\u0142 si\u0119 z uzale\u017cnieniem<\/a>&nbsp;&nbsp;Plejada<\/li>\n<\/ol>\n","protected":false},"excerpt":{"rendered":"Poruszaj\u0105cy wpis po \u015bmierci Nicholasa Brendona. &#8222;Kocham ci\u0119&#8221;&nbsp;&nbsp;Onet Nicholas Brendon nie \u017cyje. &#8222;Odszed\u0142 spokojnie we \u015bnie&#8221;&nbsp;&nbsp;WP Film Nie&hellip;\n","protected":false},"author":2,"featured_media":318334,"comment_status":"","ping_status":"","sticky":false,"template":"","format":"standard","meta":{"footnotes":"","_share_on_mastodon":"0"},"categories":[5],"tags":[50979,32,33,50978,36,37,27,261,34,35,28,8426,31,53,25,50977,52,68,51,55,42,38,40,39,41,47,7581,29,30,50,26],"class_list":["post-318333","post","type-post","status-publish","format-standard","has-post-thumbnail","category-naglowki","tag-alyson_hannigan","tag-breaking-news","tag-breakingnews","tag-buffy","tag-featured-news","tag-featurednews","tag-headlines","tag-kultura","tag-latest-news","tag-latestnews","tag-naglowki","tag-najnowsze","tag-najwazniejsze-artykuly","tag-new_header","tag-news","tag-nicholas_brendon_aktor","tag-onet3","tag-onet3d","tag-onet3d_2i","tag-phx","tag-pl","tag-poland","tag-polish","tag-polska","tag-polski","tag-screening_general","tag-serial_seriale","tag-top-stories","tag-topstories","tag-v2021","tag-wiadomosci"],"share_on_mastodon":{"url":"https:\/\/pubeurope.com\/@pl\/116268407573092053","error":""},"_links":{"self":[{"href":"https:\/\/www.europesays.com\/pl\/wp-json\/wp\/v2\/posts\/318333","targetHints":{"allow":["GET"]}}],"collection":[{"href":"https:\/\/www.europesays.com\/pl\/wp-json\/wp\/v2\/posts"}],"about":[{"href":"https:\/\/www.europesays.com\/pl\/wp-json\/wp\/v2\/types\/post"}],"author":[{"embeddable":true,"href":"https:\/\/www.europesays.com\/pl\/wp-json\/wp\/v2\/users\/2"}],"replies":[{"embeddable":true,"href":"https:\/\/www.europesays.com\/pl\/wp-json\/wp\/v2\/comments?post=318333"}],"version-history":[{"count":0,"href":"https:\/\/www.europesays.com\/pl\/wp-json\/wp\/v2\/posts\/318333\/revisions"}],"wp:featuredmedia":[{"embeddable":true,"href":"https:\/\/www.europesays.com\/pl\/wp-json\/wp\/v2\/media\/318334"}],"wp:attachment":[{"href":"https:\/\/www.europesays.com\/pl\/wp-json\/wp\/v2\/media?parent=318333"}],"wp:term":[{"taxonomy":"category","embeddable":true,"href":"https:\/\/www.europesays.com\/pl\/wp-json\/wp\/v2\/categories?post=318333"},{"taxonomy":"post_tag","embeddable":true,"href":"https:\/\/www.europesays.com\/pl\/wp-json\/wp\/v2\/tags?post=318333"}],"curies":[{"name":"wp","href":"https:\/\/api.w.org\/{rel}","templated":true}]}}