{"id":318599,"date":"2026-03-21T21:12:10","date_gmt":"2026-03-21T21:12:10","guid":{"rendered":"https:\/\/www.europesays.com\/pl\/318599\/"},"modified":"2026-03-21T21:12:10","modified_gmt":"2026-03-21T21:12:10","slug":"oburzajacy-wpis-donalda-trumpa-tak-skomentowal-smierc-bylego-szefa-fbi","status":"publish","type":"post","link":"https:\/\/www.europesays.com\/pl\/318599\/","title":{"rendered":"Oburzaj\u0105cy wpis Donalda Trumpa. Tak skomentowa\u0142 \u015bmier\u0107 by\u0142ego szefa FBI"},"content":{"rendered":"<p>Przyczyna zgonu wieloletniego szefa FBI nie jest znana, lecz stacja MS NOW, powo\u0142uj\u0105c si\u0119 na dwa \u017ar\u00f3d\u0142a, informuje, \u017ce od lat zmaga\u0142 si\u0119 z chorob\u0105 Parkinsona. Mueller zmar\u0142 w pi\u0105tek. Mia\u0142 81 lat.<\/p>\n<p> Dalszy ci\u0105g artyku\u0142u pod materia\u0142em wideo <\/p>\n<p>Na \u015bmier\u0107 Muellera zareagowa\u0142 prezydent USA. &#8222;Robert Mueller w\u0142a\u015bnie umar\u0142. To dobrze, ciesz\u0119 si\u0119, \u017ce nie \u017cyje. Nie b\u0119dzie ju\u017c m\u00f3g\u0142 krzywdzi\u0107 niewinnych ludzi!&#8221; \u2014 napisa\u0142 Trump w serwisie Truth Social.<\/p>\n<p> \u015aledztwo niewygodne dla Donalda TrumpaMueller sta\u0142 na czele FBI od 2001 do 2013 r. Jako specjalny prokurator prowadzi\u0142 \u015bledztwo na temat <a href=\"https:\/\/wiadomosci.onet.pl\/politico\/usa-prokuratorzy-maja-swiadka-ktory-ma-powiazac-kucharza-putina-z-ingerencja-rosji-w\/z6h375m\" id=\"cb8ffd5a-9a06-4df6-a513-1a4f5db5b53d\" rel=\"nofollow noopener\" target=\"_blank\">rosyjskiej ingerencji w kampani\u0119 wyborcz\u0105 w USA w 2016 r.<\/a> \u015aledztwo Muellera trwa\u0142o 22 miesi\u0105ce i toczy\u0142o si\u0119 dwoma torami: badano spraw\u0119 ingerencji Rosjan w wybory i kontakt\u00f3w ludzi z otoczenia Trumpa z przedstawicielami Kremla, a r\u00f3wnolegle sprawdzano, czy prezydent nie usi\u0142uje blokowa\u0107 dzia\u0142ania wymiaru sprawiedliwo\u015bci.     <\/p>\n<p>Dochodzenie doprowadzi\u0142o do wydania 37 akt\u00f3w oskar\u017cenia i siedmiu przyzna\u0144 si\u0119 do winy \u2014 poda\u0142a MS NOW. Nie znaleziono dowod\u00f3w na wsp\u00f3\u0142prac\u0119 Trumpa lub jego otoczenia z Rosj\u0105. W raporcie nie stwierdzono, by Trump pope\u0142ni\u0142 jakiekolwiek przest\u0119pstwo. Nie zarzucono mu utrudniania dzia\u0142a\u0144 wymiaru sprawiedliwo\u015bci, nie pad\u0142o jednak te\u017c jednoznaczne stwierdzenie, i\u017c Trump tego nie robi\u0142.<\/p>\n<p>Trump nazywa\u0142 \u015bledztwo Muellera m.in. &#8222;polowaniem na czarownice&#8221; i &#8222;zdrad\u0105 stanu&#8221;, a sam Mueller sta\u0142 si\u0119 obiektem jego gniewu.<\/p>\n<p>Kim by\u0142 Robert Mueller?<\/p>\n<p>Robert S. Mueller III by\u0142 Republikaninem. S\u0142u\u017cy\u0142 w administracjach zar\u00f3wno republika\u0144skich, jak i demokratycznych prezydent\u00f3w. By\u0142 weteranem piechoty morskiej i walczy\u0142 w Wietnamie. Zanim zosta\u0142 szefem FBI, pracowa\u0142 jako prokurator federalny. \u015aledztwo w sprawie afery Russiagate powierzono mu w maju 2017 r., gdy Trump nieoczekiwanie zwolni\u0142 \u00f3wczesnego dyrektora FBI Jamesa Comeya, kt\u00f3ry nadzorowa\u0142 post\u0119powanie w tej sprawie.<\/p>\n","protected":false},"excerpt":{"rendered":"Przyczyna zgonu wieloletniego szefa FBI nie jest znana, lecz stacja MS NOW, powo\u0142uj\u0105c si\u0119 na dwa \u017ar\u00f3d\u0142a, informuje,&hellip;\n","protected":false},"author":2,"featured_media":318600,"comment_status":"","ping_status":"","sticky":false,"template":"","format":"standard","meta":{"footnotes":"","_share_on_mastodon":"0"},"categories":[5],"tags":[32,33,44,5406,36,37,27,34,35,28,31,48,25,46,42,38,40,39,41,48836,51016,87,47,1389,80,29,30,71,26],"class_list":["post-318599","post","type-post","status-publish","format-standard","has-post-thumbnail","category-naglowki","tag-breaking-news","tag-breakingnews","tag-donald_trump","tag-fbi","tag-featured-news","tag-featurednews","tag-headlines","tag-latest-news","tag-latestnews","tag-naglowki","tag-najwazniejsze-artykuly","tag-nat_styl","tag-news","tag-omp","tag-pl","tag-poland","tag-polish","tag-polska","tag-polski","tag-ref_floating_paywall_tst0","tag-robert_mueller","tag-rosja","tag-screening_general","tag-sledztwo","tag-swiat","tag-top-stories","tag-topstories","tag-usa","tag-wiadomosci"],"share_on_mastodon":{"url":"https:\/\/pubeurope.com\/@pl\/116269229310303869","error":""},"_links":{"self":[{"href":"https:\/\/www.europesays.com\/pl\/wp-json\/wp\/v2\/posts\/318599","targetHints":{"allow":["GET"]}}],"collection":[{"href":"https:\/\/www.europesays.com\/pl\/wp-json\/wp\/v2\/posts"}],"about":[{"href":"https:\/\/www.europesays.com\/pl\/wp-json\/wp\/v2\/types\/post"}],"author":[{"embeddable":true,"href":"https:\/\/www.europesays.com\/pl\/wp-json\/wp\/v2\/users\/2"}],"replies":[{"embeddable":true,"href":"https:\/\/www.europesays.com\/pl\/wp-json\/wp\/v2\/comments?post=318599"}],"version-history":[{"count":0,"href":"https:\/\/www.europesays.com\/pl\/wp-json\/wp\/v2\/posts\/318599\/revisions"}],"wp:featuredmedia":[{"embeddable":true,"href":"https:\/\/www.europesays.com\/pl\/wp-json\/wp\/v2\/media\/318600"}],"wp:attachment":[{"href":"https:\/\/www.europesays.com\/pl\/wp-json\/wp\/v2\/media?parent=318599"}],"wp:term":[{"taxonomy":"category","embeddable":true,"href":"https:\/\/www.europesays.com\/pl\/wp-json\/wp\/v2\/categories?post=318599"},{"taxonomy":"post_tag","embeddable":true,"href":"https:\/\/www.europesays.com\/pl\/wp-json\/wp\/v2\/tags?post=318599"}],"curies":[{"name":"wp","href":"https:\/\/api.w.org\/{rel}","templated":true}]}}