{"id":318745,"date":"2026-03-21T22:52:10","date_gmt":"2026-03-21T22:52:10","guid":{"rendered":"https:\/\/www.europesays.com\/pl\/318745\/"},"modified":"2026-03-21T22:52:10","modified_gmt":"2026-03-21T22:52:10","slug":"widzowie-rozczarowani-slowami-marcina-prokopa-w-mam-talent-jak-mozna","status":"publish","type":"post","link":"https:\/\/www.europesays.com\/pl\/318745\/","title":{"rendered":"Widzowie rozczarowani s\u0142owami Marcina Prokopa w &#8222;Mam talent!&#8221;. &#8222;Jak mo\u017cna?&#8221;"},"content":{"rendered":"<p>W najnowszym odcinku <a href=\"https:\/\/plejada.pl\/temat\/mam-talent-program-telewizyjny\/kldyq95\" id=\"9601fa2e-b11d-4ac7-a135-5a18745ddd0e\" rel=\"nofollow noopener\" target=\"_blank\">&#8222;Mam talent!&#8221;<\/a> nie brakuje rozmaitych wyst\u0119p\u00f3w, a niekt\u00f3re z nich wyr\u00f3\u017cniaj\u0105 si\u0119 swoj\u0105 oryginalno\u015bci\u0105. 12-letni Wiktor R\u00f3\u017ca\u0144ski zaprezentowa\u0142 nietypow\u0105 choreografi\u0119. &#8222;Jak m\u00f3wi\u0119 komu\u015b, \u017ce macham r\u0119cznikiem, to wi\u0119kszo\u015b\u0107 os\u00f3b si\u0119 ze mnie \u015bmieje i m\u00f3wi, \u017ce: po co kr\u0119cisz t\u0105 szmat\u0105? Ja mam w to wywalone. W przysz\u0142o\u015bci chc\u0119 zosta\u0107 mistrzem \u015bwiata&#8221; \u2014 przedstawia\u0142 sw\u00f3j talent przed kamerami TVN-u. Dalszy ci\u0105g artyku\u0142u pod materia\u0142em wideo Widzowie rozczarowani s\u0142owami Marcina Prokopa w &#8222;Mam talent!&#8221;. &#8222;Jak mo\u017cna?&#8221;<\/p>\n<p>Wyst\u0119p nie podszed\u0142 do gustu Agustinowi Egurroli oraz Marcinowi Prokopowi, kt\u00f3rzy klikn\u0119li krzy\u017cyk w trakcie choreografii 12-latka. &#8222;Jakby to robi\u0142 nad basenem, gdzie\u015b w Egipicie to by\u0142by sztos, ale w naszym programie? Choreografia jest powtarzalna. Ile mo\u017cna szmat\u0105 macha\u0107?&#8221; \u2014 skomentowa\u0142 prowadz\u0105cy &#8222;Dzie\u0144 dobry TVN&#8221;. Pomimo remisu w g\u0142osowaniu, R\u00f3\u017ca\u0144ski ostatecznie przeszed\u0142 do kolejnego etapu programu, dzi\u0119ki decyzji Agnieszki Chyli\u0144skiej.<\/p>\n<p>S\u0142owa dziennikarza odbi\u0142y si\u0119 szerokim echem w sieci. Internauci nie kryli oburzenia jego komentarzem.<\/p>\n<blockquote class=\"ods-o-quote\">\n<p class=\"ods-o-quote__paragraph\">Prokop, nie popisa\u0142e\u015b si\u0119<\/p>\n<\/blockquote>\n<blockquote class=\"ods-o-quote\">\n<p class=\"ods-o-quote__paragraph\">Augustin, Marcin z ca\u0142ym szacunkiem, jak mo\u017cna w dzisiejszych czasach podcina\u0107 skrzyd\u0142a m\u0142odemu cz\u0142owiekowi? M\u0142ody ma pasj\u0119! Na pewno lepsz\u0105 ni\u017c godziny przed komputerem&#8230; Szacun, m\u0142ody!<\/p>\n<\/blockquote>\n<p>&#8222;Nie zgadzamy si\u0119 z Marcinem. (&#8230;) Gratulacje!&#8221;, &#8222;Panowie z jury bardzo nie\u0142adnie&#8230; Ch\u0142opiec ma pasj\u0119 i \u015bwietnie si\u0119 to ogl\u0105da. Moim zdaniem jest to talent. Jeste\u015b super ch\u0142opak&#8221; \u2014 komentowali u\u017cytkownicy.<\/p>\n<p>&#8222;Ch\u0142opak potrzebuje wsparcia, Prokop nie\u0142adnie&#8221; \u2014 napisa\u0142 jeden z internaut\u00f3w, na co otrzyma\u0142 odpowied\u017a od produkcji show. &#8222;Przeka\u017cemy Marcinowi&#8221; \u2014 czytamy.<\/p>\n<p> <img decoding=\"async\" src=\"https:\/\/www.europesays.com\/pl\/wp-content\/uploads\/2026\/03\/qakk9lBaHR0cHM6Ly9vY2RuLmV1L3B1bHNjbXMvTURBXy8xNWFhNjFkNTkwYjQyOTA4YmQ1ZWFlNThkNjI1Mjk1Yi5qcGeRlQLNB.jpeg\" height=\"628\" width=\"940\" alt=\"Marcin Prokop w programie &quot;Mam talent!&quot;\" loading=\"lazy\" class=\"ods-c-image__img ods-c-image__img--viewport-width\"\/> <\/p>\n<p>Marcin Prokop w programie &#8222;Mam talent!&#8221;Piotr Andrzejczak \/ MW Media<\/p>\n<p>  <img decoding=\"async\" src=\"https:\/\/www.europesays.com\/pl\/wp-content\/uploads\/2026\/03\/KSdk9lBaHR0cHM6Ly9vY2RuLmV1L3B1bHNjbXMvTURBXy8xZWExYmI5ZjU2YjEwM2ZlZjRiMWZiMTVkMDdlYmQzOC5qcGeRlQLNB.jpeg\" height=\"627\" width=\"940\" alt=\"Agustin Egurrola na planie &quot;Mam talent!&quot;\" loading=\"lazy\" class=\"ods-c-image__img ods-c-image__img--viewport-width\"\/> <\/p>\n<p>Agustin Egurrola na planie &#8222;Mam talent!&#8221;Miros\u0142aw Sosnowski \/ TVN<\/p>\n<p> Dzi\u0119kujemy, \u017ce przeczyta\u0142a\u015b\/e\u015b nasz artyku\u0142 do ko\u0144ca. W serwisie Plejada.pl ka\u017cdego dnia piszemy o najwa\u017cniejszych wydarzeniach show-biznesowych. B\u0105d\u017a na bie\u017c\u0105co!<a rel=\"nofollow noopener\" href=\"https:\/\/profile.google.com\/cp\/Cg0vZy8xMWJ6X19wdHBx\" id=\"565073b6-21ae-4ac4-a60f-e854f21db8e9\" target=\"_blank\"> Obserwuj<\/a> Plejad\u0119 w Google. Odwied\u017a nas tak\u017ce na<a rel=\"nofollow noopener\" href=\"https:\/\/www.facebook.com\/plejadapl\" id=\"883a7645-2578-435d-b061-09276cbb8efc\" target=\"_blank\"> Facebooku<\/a>,<a rel=\"nofollow noopener\" href=\"https:\/\/www.instagram.com\/plejadapl\/\" id=\"afee36de-ed99-418a-b5d6-46ef04b53fbd\" target=\"_blank\"> Instagramie<\/a>,<a rel=\"nofollow noopener\" href=\"https:\/\/www.youtube.com\/c\/plejada\" id=\"8dd26094-1914-4a07-bced-db7d3f2cbf45\" target=\"_blank\"> YouTubie<\/a> oraz<a rel=\"nofollow noopener\" href=\"https:\/\/www.tiktok.com\/@plejada_pl\" id=\"db8d848c-3b17-4bc1-89d1-f1611f24a44d\" target=\"_blank\"> TikToku<\/a>.Chcesz podzieli\u0107 si\u0119 ciekawym newsem lub zaproponowa\u0107 temat? Skontaktuj si\u0119 z nami, pisz\u0105c maila na adres: <a rel=\"nofollow noopener\" href=\"https:\/\/plejada.pl\/newsy\/widzowie-rozczarowani-slowami-marcina-prokopa-w-mam-talent-jak-mozna\/mailto:plejada@redakcjaonet.pl\" id=\"48276a26-6208-4e0d-a04c-6d22bbe75d90\" target=\"_blank\">plejada@redakcjaonet.pl<\/a>.<script async src=\"\/\/www.instagram.com\/embed.js\"><\/script><script async src=\"\/\/www.tiktok.com\/embed.js\"><\/script><\/p>\n","protected":false},"excerpt":{"rendered":"W najnowszym odcinku &#8222;Mam talent!&#8221; nie brakuje rozmaitych wyst\u0119p\u00f3w, a niekt\u00f3re z nich wyr\u00f3\u017cniaj\u0105 si\u0119 swoj\u0105 oryginalno\u015bci\u0105. 12-letni&hellip;\n","protected":false},"author":2,"featured_media":318746,"comment_status":"","ping_status":"","sticky":false,"template":"","format":"standard","meta":{"footnotes":"","_share_on_mastodon":"0"},"categories":[22],"tags":[16832,122,48,125,46,42,38,40,39,41,123,47],"class_list":["post-318745","post","type-post","status-publish","format-standard","has-post-thumbnail","category-rozrywka","tag-_mam_talent_","tag-entertainment","tag-nat_styl","tag-newsy","tag-omp","tag-pl","tag-poland","tag-polish","tag-polska","tag-polski","tag-rozrywka","tag-screening_general"],"share_on_mastodon":{"url":"https:\/\/pubeurope.com\/@pl\/116269622449465093","error":""},"_links":{"self":[{"href":"https:\/\/www.europesays.com\/pl\/wp-json\/wp\/v2\/posts\/318745","targetHints":{"allow":["GET"]}}],"collection":[{"href":"https:\/\/www.europesays.com\/pl\/wp-json\/wp\/v2\/posts"}],"about":[{"href":"https:\/\/www.europesays.com\/pl\/wp-json\/wp\/v2\/types\/post"}],"author":[{"embeddable":true,"href":"https:\/\/www.europesays.com\/pl\/wp-json\/wp\/v2\/users\/2"}],"replies":[{"embeddable":true,"href":"https:\/\/www.europesays.com\/pl\/wp-json\/wp\/v2\/comments?post=318745"}],"version-history":[{"count":0,"href":"https:\/\/www.europesays.com\/pl\/wp-json\/wp\/v2\/posts\/318745\/revisions"}],"wp:featuredmedia":[{"embeddable":true,"href":"https:\/\/www.europesays.com\/pl\/wp-json\/wp\/v2\/media\/318746"}],"wp:attachment":[{"href":"https:\/\/www.europesays.com\/pl\/wp-json\/wp\/v2\/media?parent=318745"}],"wp:term":[{"taxonomy":"category","embeddable":true,"href":"https:\/\/www.europesays.com\/pl\/wp-json\/wp\/v2\/categories?post=318745"},{"taxonomy":"post_tag","embeddable":true,"href":"https:\/\/www.europesays.com\/pl\/wp-json\/wp\/v2\/tags?post=318745"}],"curies":[{"name":"wp","href":"https:\/\/api.w.org\/{rel}","templated":true}]}}