{"id":318845,"date":"2026-03-22T00:27:21","date_gmt":"2026-03-22T00:27:21","guid":{"rendered":"https:\/\/www.europesays.com\/pl\/318845\/"},"modified":"2026-03-22T00:27:21","modified_gmt":"2026-03-22T00:27:21","slug":"wiceminister-obawia-sie-polexitu-jestem-przerazony-slowami-przemyslawa-czarnka-onet","status":"publish","type":"post","link":"https:\/\/www.europesays.com\/pl\/318845\/","title":{"rendered":"Wiceminister obawia si\u0119 polexitu? &quot;Jestem przera\u017cony s\u0142owami Przemys\u0142awa Czarnka&quot; &#8211; Onet"},"content":{"rendered":"<ol>\n<li><a href=\"https:\/\/news.google.com\/rss\/articles\/CBMiugFBVV95cUxQYmJ0anhVOGpWc1NFUjJES0NmNVFzVkxRZlZTOUVPVmZiRlBTeGFkM2ltd0J2SHVnTkZnclpJZzh0R0JUaGNNWWhyY081dl9JNE9oNmxzdWpmeWpHRmN6WGE0bTVBMEVZdHFjTE5WbU9Bc3FuUktqeEpzeWZvdF9oRG05Y0NYTnY5Wlc2UnQ2SXY4T0FydFYyN19wN05PX2RDN1I3VVkxUjFTcW5pLTNVaTJwREpXUmdXN2c?oc=5\" target=\"_blank\" rel=\"nofollow noopener\">Wiceminister obawia si\u0119 polexitu? &#8222;Jestem przera\u017cony s\u0142owami Przemys\u0142awa Czarnka&#8221;<\/a>&nbsp;&nbsp;Onet<\/li>\n<li><a href=\"https:\/\/news.google.com\/rss\/articles\/CBMiswFBVV95cUxOODRlV3NONVN4RlBnZmFPNGZTbGgyeWRmdENQRkJZRF9QZW1vanhIQXVuVktoZC1tVEZ4UE1nVFp0NXB0ajhNNmdZZ1A4Q19nU3Rlc2pGZzJWR1dnUHc3NnJ6cGdRUnJMbjVZTE5iM3dKLTFXYnJadnFOWUd2cmFNMHJTSnVfZkVYYm5CeVc5MHZ5dUkyajctUko0bEF4QmlhYWJmSEhFWGNWbU1uMkZHRzVPRQ?oc=5\" target=\"_blank\" rel=\"nofollow noopener\">&#8222;To jest kluczowe&#8221;. Donald Tusk jasno, &#8222;wtedy Polska wyjdzie z UE&#8221;<\/a>&nbsp;&nbsp;Wydarzenia w INTERIA.PL<\/li>\n<li><a href=\"https:\/\/news.google.com\/rss\/articles\/CBMiwgFBVV95cUxOZDJqX25GWG1tVG56clJPbi14ZjZrdDdpWW1qNFQwQVU3VldvdG0xZ3Y2SDNsVDNGRVhWZE50ak5CNUlrWFdUVWJWNWdTNUN0dlpuNnRMWjlyQ0NPbDRtT2twMXdnZXpldEN2YUE5RFgwUG11c1J6cGd6Rm4wN0JoSmV2V25MdVI0ZVAzOXhYVF9oai1WYmNBdXlnNDdzZmVGOWZmb0l4VnEzbDdqd1I2Y2dLUG5UYjF5SnFIWjhBMEpZUQ?oc=5\" target=\"_blank\" rel=\"nofollow noopener\">Ustawa antypolexitowa wci\u0105\u017c tkwi w zamra\u017carce. Tusk: Nie chcia\u0142em prowokowa\u0107 diab\u0142a<\/a>&nbsp;&nbsp;Gazeta<\/li>\n<li><a href=\"https:\/\/news.google.com\/rss\/articles\/CBMiwgFBVV95cUxPcmlRYTVRX1VPR3VLa1pUMy0xR0VzMXNmZEw1NG5rM1kwa1FmZnhfa2N0RTdJckU0anVXTFl1MlRqdmFmUzRaQ1pNb2dERjhsdjFkQmh5NnZldnFfZ0dISUdSRFh3bWdMTzd1d2NxR2xFRUljYnF6Y2tzRFExUzJNWk4yWU5nd3pNeWwzZTRpLXg0aTBJNjQ5UHdPNUN6WmhidmlWUGY0Vk1XeEQwd3dZQkVWMXh2TTFOUHNrMWVHd3lFZw?oc=5\" target=\"_blank\" rel=\"nofollow noopener\">Tusk straszy, \u017ce Kaczy\u0144ski planuje polexit. Czarnek walczy z panelami. Giertych blokuje frankowicz\u00f3w<\/a>&nbsp;&nbsp;Wiadomo\u015bci Onet<\/li>\n<li><a href=\"https:\/\/news.google.com\/rss\/articles\/CBMioAFBVV95cUxOWFBLQzJwUXg3NThXekdNS0lYaF8wYU9oaW5zam9tWEsyZS1VaVM1LVlfRVhvRjlmMWF4dHBpUzZvcEJOQ284UGh0bFpkdloxaklob0F2eTF6MlZ5dko3YnBGVVl6Qjk0bS1ITUcwRm9ieXhNb1BDMzJEa2JnNUF3c2NBTVRPbmZManlLV25MeDhSNTkzQlJBSE9icFA0Y0U2?oc=5\" target=\"_blank\" rel=\"nofollow noopener\">Kto zyska na dyskusji o polexicie? &#8222;Na prawicy panuje totalny kociokwik&#8221;<\/a>&nbsp;&nbsp;Tokfm.pl<\/li>\n<\/ol>\n","protected":false},"excerpt":{"rendered":"Wiceminister obawia si\u0119 polexitu? &#8222;Jestem przera\u017cony s\u0142owami Przemys\u0142awa Czarnka&#8221;&nbsp;&nbsp;Onet &#8222;To jest kluczowe&#8221;. Donald Tusk jasno, &#8222;wtedy Polska wyjdzie&hellip;\n","protected":false},"author":2,"featured_media":318846,"comment_status":"","ping_status":"","sticky":false,"template":"","format":"standard","meta":{"footnotes":"","_share_on_mastodon":"0"},"categories":[12],"tags":[32,33,244,36,37,27,67,240,34,35,18183,28,31,53,25,3935,52,68,51,55,42,38,40,39,41,868,46281,37613,380,47,29,30,61,65,50,26],"class_list":["post-318845","post","type-post","status-publish","format-standard","has-post-thumbnail","category-polska","tag-breaking-news","tag-breakingnews","tag-ctr_tst","tag-featured-news","tag-featurednews","tag-headlines","tag-intextvideo_splayer","tag-karol_nawrocki_prezydent","tag-latest-news","tag-latestnews","tag-michal_gramatyka","tag-naglowki","tag-najwazniejsze-artykuly","tag-new_header","tag-news","tag-onet_rano_program_wideo","tag-onet3","tag-onet3d","tag-onet3d_2i","tag-phx","tag-pl","tag-poland","tag-polish","tag-polska","tag-polski","tag-prawo_i_sprawiedliwosc_pis","tag-program_safe_security_action_for_europe","tag-przemyslaw_czarnek_polityk","tag-rzad","tag-screening_general","tag-top-stories","tag-topstories","tag-ue_unia_europejska_komisja_rada_komisarze","tag-update_me","tag-v2021","tag-wiadomosci"],"share_on_mastodon":{"url":"","error":"Validation failed: Text character limit of 500 exceeded"},"_links":{"self":[{"href":"https:\/\/www.europesays.com\/pl\/wp-json\/wp\/v2\/posts\/318845","targetHints":{"allow":["GET"]}}],"collection":[{"href":"https:\/\/www.europesays.com\/pl\/wp-json\/wp\/v2\/posts"}],"about":[{"href":"https:\/\/www.europesays.com\/pl\/wp-json\/wp\/v2\/types\/post"}],"author":[{"embeddable":true,"href":"https:\/\/www.europesays.com\/pl\/wp-json\/wp\/v2\/users\/2"}],"replies":[{"embeddable":true,"href":"https:\/\/www.europesays.com\/pl\/wp-json\/wp\/v2\/comments?post=318845"}],"version-history":[{"count":0,"href":"https:\/\/www.europesays.com\/pl\/wp-json\/wp\/v2\/posts\/318845\/revisions"}],"wp:featuredmedia":[{"embeddable":true,"href":"https:\/\/www.europesays.com\/pl\/wp-json\/wp\/v2\/media\/318846"}],"wp:attachment":[{"href":"https:\/\/www.europesays.com\/pl\/wp-json\/wp\/v2\/media?parent=318845"}],"wp:term":[{"taxonomy":"category","embeddable":true,"href":"https:\/\/www.europesays.com\/pl\/wp-json\/wp\/v2\/categories?post=318845"},{"taxonomy":"post_tag","embeddable":true,"href":"https:\/\/www.europesays.com\/pl\/wp-json\/wp\/v2\/tags?post=318845"}],"curies":[{"name":"wp","href":"https:\/\/api.w.org\/{rel}","templated":true}]}}