{"id":318849,"date":"2026-03-22T00:30:11","date_gmt":"2026-03-22T00:30:11","guid":{"rendered":"https:\/\/www.europesays.com\/pl\/318849\/"},"modified":"2026-03-22T00:30:11","modified_gmt":"2026-03-22T00:30:11","slug":"mam-talent-agnieszka-chylinska-z-trudem-powstrzymywala-lzy-nagle-wcisnela-zloty-przycisk-plejada","status":"publish","type":"post","link":"https:\/\/www.europesays.com\/pl\/318849\/","title":{"rendered":"&quot;Mam talent!&quot;. Agnieszka Chyli\u0144ska z trudem powstrzymywa\u0142a \u0142zy. Nagle wcisn\u0119\u0142a z\u0142oty przycisk &#8211; Plejada"},"content":{"rendered":"<ol>\n<li><a href=\"https:\/\/news.google.com\/rss\/articles\/CBMisgFBVV95cUxOTEFjVTMzSFljZl9VSS1PcUYwaGNCOUR3R3NfQ0RsREJid1dqZjVKR1lXanRfVEtjN1hvYndVU2plb1o4NkJwMkhlRlpkMmNDaFZBWmR0SjVLZGo3TTg2ZllaR0JNNlVvY0V1YUlYenVTSGFsaFJYVlBxWGdnempkU0l3ZzVEOWdXLVVKZTZZX0xhR25WbU1NU3g5MXl4c3gxQ3RRRUtUQWIycFYzcmdpQXRn?oc=5\" target=\"_blank\" rel=\"nofollow noopener\">&#8222;Mam talent!&#8221;. Agnieszka Chyli\u0144ska z trudem powstrzymywa\u0142a \u0142zy. Nagle wcisn\u0119\u0142a z\u0142oty przycisk<\/a>&nbsp;&nbsp;Plejada<\/li>\n<li><a href=\"https:\/\/news.google.com\/rss\/articles\/CBMiggFBVV95cUxOdFpvQm1OZ243bEVmeFVaSXlWUFpwQUdJc3Italcwc182YUNPLUlndXRIbU4wTHRkd3E5bjZ3YmRJWThJY1R0R09UazBTbG1CMTZ1TUVhdDdlLUxPcW4zcDUyM054Y1hwRzM0LURqaU1yZnFnN0N0N0xfZzZYNFlwUlBR?oc=5\" target=\"_blank\" rel=\"nofollow noopener\">Mam Talent! 17, odcinek 5<\/a>&nbsp;&nbsp;TVN.pl<\/li>\n<li><a href=\"https:\/\/news.google.com\/rss\/articles\/CBMimAFBVV95cUxONXBFaXNSaFZjeDRjZ09DYlRkZWdBa2pVa1dfWkdZZ2tnOEk4X2tva3dxTmFxMU82VlVIdVI5YWhCYjBESWI0TThGcjdqTnN5VWVfTml3bVVNclU3LTFBU0VXMlBuVUF4Y1RRLUpyOGY2dUZPc196WVlPMHhhcUxSd01Ua0FqQTNpN0tXa0dSX3VSQjA4QzBlbQ?oc=5\" target=\"_blank\" rel=\"nofollow noopener\">&#8222;Mam talent&#8221;: z\u0142oty przycisk Agnieszki Chyli\u0144skiej<\/a>&nbsp;&nbsp;Party.pl<\/li>\n<li><a href=\"https:\/\/news.google.com\/rss\/articles\/CBMiekFVX3lxTE5rMHVwbGFlcnZiYmdZTl9hWDlteXVNdE9sSTBQdmJrcFVXSDlWRkc1S3NINGttd3dvaTB4MkxlSmIwbXRaYWw0UlZlSWRaN3lOWWtmdkxqMkw4czBlNy1tdlBSY2RVR3NWTEZ2bVJlZGhoSHdjRXVGZlZ3?oc=5\" target=\"_blank\" rel=\"nofollow noopener\">Energia z Legionowa podbija scen\u0119 \u201eMam Talent!\u201d \u2013 Ancymony zachwyci\u0142y juror\u00f3w<\/a>&nbsp;&nbsp;gazetapowiatowa.pl<\/li>\n<li><a href=\"https:\/\/news.google.com\/rss\/articles\/CBMieEFVX3lxTE1lbkpEcmFJUE1tSWkxbExMREpvdlBWYTB3VWkxdlFIZnp5bnFTV0R6RkZhRDYzNlc1SnFqUThEdUZibmJjeEdFTjRoUThDZUdBSC02cnlUS1p0YXdfTHNJZ0w4M2dJMzFxT19yVHpzTXNlbGJtd0JwNQ?oc=5\" target=\"_blank\" rel=\"nofollow noopener\">&#8222;Mam Talent! 17&#8221; &#8211; gotowi na pi\u0105ty odcinek?<\/a>&nbsp;&nbsp;Warner Bros. Discovery Poland<\/li>\n<\/ol>\n","protected":false},"excerpt":{"rendered":"&#8222;Mam talent!&#8221;. Agnieszka Chyli\u0144ska z trudem powstrzymywa\u0142a \u0142zy. Nagle wcisn\u0119\u0142a z\u0142oty przycisk&nbsp;&nbsp;Plejada Mam Talent! 17, odcinek 5&nbsp;&nbsp;TVN.pl &#8222;Mam&hellip;\n","protected":false},"author":2,"featured_media":318850,"comment_status":"","ping_status":"","sticky":false,"template":"","format":"standard","meta":{"footnotes":"","_share_on_mastodon":"0"},"categories":[22],"tags":[16832,13014,122,48,125,46,42,38,40,39,41,123,47],"class_list":["post-318849","post","type-post","status-publish","format-standard","has-post-thumbnail","category-rozrywka","tag-_mam_talent_","tag-agnieszka_chylinska","tag-entertainment","tag-nat_styl","tag-newsy","tag-omp","tag-pl","tag-poland","tag-polish","tag-polska","tag-polski","tag-rozrywka","tag-screening_general"],"share_on_mastodon":{"url":"https:\/\/pubeurope.com\/@pl\/116270007787098706","error":""},"_links":{"self":[{"href":"https:\/\/www.europesays.com\/pl\/wp-json\/wp\/v2\/posts\/318849","targetHints":{"allow":["GET"]}}],"collection":[{"href":"https:\/\/www.europesays.com\/pl\/wp-json\/wp\/v2\/posts"}],"about":[{"href":"https:\/\/www.europesays.com\/pl\/wp-json\/wp\/v2\/types\/post"}],"author":[{"embeddable":true,"href":"https:\/\/www.europesays.com\/pl\/wp-json\/wp\/v2\/users\/2"}],"replies":[{"embeddable":true,"href":"https:\/\/www.europesays.com\/pl\/wp-json\/wp\/v2\/comments?post=318849"}],"version-history":[{"count":0,"href":"https:\/\/www.europesays.com\/pl\/wp-json\/wp\/v2\/posts\/318849\/revisions"}],"wp:featuredmedia":[{"embeddable":true,"href":"https:\/\/www.europesays.com\/pl\/wp-json\/wp\/v2\/media\/318850"}],"wp:attachment":[{"href":"https:\/\/www.europesays.com\/pl\/wp-json\/wp\/v2\/media?parent=318849"}],"wp:term":[{"taxonomy":"category","embeddable":true,"href":"https:\/\/www.europesays.com\/pl\/wp-json\/wp\/v2\/categories?post=318849"},{"taxonomy":"post_tag","embeddable":true,"href":"https:\/\/www.europesays.com\/pl\/wp-json\/wp\/v2\/tags?post=318849"}],"curies":[{"name":"wp","href":"https:\/\/api.w.org\/{rel}","templated":true}]}}