{"id":318861,"date":"2026-03-22T00:42:08","date_gmt":"2026-03-22T00:42:08","guid":{"rendered":"https:\/\/www.europesays.com\/pl\/318861\/"},"modified":"2026-03-22T00:42:08","modified_gmt":"2026-03-22T00:42:08","slug":"pomogl-nam-w-kluczowym-momencie","status":"publish","type":"post","link":"https:\/\/www.europesays.com\/pl\/318861\/","title":{"rendered":"Pom\u00f3g\u0142 nam w kluczowym momencie"},"content":{"rendered":"<p>Cracovia ma\u00a0w\u00a0ko\u0144cu powody do\u00a0optymizmu. W\u00a0spotkaniu przed\u00a0w\u0142asn\u0105 publiczno\u015bci\u0105 z\u00a0GKS-em Katowice prze\u0142ama\u0142a pass\u0119 sze\u015bciu spotka\u0144 bez\u00a0zwyci\u0119stwa, a\u00a0do\u00a0gry po\u00a0ponad rocznej przerwie spowodowanej problemami zdrowotnymi wr\u00f3ci\u0142 Kamil Glik. Zadowolenia z\u00a0tego faktu nie\u00a0ukrywa\u0142 szkoleniowiec Pas\u00f3w.<\/p>\n<p>Luka Elsner na\u00a0pomeczowej konferencji prasowej przyzna\u0142, \u017ce\u00a0ciesz\u0105 go\u00a0trzy punkty, ale\u00a0nie\u00a0satysfakcjonuje go\u00a0spos\u00f3b, w\u00a0jaki jego podopieczni je\u00a0zdobyli. Przyzna\u0142, \u017ce\u00a0by\u0142o to\u00a0zwyczajnie brzydkie spotkanie i\u00a0jego zesp\u00f3\u0142 mia\u0142 przy tym troch\u0119 szcz\u0119\u015bcia.<\/p>\n<p>\u2013 Dla wszystkich w\u00a0klubie i\u00a0kibic\u00f3w jest to\u00a0radosny moment, ale\u00a0to\u00a0nie\u00a0by\u0142 dobry mecz w\u00a0wykonaniu Cracovii. By\u0142 po\u00a0prostu brzydki. W\u00a0kluczowych momentach w\u00a0obronie byli\u015bmy jednak lepsi ni\u017c w\u00a0ostatnich spotkaniach. Mieli\u015bmy du\u017co zablokowanych strza\u0142\u00f3w w\u00a0centralnym punkcie pola karnego. To\u00a0by\u0142o kluczowe, aby pom\u00f3c sobie w\u00a0tej\u00a0wygranej \u2013\u00a0stwierdzi\u0142 s\u0142owe\u0144ski szkoleniowiec, cytowany przez\u00a0portal GOL24.<\/p>\n<p class=\"text-h500 md:text-d_h500 text-neutral-content-strong\" style=\"text-align: center;\"><a href=\"https:\/\/weszlo.com\/cracovia-gks-1-0-przelamanie-pasow-po-fartownym-karnym-obie-ekipy-pograly-do-kotleta\/\" rel=\"nofollow noopener\" target=\"_blank\">Prze\u0142amanie Pas\u00f3w po\u00a0fartownym karnym. Obie ekipy pogra\u0142y do\u00a0kotleta<\/a><\/p>\n<p>I\u00a0doda\u0142: \u2013 W\u00a0jeden przypadkowej sytuacji szcz\u0119\u015bcie by\u0142o po\u00a0naszej stronie. Zdobyli\u015bmy bramk\u0119, utrzymali\u015bmy wynik. Taki jest futbol. Tydzie\u0144 temu Cracovia zap\u0142aci\u0142a cen\u0119, cho\u0107 obiektywnie by\u0142a dru\u017cyn\u0105 lepsz\u0105, teraz trener rywala mo\u017ce czu\u0107 rozczarowanie.<\/p>\n<p>Kamil Glik wr\u00f3ci\u0142 do\u00a0gry. Trener Cracovii nie\u00a0ukrywa rado\u015bci z\u00a0tego powodu<\/p>\n<p>Poza trzema punktami innym wa\u017cnym akcentem tego meczu dla Cracovii by\u0142 powr\u00f3t do\u00a0gry Kamila Glika. 103-krotny reprezentant Polski ostatni raz na\u00a0placu gry pojawi\u0142 si\u0119 dok\u0142adnie sz\u00f3stego pa\u017adziernika 2024 roku w\u00a0spotkaniu ze\u00a0\u015al\u0105skiem Wroc\u0142aw. P\u00f3\u017aniej do\u015bwiadczony stoper przez\u00a0wiele miesi\u0119cy zmaga\u0142 si\u0119 z\u00a0kontuzj\u0105. Do\u00a0kadry meczowej wr\u00f3ci\u0142 pod\u00a0koniec minionej rundy jesiennej, jednak dopiero teraz doczeka\u0142 si\u0119 szansy w\u00a0oficjalnym spotkaniu.<\/p>\n<p>\u2013 Jego powr\u00f3t wiele dla nas znaczy. Przyjemnie obserwowa\u0142o si\u0119 prac\u0119, jak\u0105 wykonywa\u0142 od\u00a0stycznia. Dawno nie\u00a0widzia\u0142em pi\u0142karza tak\u00a0zaanga\u017cowanego i\u00a0wa\u017cnego dla dru\u017cyny. Kamil dzi\u015b pom\u00f3g\u0142 nam w\u00a0kluczowym momencie. Jest \u015bwietnym przyk\u0142adem dla innych i\u00a0jego powr\u00f3t w\u00a0kontek\u015bcie tej\u00a0wygranej mo\u017ce da\u0107 nam jeszcze wi\u0119cej \u2013\u00a0przyzna\u0142 Luka Elsner.<\/p>\n<p>Dla Cracovii zwyci\u0119stwo z\u00a0rozp\u0119dzonym GKS-em Katowice by\u0142o dopiero drugim w\u00a0tym roku oraz\u00a0jednocze\u015bnie prze\u0142amaniem serii sze\u015bciu mecz\u00f3w bez\u00a0zwyci\u0119stwa. Dzi\u0119ki tej\u00a0wygranej Pasy awansowa\u0142y na\u00a0si\u00f3dm\u0105 lokat\u0119 w\u00a0tabeli, powi\u0119kszaj\u0105c swoj\u0105 przewag\u0119 nad\u00a0stref\u0105 spadkow\u0105 do\u00a0siedmiu punkt\u00f3w. Z\u00a0kolei do\u00a0lidera trac\u0105 zaledwie pi\u0119\u0107 oczek.<\/p>\n<p>CZYTAJ WI\u0118CEJ NA\u00a0WESZ\u0141O:<\/p>\n<p>Fot.\u00a0Newspix<\/p>\n","protected":false},"excerpt":{"rendered":"Cracovia ma\u00a0w\u00a0ko\u0144cu powody do\u00a0optymizmu. W\u00a0spotkaniu przed\u00a0w\u0142asn\u0105 publiczno\u015bci\u0105 z\u00a0GKS-em Katowice prze\u0142ama\u0142a pass\u0119 sze\u015bciu spotka\u0144 bez\u00a0zwyci\u0119stwa, a\u00a0do\u00a0gry po\u00a0ponad rocznej przerwie&hellip;\n","protected":false},"author":2,"featured_media":318862,"comment_status":"","ping_status":"","sticky":false,"template":"","format":"standard","meta":{"footnotes":"","_share_on_mastodon":"0"},"categories":[5],"tags":[32,33,2398,36,37,27,11176,34,35,2572,28,31,25,42,38,40,39,41,29,30,26],"class_list":["post-318861","post","type-post","status-publish","format-standard","has-post-thumbnail","category-naglowki","tag-breaking-news","tag-breakingnews","tag-cracovia","tag-featured-news","tag-featurednews","tag-headlines","tag-kamil-glik","tag-latest-news","tag-latestnews","tag-luka-elsner","tag-naglowki","tag-najwazniejsze-artykuly","tag-news","tag-pl","tag-poland","tag-polish","tag-polska","tag-polski","tag-top-stories","tag-topstories","tag-wiadomosci"],"share_on_mastodon":{"url":"https:\/\/pubeurope.com\/@pl\/116270054965315452","error":""},"_links":{"self":[{"href":"https:\/\/www.europesays.com\/pl\/wp-json\/wp\/v2\/posts\/318861","targetHints":{"allow":["GET"]}}],"collection":[{"href":"https:\/\/www.europesays.com\/pl\/wp-json\/wp\/v2\/posts"}],"about":[{"href":"https:\/\/www.europesays.com\/pl\/wp-json\/wp\/v2\/types\/post"}],"author":[{"embeddable":true,"href":"https:\/\/www.europesays.com\/pl\/wp-json\/wp\/v2\/users\/2"}],"replies":[{"embeddable":true,"href":"https:\/\/www.europesays.com\/pl\/wp-json\/wp\/v2\/comments?post=318861"}],"version-history":[{"count":0,"href":"https:\/\/www.europesays.com\/pl\/wp-json\/wp\/v2\/posts\/318861\/revisions"}],"wp:featuredmedia":[{"embeddable":true,"href":"https:\/\/www.europesays.com\/pl\/wp-json\/wp\/v2\/media\/318862"}],"wp:attachment":[{"href":"https:\/\/www.europesays.com\/pl\/wp-json\/wp\/v2\/media?parent=318861"}],"wp:term":[{"taxonomy":"category","embeddable":true,"href":"https:\/\/www.europesays.com\/pl\/wp-json\/wp\/v2\/categories?post=318861"},{"taxonomy":"post_tag","embeddable":true,"href":"https:\/\/www.europesays.com\/pl\/wp-json\/wp\/v2\/tags?post=318861"}],"curies":[{"name":"wp","href":"https:\/\/api.w.org\/{rel}","templated":true}]}}