{"id":318950,"date":"2026-03-22T02:55:08","date_gmt":"2026-03-22T02:55:08","guid":{"rendered":"https:\/\/www.europesays.com\/pl\/318950\/"},"modified":"2026-03-22T02:55:08","modified_gmt":"2026-03-22T02:55:08","slug":"nie-zyje-byly-szef-fbi-prezydent-donald-trump-nie-kryje-radosci","status":"publish","type":"post","link":"https:\/\/www.europesays.com\/pl\/318950\/","title":{"rendered":"Nie \u017cyje by\u0142y szef FBI. Prezydent Donald Trump nie kryje rado\u015bci"},"content":{"rendered":"\n<p>&#13;<br \/>\nRobert Mueller zmar\u0142 w\u00a0pi\u0105tek w\u00a0wieku 81 lat. &#8222;Przyczyna zgonu nie\u00a0jest na\u00a0razie znana, ale\u00a0jak twierdz\u0105 te\u00a0osoby, Mueller od\u00a0lat cierpia\u0142 na\u00a0chorob\u0119 Parkinsona&#8221; \u2013\u00a0poinformowa\u0142a stacja MS NOW, powo\u0142uj\u0105c si\u0119 na\u00a0dwa \u017ar\u00f3d\u0142a. &#13;\n<\/p>\n<p>&#13;<br \/>\nDo \u015bmierci by\u0142ego dyrektora FBI Donald Trump odni\u00f3s\u0142 si\u0119 w\u00a0serwisie Truth Social. &#8222;Robert Mueller w\u0142a\u015bnie zmar\u0142. Dobrze, ciesz\u0119 si\u0119, \u017ce\u00a0nie \u017cyje. Nie\u00a0mo\u017ce ju\u017c krzywdzi\u0107 niewinnych ludzi!&#8221; \u2013\u00a0przekaza\u0142 prezydent USA. Wpis Trumpa skomentowa\u0142 by\u0142y ambasador Polski w\u00a0Izraelu i\u00a0USA Marek Magierowski. &#8222;Brak mi s\u0142\u00f3w&#8221; \u2013\u00a0oceni\u0142, odnosz\u0105c si\u0119 do\u00a0stwierdzenia Trumpa. &#13;\n<\/p>\n<p>&#13;<br \/>\nW zupe\u0142nie innym tonie o\u00a0Muellerze wypowiedzia\u0142 si\u0119 Barack Obama. &#8222;Bob Mueller by\u0142 jednym z\u00a0najwybitniejszych dyrektor\u00f3w w\u00a0historii FBI, kt\u00f3ry zrewolucjonizowa\u0142 biuro po\u00a011 wrze\u015bnia i\u00a0uratowa\u0142 niezliczone ludzkie \u017cycia. Jednak to\u00a0jego nieust\u0119pliwe zaanga\u017cowanie w\u00a0przestrzeganie praworz\u0105dno\u015bci i\u00a0niezachwiana wiara w\u00a0nasze fundamentalne warto\u015bci, uczyni\u0142y go\u00a0jednym z\u00a0najbardziej szanowanych urz\u0119dnik\u00f3w pa\u0144stwowych naszych czas\u00f3w. Michelle i\u00a0ja sk\u0142adamy kondolencje rodzinie Boba i\u00a0wszystkim, kt\u00f3rzy go\u00a0znali i\u00a0podziwiali&#8221; \u2013\u00a0napisa\u0142 poprzednik Trumpa. &#13;\n<\/p>\n<p>Kim by\u0142 Robert Mueller? Trudne relacje z\u00a0Trumpem <\/p>\n<p>&#13;<br \/>\nMueller obj\u0105\u0142 stanowisko szefa Federalnego Biura \u015aledczego 4\u00a0wrze\u015bnia 2001\u00a0r. Piastowa\u0142 urz\u0105d przez 13 lat. Zosta\u0142 nominowany na\u00a0specjalnego prokuratora do\u00a0nadzorowania federalnego \u015bledztwa w\u00a0sprawie zarzut\u00f3w o\u00a0ingerencj\u0119 Rosji w\u00a0wybory prezydenckie w\u00a02016 roku. Zespo\u0142em kierowa\u0142 od\u00a02017\u00a0r. Ustalenia tzw. Komisji Mullera zawarte zosta\u0142y w\u00a0obszernym raporcie, jednak nie\u00a0rozstrzygni\u0119to jednoznacznie, czy\u00a0dosz\u0142o do\u00a0ingerencji z\u00a0Kremla. &#13;\n<\/p>\n<p>&#13;<br \/>\nKomisji Muellera nie\u00a0uda\u0142o si\u0119 potwierdzi\u0107 ingerencji w\u00a0systemy zliczania g\u0142os\u00f3w, jednak prawnicy ostatecznie tego nie\u00a0wykluczyli. Nie\u00a0zdecydowano si\u0119 jednak na\u00a0postawienie Donaldowi Trumpowi zarzut\u00f3w dotycz\u0105cych utrudniania pracy wymiaru sprawiedliwo\u015bci. &#13;\n<\/p>\n<p>&#13;<br \/>\nPrace Komisji Muellera urz\u0119duj\u0105cy prezydent USA nazwa\u0142 w\u00a02018\u00a0r. &#8222;najkosztowniejszym polowaniem na\u00a0czarownice na\u00a0\u015bwiecie&#8221;. Rok wcze\u015bniej Meller postawi\u0142 12 zarzut\u00f3w prania brudnych pieni\u0119dzy szefom kampanii Trumpa \u2013\u00a0Paulowi Manafortow i\u00a0Rickowi Gatesowi. &#13;\n<\/p>\n<p>&#13;<br \/>\nW sierpniu 2025\u00a0r. Komisja Nadzoru i\u00a0Reform Rz\u0105dowych Izby Reprezentant\u00f3w zapowiedzia\u0142a wezwanie Roberta Muellera do\u00a0z\u0142o\u017cenia zezna\u0144 w\u00a0sprawie nieprawid\u0142owo\u015bci, jakich rz\u0105d federalny m\u00f3g\u0142 si\u0119 dopu\u015bci\u0107 przy wyja\u015bnianiu tzw. afery Jeffreya Epsteina. Rodzina by\u0142ego szefa FBI poinformowa\u0142a w\u00f3wczas, \u017ce\u00a0stawiennictwo b\u0119dzie niemo\u017cliwe ze\u00a0wzgl\u0119du na\u00a0chorob\u0119 Parkinsona. &#13;\n<\/p>\n<p>&#13;<br \/>\nCzytaj te\u017c:<br \/><a href=\"https:\/\/dorzeczy.pl\/swiat\/863011\/cpac-w-budapeszcie-trump-o-orbanie-to-silny-lider-ma-moje-pelne-wsparcie.html\" rel=\"follow nofollow noopener\" data-schema=\"DORZECZY\" data-image=\"https:\/\/img.dorzeczy.pl\/_thumb\/02\/52\/4ded976a0e098abdd08228f8a0b7.jpeg\" target=\"_blank\">Trump o\u00a0Orbanie: To\u00a0silny lider. Ma\u00a0moje pe\u0142ne wsparcie<\/a>&#13;<\/p>\n","protected":false},"excerpt":{"rendered":"&#13; Robert Mueller zmar\u0142 w\u00a0pi\u0105tek w\u00a0wieku 81 lat. &#8222;Przyczyna zgonu nie\u00a0jest na\u00a0razie znana, ale\u00a0jak twierdz\u0105 te\u00a0osoby, Mueller od\u00a0lat&hellip;\n","protected":false},"author":2,"featured_media":318951,"comment_status":"","ping_status":"","sticky":false,"template":"","format":"standard","meta":{"footnotes":"","_share_on_mastodon":"0"},"categories":[5],"tags":[32,33,98,5406,36,37,27,34,35,51062,28,31,25,103,42,38,40,39,41,80,29,30,597,71,26],"class_list":["post-318950","post","type-post","status-publish","format-standard","has-post-thumbnail","category-naglowki","tag-breaking-news","tag-breakingnews","tag-dorzeczy","tag-fbi","tag-featured-news","tag-featurednews","tag-headlines","tag-latest-news","tag-latestnews","tag-mueller","tag-naglowki","tag-najwazniejsze-artykuly","tag-news","tag-obserwator-mediow","tag-pl","tag-poland","tag-polish","tag-polska","tag-polski","tag-swiat","tag-top-stories","tag-topstories","tag-trump","tag-usa","tag-wiadomosci"],"share_on_mastodon":{"url":"https:\/\/pubeurope.com\/@pl\/116270577894289380","error":""},"_links":{"self":[{"href":"https:\/\/www.europesays.com\/pl\/wp-json\/wp\/v2\/posts\/318950","targetHints":{"allow":["GET"]}}],"collection":[{"href":"https:\/\/www.europesays.com\/pl\/wp-json\/wp\/v2\/posts"}],"about":[{"href":"https:\/\/www.europesays.com\/pl\/wp-json\/wp\/v2\/types\/post"}],"author":[{"embeddable":true,"href":"https:\/\/www.europesays.com\/pl\/wp-json\/wp\/v2\/users\/2"}],"replies":[{"embeddable":true,"href":"https:\/\/www.europesays.com\/pl\/wp-json\/wp\/v2\/comments?post=318950"}],"version-history":[{"count":0,"href":"https:\/\/www.europesays.com\/pl\/wp-json\/wp\/v2\/posts\/318950\/revisions"}],"wp:featuredmedia":[{"embeddable":true,"href":"https:\/\/www.europesays.com\/pl\/wp-json\/wp\/v2\/media\/318951"}],"wp:attachment":[{"href":"https:\/\/www.europesays.com\/pl\/wp-json\/wp\/v2\/media?parent=318950"}],"wp:term":[{"taxonomy":"category","embeddable":true,"href":"https:\/\/www.europesays.com\/pl\/wp-json\/wp\/v2\/categories?post=318950"},{"taxonomy":"post_tag","embeddable":true,"href":"https:\/\/www.europesays.com\/pl\/wp-json\/wp\/v2\/tags?post=318950"}],"curies":[{"name":"wp","href":"https:\/\/api.w.org\/{rel}","templated":true}]}}