{"id":318996,"date":"2026-03-22T05:44:09","date_gmt":"2026-03-22T05:44:09","guid":{"rendered":"https:\/\/www.europesays.com\/pl\/318996\/"},"modified":"2026-03-22T05:44:09","modified_gmt":"2026-03-22T05:44:09","slug":"o-ktorej-godzinie-gra-lewy-gdzie-ogladac-mecz-fc-barcelona-rayo-vallecano","status":"publish","type":"post","link":"https:\/\/www.europesays.com\/pl\/318996\/","title":{"rendered":"O kt\u00f3rej godzinie gra Lewy? Gdzie ogl\u0105da\u0107 mecz FC Barcelona \u2014 Rayo Vallecano?"},"content":{"rendered":"<p>LaLiga: FC Barcelona \u2014 Rayo Vallecano dzisiaj na \u017cywo. Poprzednie mecze<\/p>\n<p>Barcelona zajmuje 1. miejsce w tabeli LaLigi z dorobkiem 70 punkt\u00f3w, a jej bilans ligowy to 23 zwyci\u0119stwa, jeden remis i cztery pora\u017cki; w ostatnich meczach zanotowa\u0142a remis oraz seri\u0119 zwyci\u0119stw. Rayo Vallecano plasuje si\u0119 na 13. pozycji w tabeli LaLigi z 32 punktami, a jego bilans ligowy to siedem wygranych, 11 remis\u00f3w i 10 pora\u017cek; w ostatnich meczach osi\u0105gn\u0119\u0142o zwyci\u0119stwo, trzy remisy oraz pora\u017ck\u0119.<\/p>\n<p> Dalszy ci\u0105g artyku\u0142u pod materia\u0142em wideo <\/p>\n<p>W ostatnich meczach ligowych FC Barcelona, prowadzona przez Hansa-Dietera Flicka, 7 marca w LaLiga wygra\u0142a na wyje\u017adzie z Athleticem Bilbao 1:0, a 15 marca pokona\u0142a u siebie Sevill\u0119 5:2.<\/p>\n<p>W ostatnich wyst\u0119pach ligowych Rayo Vallecano w La Lidze 4 marca wygra\u0142o u siebie z Realem Oviedo 3:0, 8 marca zremisowa\u0142o na wyje\u017adzie z Sevill\u0105 FC 1:1, a 16 marca podzieli\u0142o si\u0119 punktami w meczu domowym z Levante 1:1.<\/p>\n<p>     Gdzie ogl\u0105da\u0107 mecz FC Barcelona \u2014 Rayo Vallecano? O kt\u00f3rej godzinie dzi\u015b mecz? Transmisja online<\/p>\n<p>Mecz poka\u017ce Eleven Sports 1. Spotkanie rozpocznie si\u0119 w niedziel\u0119, 22 marca, o godz. 14.00. Dla kibic\u00f3w, kt\u00f3rzy wol\u0105 ogl\u0105da\u0107 online, transmisja b\u0119dzie dost\u0119pna na platformach streamingowych: Polsat Box Go i Canal+Online. Wynik na \u017cywo b\u0119dzie dost\u0119pny w serwisie Przegl\u0105d Sportowy Onet.<\/p>\n","protected":false},"excerpt":{"rendered":"LaLiga: FC Barcelona \u2014 Rayo Vallecano dzisiaj na \u017cywo. Poprzednie mecze Barcelona zajmuje 1. miejsce w tabeli LaLigi&hellip;\n","protected":false},"author":2,"featured_media":318997,"comment_status":"","ping_status":"","sticky":false,"template":"","format":"standard","meta":{"footnotes":"","_share_on_mastodon":"0"},"categories":[24],"tags":[303,2051,48,46,948,42,38,40,39,41,28927,20438,300,47,127,126,1789],"class_list":["post-318996","post","type-post","status-publish","format-standard","has-post-thumbnail","category-sport","tag-fc_barcelona","tag-laliga","tag-nat_styl","tag-omp","tag-pilka_nozna","tag-pl","tag-poland","tag-polish","tag-polska","tag-polski","tag-ps_omp_tst1","tag-rayo_vallecano","tag-robert_lewandowski","tag-screening_general","tag-sport","tag-sports","tag-wojciech_szczesny"],"share_on_mastodon":{"url":"https:\/\/pubeurope.com\/@pl\/116271242442397207","error":""},"_links":{"self":[{"href":"https:\/\/www.europesays.com\/pl\/wp-json\/wp\/v2\/posts\/318996","targetHints":{"allow":["GET"]}}],"collection":[{"href":"https:\/\/www.europesays.com\/pl\/wp-json\/wp\/v2\/posts"}],"about":[{"href":"https:\/\/www.europesays.com\/pl\/wp-json\/wp\/v2\/types\/post"}],"author":[{"embeddable":true,"href":"https:\/\/www.europesays.com\/pl\/wp-json\/wp\/v2\/users\/2"}],"replies":[{"embeddable":true,"href":"https:\/\/www.europesays.com\/pl\/wp-json\/wp\/v2\/comments?post=318996"}],"version-history":[{"count":0,"href":"https:\/\/www.europesays.com\/pl\/wp-json\/wp\/v2\/posts\/318996\/revisions"}],"wp:featuredmedia":[{"embeddable":true,"href":"https:\/\/www.europesays.com\/pl\/wp-json\/wp\/v2\/media\/318997"}],"wp:attachment":[{"href":"https:\/\/www.europesays.com\/pl\/wp-json\/wp\/v2\/media?parent=318996"}],"wp:term":[{"taxonomy":"category","embeddable":true,"href":"https:\/\/www.europesays.com\/pl\/wp-json\/wp\/v2\/categories?post=318996"},{"taxonomy":"post_tag","embeddable":true,"href":"https:\/\/www.europesays.com\/pl\/wp-json\/wp\/v2\/tags?post=318996"}],"curies":[{"name":"wp","href":"https:\/\/api.w.org\/{rel}","templated":true}]}}