{"id":319024,"date":"2026-03-22T06:13:09","date_gmt":"2026-03-22T06:13:09","guid":{"rendered":"https:\/\/www.europesays.com\/pl\/319024\/"},"modified":"2026-03-22T06:13:09","modified_gmt":"2026-03-22T06:13:09","slug":"pierwsze-malzenstwo-reese-witherspoon-ryan-phillippe-byl-w-jej-cieniu","status":"publish","type":"post","link":"https:\/\/www.europesays.com\/pl\/319024\/","title":{"rendered":"Pierwsze ma\u0142\u017ce\u0144stwo Reese Witherspoon. Ryan Phillippe by\u0142 w jej cieniu"},"content":{"rendered":"<p class=\"Paragraph_desktopParagraph__U31Gm\">Tymczasem kariera Ryana Phillippe&#8217;a stan\u0119\u0142a w miejscu. Aktor zosta\u0142 zaszufladkowany jako idol nastolatek i m\u00f3g\u0142 jedynie przygl\u0105da\u0107 si\u0119, jak rozwija si\u0119 jego \u017cona. Dziennikarzom nie umkn\u0119\u0142a jego k\u0105\u015bliwa uwaga, kt\u00f3r\u0105 skierowa\u0142 do Reese Witherspoon, gdy w 2002 r. razem wr\u0119czali statuetk\u0119 Oscara w kategorii &#8222;najlepsza charakteryzacja&#8221;. Powiedzia\u0142 jej, \u017ce powinna przeczyta\u0107 nazwisko zwyci\u0119zcy, dodaj\u0105c: &#8222;Zarabiasz wi\u0119cej ni\u017c ja, wi\u0119c \u015bmia\u0142o&#8221;.\n<\/p>\n<p>&#8222;By\u0142am tym zaskoczona, bo tej uwagi nie by\u0142o w scenariuszu&#8221; \u2014 przyzna\u0142a gwiazda w podca\u015bcie  &#8222;HFPA in Conversation&#8221;.\n<\/p>\n<p>W tym samym wywiadzie opowiada\u0142a o tym, jak kole\u017canki jej c\u00f3rki w szkole zawstydza\u0142y j\u0105, rozmawiaj\u0105c o sukcesach aktorki: &#8222;Powiedzia\u0142am jej, \u017ce \u017cadna kobieta nie powinna si\u0119 wstydzi\u0107, \u017ce zarabia pieni\u0105dze. Szczeg\u00f3lnie \u017ce na \u015bwiecie jest mn\u00f3stwo dziewczyn, kt\u00f3re nie maj\u0105 dost\u0119pu do takich mo\u017cliwo\u015bci i edukacji. Im wi\u0119cej kobiet dobrze zarabia, tym wi\u0119cej b\u0119d\u0105 mog\u0142y odda\u0107 spo\u0142ecze\u0144stwu&#8221;.<\/p>\n","protected":false},"excerpt":{"rendered":"Tymczasem kariera Ryana Phillippe&#8217;a stan\u0119\u0142a w miejscu. Aktor zosta\u0142 zaszufladkowany jako idol nastolatek i m\u00f3g\u0142 jedynie przygl\u0105da\u0107 si\u0119,&hellip;\n","protected":false},"author":2,"featured_media":319025,"comment_status":"","ping_status":"","sticky":false,"template":"","format":"standard","meta":{"footnotes":"","_share_on_mastodon":"0"},"categories":[22],"tags":[6836,470,122,2728,49569,67,53,52,68,51,55,42,38,40,39,41,33139,123,47,49895,196,50,3048],"class_list":["post-319024","post","type-post","status-publish","format-standard","has-post-thumbnail","category-rozrywka","tag-dawne_zwiazki_gwiazd","tag-educate_me","tag-entertainment","tag-evergreen","tag-hollywood_amerykanski_przemysl_filmowy","tag-intextvideo_splayer","tag-new_header","tag-onet3","tag-onet3d","tag-onet3d_2i","tag-phx","tag-pl","tag-poland","tag-polish","tag-polska","tag-polski","tag-reese_witherspoon_aktorka","tag-rozrywka","tag-screening_general","tag-sg_cleanup_sem_tst3","tag-styl_zycia","tag-v2021","tag-zagraniczne_gwiazdy"],"share_on_mastodon":{"url":"https:\/\/pubeurope.com\/@pl\/116271356524986427","error":""},"_links":{"self":[{"href":"https:\/\/www.europesays.com\/pl\/wp-json\/wp\/v2\/posts\/319024","targetHints":{"allow":["GET"]}}],"collection":[{"href":"https:\/\/www.europesays.com\/pl\/wp-json\/wp\/v2\/posts"}],"about":[{"href":"https:\/\/www.europesays.com\/pl\/wp-json\/wp\/v2\/types\/post"}],"author":[{"embeddable":true,"href":"https:\/\/www.europesays.com\/pl\/wp-json\/wp\/v2\/users\/2"}],"replies":[{"embeddable":true,"href":"https:\/\/www.europesays.com\/pl\/wp-json\/wp\/v2\/comments?post=319024"}],"version-history":[{"count":0,"href":"https:\/\/www.europesays.com\/pl\/wp-json\/wp\/v2\/posts\/319024\/revisions"}],"wp:featuredmedia":[{"embeddable":true,"href":"https:\/\/www.europesays.com\/pl\/wp-json\/wp\/v2\/media\/319025"}],"wp:attachment":[{"href":"https:\/\/www.europesays.com\/pl\/wp-json\/wp\/v2\/media?parent=319024"}],"wp:term":[{"taxonomy":"category","embeddable":true,"href":"https:\/\/www.europesays.com\/pl\/wp-json\/wp\/v2\/categories?post=319024"},{"taxonomy":"post_tag","embeddable":true,"href":"https:\/\/www.europesays.com\/pl\/wp-json\/wp\/v2\/tags?post=319024"}],"curies":[{"name":"wp","href":"https:\/\/api.w.org\/{rel}","templated":true}]}}