{"id":319246,"date":"2026-03-22T08:33:14","date_gmt":"2026-03-22T08:33:14","guid":{"rendered":"https:\/\/www.europesays.com\/pl\/319246\/"},"modified":"2026-03-22T08:33:14","modified_gmt":"2026-03-22T08:33:14","slug":"tak-maja-frykowska-poznala-swojego-bylego-partnera-prosilam-boga-2","status":"publish","type":"post","link":"https:\/\/www.europesays.com\/pl\/319246\/","title":{"rendered":"Tak Maja Frykowska pozna\u0142a swojego by\u0142ego partnera. &#8222;Prosi\u0142am Boga&#8221;"},"content":{"rendered":"<p class=\"Paragraph_desktopParagraph__U31Gm\"><a href=\"https:\/\/plejada.pl\/temat\/maja-frykowska-celebrytka-frytka\/bfc8p3t\" id=\"c3a36ccc-341a-4782-976e-668fff40c4f8\" rel=\"nofollow noopener\" target=\"_blank\">Maja Frykowska<\/a> zyska\u0142a popularno\u015b\u0107, wyst\u0119puj\u0105c w programie &#8222;Big Brother&#8221;. Prywatnie by\u0142a zwi\u0105zana z Micha\u0142em Brzezi\u0144skim. Para wzi\u0119\u0142a \u015blub 12 kwietnia 2014 r. i doczeka\u0142a si\u0119 c\u00f3rki. W ostatnim wywiadzie dla &#8222;Dzie\u0144 dobry TVN&#8221; <a href=\"https:\/\/plejada.pl\/newsy\/maja-frykowska-rozwodzi-sie-bardzo-traumatyczne-przezycie\/92gz0xp\" id=\"1587664a-26ee-443d-85e5-32ac98766b8c\" rel=\"nofollow noopener\" target=\"_blank\">celebrytka poinformowa\u0142a, \u017ce rozwodzi si\u0119 z m\u0119\u017cem.<\/a><\/p>\n<p class=\"Paragraph_desktopParagraph__U31Gm\">&#8222;Jestem bardzo dumna z tego, poniewa\u017c wracam do nazwiska Frykowska i to mi przypomina, jak\u0105 mam si\u0142\u0119 i kim jestem. (&#8230;) Jestem w trakcie rozwodu, jest to oczywi\u015bcie bardzo traumatyczne prze\u017cycie dla mnie, z kt\u00f3rego wychodz\u0119, ale nie zamierzam si\u0119 podda\u0107, przekuwam to na si\u0142\u0119 i r\u00f3\u017cne dzia\u0142ania&#8221; \u2014 powiedzia\u0142a.<\/p>\n<p>Maja Frykowska &#8222;odda\u0142a \u017cycie Chrystusowi&#8221;. O by\u0142ego partnera poprosi\u0142a Boga <\/p>\n<p class=\"Paragraph_desktopParagraph__U31Gm\">Uczestniczka reality show w ci\u0105gu ostatnich 15 lat otwarcie m\u00f3wi\u0142a o swojej wierze. W 2011 r. przyj\u0119\u0142a chrzest, a tak\u017ce wst\u0105pi\u0142a do Chrze\u015bcija\u0144skiego Ko\u015bcio\u0142a Reformacyjnego. &#8222;Wyzna\u0142am w my\u015blach moje grzechy i odda\u0142am swoje \u017cycie Chrystusowi&#8221; \u2014 m\u00f3wi\u0142a w rozmowie z deon.pl. To w\u0142a\u015bnie w tym wywiadzie wyjawi\u0142a, jak pozna\u0142a by\u0142ego partnera.<\/p>\n<p class=\"Paragraph_desktopParagraph__U31Gm\">&#8222;Na Facebooku. Prosi\u0142am Boga, \u017ceby postawi\u0142 na mojej drodze nawr\u00f3conego cz\u0142owieka. Dwie godziny p\u00f3\u017aniej dosta\u0142am zaproszenie od m\u0119\u017cczyzny, na kt\u00f3rego profilu zobaczy\u0142am, \u017ce jest chrze\u015bcijaninem. Zadzwoni\u0142am do mojego ojca duchowego i powiedzia\u0142am mu, \u017ce pozna\u0142am nawr\u00f3conego faceta&#8221; \u2014 m\u00f3wi\u0142a, po czym kontynuowa\u0142a:<\/p>\n<blockquote>\n<p class=\"Paragraph_desktopParagraph__U31Gm\">Odpar\u0142, \u017ce nic nie musz\u0119 m\u00f3wi\u0107. &#8222;B\u00f3g kaza\u0142 mi modli\u0107 si\u0119 za ciebie. I modli\u0142em si\u0119 ca\u0142\u0105 noc. To b\u0119dzie tw\u00f3j m\u0105\u017c&#8221; \u2014 powiedzia\u0142. &#8222;Jak mo\u017cesz tak m\u00f3wi\u0107, skoro nawet go nie znasz?&#8221; \u2014 pyta\u0142am zdenerwowana, a on w k\u00f3\u0142ko powtarza\u0142: &#8222;To b\u0119dzie tw\u00f3j m\u0105\u017c&#8221;. I sta\u0142o si\u0119!<\/p>\n<\/blockquote>\n<p class=\"Paragraph_desktopParagraph__U31Gm\">&#8222;B\u00f3g mi pob\u0142ogos\u0142awi\u0142. Da\u0142 kochaj\u0105cego m\u0119\u017ca, rodzin\u0119, kt\u00f3rej tak bardzo pragn\u0119\u0142am. Lekarze m\u00f3wili mi wcze\u015bniej, \u017ce nie b\u0119d\u0119 mog\u0142a mie\u0107 dzieci, a mam wspania\u0142\u0105 c\u00f3reczk\u0119!&#8221; \u2014 doda\u0142a.<\/p>\n<p><img decoding=\"async\" class=\"Image_image__0tuHp Image_autoHeight__f2n87 \" height=\"587\" width=\"880\" src=\"https:\/\/www.europesays.com\/pl\/wp-content\/uploads\/2026\/03\/sn-k9kpTURBXy81MDI5NzA0OWE5N2Q4MDYzMTk4NTNkMDdmZmZhNTUzNC5qcGeSlQLNA6wAwsOVAgDNAkvCw94AA6EwAaExAaEzw.jpeg\" alt=\"Maja Frykowska w 2024 r.\" loading=\"lazy\" \/>Andras Szilagyi \/ MW Media<\/p>\n<p>Maja Frykowska w 2024 r.<\/p>\n<p class=\"Paragraph_desktopParagraph__U31Gm\">Natomiast w wywiadzie dla cozatydzien.tvn.pl opowiedzia\u0142a tak\u017ce o swojej duchowej przemianie<\/p>\n<blockquote>\n<p class=\"Paragraph_desktopParagraph__U31Gm\">Moment, kiedy podj\u0119\u0142am wyb\u00f3r, aby zacz\u0105\u0107 \u017cy\u0107 inaczej, to by\u0142a decyzja przybli\u017cenia si\u0119 do Boga. To by\u0142a bardzo dobra decyzja. Nasze do\u015bwiadczenia kszta\u0142tuj\u0105 nasz charakter, to kim jeste\u015bmy i kim chcemy si\u0119 sta\u0107<\/p>\n<\/blockquote>\n<p class=\"Paragraph_desktopParagraph__U31Gm\">&#8222;Gdyby nie moje do\u015bwiadczenia i \u017cyciowe wyzwania, nie by\u0142oby mnie w tym miejscu, w kt\u00f3rym jestem obecnie. Teraz mam zupe\u0142nie inn\u0105 wiedz\u0119 na sw\u00f3j temat ni\u017c 20 lat temu. Jestem kobiet\u0105 \u015bwiadom\u0105 swoich cel\u00f3w i decyzji. Wszystko ma swoje miejsce i czas. Dzisiaj to jest ten czas i to miejsce, w kt\u00f3rym mam by\u0107&#8221; \u2014 m\u00f3wi\u0142a.<\/p>\n<p><img decoding=\"async\" class=\"Image_image__0tuHp Image_autoHeight__f2n87 \" height=\"587\" width=\"391\" src=\"https:\/\/www.europesays.com\/pl\/wp-content\/uploads\/2026\/03\/N98k9kpTURBXy85MWNlM2VhMzZlNDMzMjRiY2YwNDdiNTE5YjI3NjNhMS5qcGeSlQLNA6wAwsOVAgDNAkvCw94AA6EwAaExAaEzw.jpeg\" alt=\"Maja Frykowska\" loading=\"lazy\" \/>Andras Szilagyi \/ MW Media<\/p>\n<p>Maja Frykowska<\/p>\n<p class=\"Paragraph_desktopParagraph__U31Gm\">Dzi\u0119kujemy, \u017ce przeczyta\u0142a\u015b\/e\u015b nasz artyku\u0142 do ko\u0144ca. W serwisie Plejada.pl ka\u017cdego dnia piszemy o najwa\u017cniejszych wydarzeniach show-biznesowych. B\u0105d\u017a na bie\u017c\u0105co!<a rel=\"nofollow noopener\" href=\"https:\/\/profile.google.com\/cp\/Cg0vZy8xMWJ6X19wdHBx\" id=\"51a06402-3d85-4cda-90ee-5281b2282af8\" target=\"_blank\"> Obserwuj<\/a> Plejad\u0119 w Google. Odwied\u017a nas tak\u017ce na<a rel=\"nofollow noopener\" href=\"https:\/\/www.facebook.com\/plejadapl\" id=\"83f487f9-445c-4337-9e40-874e688b1e04\" target=\"_blank\"> Facebooku<\/a>,<a rel=\"nofollow noopener\" href=\"https:\/\/www.instagram.com\/plejadapl\/\" id=\"77607d89-e1a7-4504-a1f4-17320e34d57a\" target=\"_blank\"> Instagramie<\/a>,<a rel=\"nofollow noopener\" href=\"https:\/\/www.youtube.com\/c\/plejada\" id=\"a1411e85-0c1c-46bd-accf-4555a93797b3\" target=\"_blank\"> YouTubie<\/a> oraz<a rel=\"nofollow noopener\" href=\"https:\/\/www.tiktok.com\/@plejada_pl\" id=\"df257b9f-6d80-4fed-8f78-87ed769ac11e\" target=\"_blank\"> TikToku<\/a>.<\/p>\n<p class=\"Paragraph_desktopParagraph__U31Gm\">Chcesz podzieli\u0107 si\u0119 ciekawym newsem lub zaproponowa\u0107 temat? Skontaktuj si\u0119 z nami, pisz\u0105c maila na adres: <a href=\"https:\/\/www.onet.pl\/styl-zycia\/plejada\/tak-maja-frykowska-poznala-swojego-bylego-partnera-prosilam-boga\/mailto:plejada@redakcjaonet.pl\" id=\"90070d94-8a48-4400-9e25-9083a61f81b8\" rel=\"nofollow noopener\" target=\"_blank\">plejada@redakcjaonet.pl<\/a>.<\/p>\n<p><script async src=\"\/\/www.instagram.com\/embed.js\"><\/script><script async src=\"\/\/www.tiktok.com\/embed.js\"><\/script><\/p>\n","protected":false},"excerpt":{"rendered":"Maja Frykowska zyska\u0142a popularno\u015b\u0107, wyst\u0119puj\u0105c w programie &#8222;Big Brother&#8221;. Prywatnie by\u0142a zwi\u0105zana z Micha\u0142em Brzezi\u0144skim. Para wzi\u0119\u0142a \u015blub&hellip;\n","protected":false},"author":2,"featured_media":319247,"comment_status":"","ping_status":"","sticky":false,"template":"","format":"standard","meta":{"footnotes":"","_share_on_mastodon":"0"},"categories":[22],"tags":[470,122,67,50983,53,52,68,51,55,42,38,40,39,41,1270,123,47,49941,49942,196,65,50,2579],"class_list":["post-319246","post","type-post","status-publish","format-standard","has-post-thumbnail","category-rozrywka","tag-educate_me","tag-entertainment","tag-intextvideo_splayer","tag-maja_frykowska_celebrytka_frytka","tag-new_header","tag-onet3","tag-onet3d","tag-onet3d_2i","tag-phx","tag-pl","tag-poland","tag-polish","tag-polska","tag-polski","tag-religia_wiara","tag-rozrywka","tag-screening_general","tag-sg_cleanup_sem_tst0","tag-sg_cleanup_sem_tst4","tag-styl_zycia","tag-update_me","tag-v2021","tag-zwiazki"],"share_on_mastodon":{"url":"https:\/\/pubeurope.com\/@pl\/116271907023673754","error":""},"_links":{"self":[{"href":"https:\/\/www.europesays.com\/pl\/wp-json\/wp\/v2\/posts\/319246","targetHints":{"allow":["GET"]}}],"collection":[{"href":"https:\/\/www.europesays.com\/pl\/wp-json\/wp\/v2\/posts"}],"about":[{"href":"https:\/\/www.europesays.com\/pl\/wp-json\/wp\/v2\/types\/post"}],"author":[{"embeddable":true,"href":"https:\/\/www.europesays.com\/pl\/wp-json\/wp\/v2\/users\/2"}],"replies":[{"embeddable":true,"href":"https:\/\/www.europesays.com\/pl\/wp-json\/wp\/v2\/comments?post=319246"}],"version-history":[{"count":0,"href":"https:\/\/www.europesays.com\/pl\/wp-json\/wp\/v2\/posts\/319246\/revisions"}],"wp:featuredmedia":[{"embeddable":true,"href":"https:\/\/www.europesays.com\/pl\/wp-json\/wp\/v2\/media\/319247"}],"wp:attachment":[{"href":"https:\/\/www.europesays.com\/pl\/wp-json\/wp\/v2\/media?parent=319246"}],"wp:term":[{"taxonomy":"category","embeddable":true,"href":"https:\/\/www.europesays.com\/pl\/wp-json\/wp\/v2\/categories?post=319246"},{"taxonomy":"post_tag","embeddable":true,"href":"https:\/\/www.europesays.com\/pl\/wp-json\/wp\/v2\/tags?post=319246"}],"curies":[{"name":"wp","href":"https:\/\/api.w.org\/{rel}","templated":true}]}}