{"id":319309,"date":"2026-03-22T09:09:08","date_gmt":"2026-03-22T09:09:08","guid":{"rendered":"https:\/\/www.europesays.com\/pl\/319309\/"},"modified":"2026-03-22T09:09:08","modified_gmt":"2026-03-22T09:09:08","slug":"nowy-duzy-gracz-na-rynku-smartfonow-chca-wrocic","status":"publish","type":"post","link":"https:\/\/www.europesays.com\/pl\/319309\/","title":{"rendered":"&#8222;Nowy&#8221; du\u017cy gracz na rynku smartfon\u00f3w. Chc\u0105 wr\u00f3ci\u0107"},"content":{"rendered":"<p>Amazon ju\u017c raz pr\u00f3bowa\u0142 swoich si\u0142 na rynku smartfon\u00f3w. Fire Phone, bo tak si\u0119 nazywa\u0142, okaza\u0142 si\u0119 kompletn\u0105 pora\u017ck\u0105. Jest to jedna z najwi\u0119kszych finansowych wpadek Jeffa Bezosa i sp\u00f3\u0142ki. Jednak firma nie zamierza si\u0119 poddawa\u0107. Nieoficjalnie m\u00f3wi si\u0119, \u017ce Amazon chce spr\u00f3bowa\u0107 ponownie.<\/p>\n<p>    Dalsza cz\u0119\u015b\u0107 tekstu pod wideo<\/p>\n<p>\n                                Amazon chce podbi\u0107 rynek smartfon\u00f3w\n            <\/p>\n<p>Amazon ma aktualnie rozwija\u0107 projekt o nazwie Transformer. Pod t\u0105 nazw\u0105 ma si\u0119 kry\u0107 nowy smartfon, kt\u00f3ry by\u0142by g\u0142\u0119boko zintegrowany z Alex\u0105 oraz us\u0142ugami firmy.\u00a0<\/p>\n<p>        <img loading=\"lazy\" decoding=\"async\" src=\"https:\/\/www.europesays.com\/pl\/wp-content\/uploads\/2026\/03\/1774095848_39_B32963402.414688363;dc_trk_aid=607216972;dc_trk_cid=228291445;ord=[timestamp];dc_lat=;dc_rdid=;tag_f.gif\" attributionsrc=\"\" border=\"0\" height=\"1\" width=\"1\" alt=\"Advertisement\"\/><\/p>\n<p>Z nieoficjalnych informacji wynika, \u017ce urz\u0105dzenie ma mocno stawia\u0107 na sztuczn\u0105 inteligencj\u0119. Wiele zada\u0144 ma by\u0107 realizowanych przez asystenta AI, z mniejszym uzale\u017cnieniem od klasycznego sklepu z aplikacjami i r\u0119cznymi instalowaniem program\u00f3w. Telefon ma te\u017c na co dzie\u0144 \u0142\u0105czy\u0107 u\u017cytkownik\u00f3w z us\u0142ugami Amazona, czyli zakupami, Prime Video, prime Music czy te\u017c zamawianiem jedzenia.<\/p>\n<p>Co wa\u017cne, projekt jest na razie we wczesnej fazie. Nieznana jest cena, data wprowadzenia na rynek, czy te\u017c specyfikacja. Tak naprawd\u0119 urz\u0105dzenie mo\u017ce w ka\u017cdej chwili trafi\u0107 do kosza, je\u015bli przedstawiciele Amazona uznaj\u0105, \u017ce pomys\u0142 nie ma szansy na sukces.<\/p>\n<p>Jednak tym razem Amazon nie chce konkurowa\u0107 z Apple czy Samsungiem. Firma chce postawi\u0107 na w\u0142asny, zamkni\u0119ty ekosystem, kt\u00f3ry b\u0119dzie mobiln\u0105 bram\u0105 do jego us\u0142ug. Jeff Bezos od zawsze marzy\u0142 o asystencie g\u0142osowym na wz\u00f3r komputer\u00f3w ze Star Treka i to urz\u0105dzenie ma by\u0107 realizacj\u0105 tej wizji.<\/p>\n","protected":false},"excerpt":{"rendered":"Amazon ju\u017c raz pr\u00f3bowa\u0142 swoich si\u0142 na rynku smartfon\u00f3w. Fire Phone, bo tak si\u0119 nazywa\u0142, okaza\u0142 si\u0119 kompletn\u0105&hellip;\n","protected":false},"author":2,"featured_media":319310,"comment_status":"","ping_status":"","sticky":false,"template":"","format":"standard","meta":{"footnotes":"","_share_on_mastodon":"0"},"categories":[20],"tags":[493,51099,120,118,119,42,38,40,39,41,116,114,115,629,121,117],"class_list":["post-319309","post","type-post","status-publish","format-standard","has-post-thumbnail","category-nauka-i-technika","tag-amazon","tag-amazon-fire-phone","tag-nauka","tag-nauka-i-technika","tag-naukatechnika","tag-pl","tag-poland","tag-polish","tag-polska","tag-polski","tag-science","tag-science-and-technology","tag-sciencetechnology","tag-sprzet","tag-technika","tag-technology"],"share_on_mastodon":{"url":"https:\/\/pubeurope.com\/@pl\/116272048717980410","error":""},"_links":{"self":[{"href":"https:\/\/www.europesays.com\/pl\/wp-json\/wp\/v2\/posts\/319309","targetHints":{"allow":["GET"]}}],"collection":[{"href":"https:\/\/www.europesays.com\/pl\/wp-json\/wp\/v2\/posts"}],"about":[{"href":"https:\/\/www.europesays.com\/pl\/wp-json\/wp\/v2\/types\/post"}],"author":[{"embeddable":true,"href":"https:\/\/www.europesays.com\/pl\/wp-json\/wp\/v2\/users\/2"}],"replies":[{"embeddable":true,"href":"https:\/\/www.europesays.com\/pl\/wp-json\/wp\/v2\/comments?post=319309"}],"version-history":[{"count":0,"href":"https:\/\/www.europesays.com\/pl\/wp-json\/wp\/v2\/posts\/319309\/revisions"}],"wp:featuredmedia":[{"embeddable":true,"href":"https:\/\/www.europesays.com\/pl\/wp-json\/wp\/v2\/media\/319310"}],"wp:attachment":[{"href":"https:\/\/www.europesays.com\/pl\/wp-json\/wp\/v2\/media?parent=319309"}],"wp:term":[{"taxonomy":"category","embeddable":true,"href":"https:\/\/www.europesays.com\/pl\/wp-json\/wp\/v2\/categories?post=319309"},{"taxonomy":"post_tag","embeddable":true,"href":"https:\/\/www.europesays.com\/pl\/wp-json\/wp\/v2\/tags?post=319309"}],"curies":[{"name":"wp","href":"https:\/\/api.w.org\/{rel}","templated":true}]}}