{"id":319434,"date":"2026-03-22T10:35:10","date_gmt":"2026-03-22T10:35:10","guid":{"rendered":"https:\/\/www.europesays.com\/pl\/319434\/"},"modified":"2026-03-22T10:35:10","modified_gmt":"2026-03-22T10:35:10","slug":"zmiana-ukladu-sil-na-zapleczu-donalda-trumpa","status":"publish","type":"post","link":"https:\/\/www.europesays.com\/pl\/319434\/","title":{"rendered":"Zmiana uk\u0142adu si\u0142 na zapleczu Donalda Trumpa"},"content":{"rendered":"\n<p>&#13;<br \/>\nOkazuje si\u0119 bowiem, \u017ce\u00a0prezydent USA, kt\u00f3ry wcze\u015bniej cieszy\u0142 si\u0119 poparciem r\u00f3\u017cnych grup religijnych \u2013\u00a0wygra\u0142 dzi\u0119ki szerokiemu sojuszowi, obejmuj\u0105cemu ortodoksyjnych \u017byd\u00f3w, chrze\u015bcija\u0144skich syjonist\u00f3w, po\u00a0prostu protestant\u00f3w nie\u00a0syjonist\u00f3w oraz\u00a0og\u00f3\u0142 katolik\u00f3w, tak\u017ce tych tradycjonalistycznych \u2013\u00a0teraz postawi\u0142 w\u0142a\u015bciwie tylko na\u00a0dwie. Chodzi o\u00a0\u017cydowskich i\u00a0chrze\u015bcija\u0144skich syjonist\u00f3w. Reszta wcze\u015bniejszych zwolennik\u00f3w Donalda Trumpa traci stanowiska. Kryterium jest tylko jedno: czy\u00a0dana osoba opowiada si\u0119, czy\u00a0nie, za\u00a0skrajnie proizraelsk\u0105 polityk\u0105 Waszyngtonu. Kto ma\u00a0w\u0105tpliwo\u015bci, ten zostaje uznany za\u00a0antysemit\u0119 i\u00a0musi szuka\u0107 sobie innego miejsca. &#13;\n<\/p>\n<p>&#13;<br \/>\nTaki los spotka\u0142 cho\u0107by Carrie Preajean Boller, do\u00a0niedawna zagorza\u0142\u0105 zwolenniczk\u0119 Donalda Trumpa, kt\u00f3r\u0105 ten powo\u0142a\u0142 w\u00a0kwietniu 2025 roku do\u00a012-osbowej Komisji ds. Wolno\u015bci Religijnej. By\u0142a Miss Kalifornii, kt\u00f3ra sama o\u00a0sobie m\u00f3wi, \u017ce\u00a0jest po\u00a0prostu mam\u0105 z\u00a0Kalifornii, przez lata twardy i\u00a0stanowczy obro\u0144ca praw katolik\u00f3w zosta\u0142a usuni\u0119ta z\u00a0Komisji w\u00a0chwili, gdy podczas jednego z\u00a0przes\u0142ucha\u0144 podwa\u017cy\u0142a zakaz krytyki syjonizmu. &#13;<\/p>\n","protected":false},"excerpt":{"rendered":"&#13; Okazuje si\u0119 bowiem, \u017ce\u00a0prezydent USA, kt\u00f3ry wcze\u015bniej cieszy\u0142 si\u0119 poparciem r\u00f3\u017cnych grup religijnych \u2013\u00a0wygra\u0142 dzi\u0119ki szerokiemu sojuszowi,&hellip;\n","protected":false},"author":2,"featured_media":319435,"comment_status":"","ping_status":"","sticky":false,"template":"","format":"standard","meta":{"footnotes":"","_share_on_mastodon":"0"},"categories":[14],"tags":[14567,32,33,98,27,34,35,28,31,25,102,6626,40,41,80,29,30,597,2846,26,82,83,84],"class_list":["post-319434","post","type-post","status-publish","format-standard","has-post-thumbnail","category-swiat","tag-bialy-dom","tag-breaking-news","tag-breakingnews","tag-dorzeczy","tag-headlines","tag-latest-news","tag-latestnews","tag-naglowki","tag-najwazniejsze-artykuly","tag-news","tag-opinie","tag-pawel-lisicki","tag-polish","tag-polski","tag-swiat","tag-top-stories","tag-topstories","tag-trump","tag-tylko-na-dorzeczy-pl","tag-wiadomosci","tag-world","tag-world-news","tag-worldnews"],"share_on_mastodon":{"url":"https:\/\/pubeurope.com\/@pl\/116272386821608237","error":""},"_links":{"self":[{"href":"https:\/\/www.europesays.com\/pl\/wp-json\/wp\/v2\/posts\/319434","targetHints":{"allow":["GET"]}}],"collection":[{"href":"https:\/\/www.europesays.com\/pl\/wp-json\/wp\/v2\/posts"}],"about":[{"href":"https:\/\/www.europesays.com\/pl\/wp-json\/wp\/v2\/types\/post"}],"author":[{"embeddable":true,"href":"https:\/\/www.europesays.com\/pl\/wp-json\/wp\/v2\/users\/2"}],"replies":[{"embeddable":true,"href":"https:\/\/www.europesays.com\/pl\/wp-json\/wp\/v2\/comments?post=319434"}],"version-history":[{"count":0,"href":"https:\/\/www.europesays.com\/pl\/wp-json\/wp\/v2\/posts\/319434\/revisions"}],"wp:featuredmedia":[{"embeddable":true,"href":"https:\/\/www.europesays.com\/pl\/wp-json\/wp\/v2\/media\/319435"}],"wp:attachment":[{"href":"https:\/\/www.europesays.com\/pl\/wp-json\/wp\/v2\/media?parent=319434"}],"wp:term":[{"taxonomy":"category","embeddable":true,"href":"https:\/\/www.europesays.com\/pl\/wp-json\/wp\/v2\/categories?post=319434"},{"taxonomy":"post_tag","embeddable":true,"href":"https:\/\/www.europesays.com\/pl\/wp-json\/wp\/v2\/tags?post=319434"}],"curies":[{"name":"wp","href":"https:\/\/api.w.org\/{rel}","templated":true}]}}