{"id":319486,"date":"2026-03-22T11:07:22","date_gmt":"2026-03-22T11:07:22","guid":{"rendered":"https:\/\/www.europesays.com\/pl\/319486\/"},"modified":"2026-03-22T11:07:22","modified_gmt":"2026-03-22T11:07:22","slug":"nie-zyje-gwiazda-buffy-postrach-wampirow-aktor-mial-54-lata-onet","status":"publish","type":"post","link":"https:\/\/www.europesays.com\/pl\/319486\/","title":{"rendered":"Nie \u017cyje gwiazda &quot;Buffy: Postrach wampir\u00f3w&quot;. Aktor mia\u0142 54 lata &#8211; Onet"},"content":{"rendered":"<ol>\n<li><a href=\"https:\/\/news.google.com\/rss\/articles\/CBMitwFBVV95cUxPVkNQTTBHU05TVHlna3hrT1ZxMktmUldqZHBPemlFdldNRmkydmhFS3p4ZTVNSTRRc1c1Y0QyZkpfcHlzUWhORVlJWkkxc09pUlNhMW5hZXE2WWhldFhTTXlIbXV5ZkVQaTFZeGo1dnJ6WkpaMGVfeWJHeGczZWNldnVaa29VWFg1QnIzOW12bzlBLUh5NFpRU04yQ1NTbjUwYXhIUjFhbEluMmlpbmc1T2s2SnZxYWM?oc=5\" target=\"_blank\" rel=\"nofollow noopener\">Nie \u017cyje gwiazda &#8222;Buffy: Postrach wampir\u00f3w&#8221;. Aktor mia\u0142 54 lata<\/a>&nbsp;&nbsp;Onet<\/li>\n<li><a href=\"https:\/\/news.google.com\/rss\/articles\/CBMitAFBVV95cUxNWklwaEtGZ0k0ZnMwRGFnREd3cHJNZnFMcldwWll3aHprRFBvd3FlWjM0VDR2QzU1UGs0bHY5THR5dUhwZUhIMmlab0dROC1RTzc3LWZMYVB6UHlNdHAtamU3cHAxQTl4UjRaczdZWGNKNm4wLWdCUm5ody1ibFBubW5EeDd2MXpYcHNwclhCRHZGS1pYcmp3TEdEU0t3NWZkMHduTG9POS1EWFM4QmlZRG5MeHU?oc=5\" target=\"_blank\" rel=\"nofollow noopener\">Poruszaj\u0105cy wpis po \u015bmierci Nicholasa Brendona. &#8222;Kocham ci\u0119&#8221;<\/a>&nbsp;&nbsp;Onet<\/li>\n<li><a href=\"https:\/\/news.google.com\/rss\/articles\/CBMikgFBVV95cUxNaWRGMHl1VjZ3Ymt6eXhPdnNlRndHSkN5WHhIMmtpUlhvWld1ZlJ1ZENITzNiOXFmM3ZDUzFqclF4QnlLZ2ZwUWpVQlg5Ynd2OGlRR3RSN1pkZjhVX0c2SlFnTGNjTW9qWGhSMUZyQ0FRbkpjZXc0dnpUX1BUUzdOR2Fub25BOGd5X2VhSS1NSnd3dw?oc=5\" target=\"_blank\" rel=\"nofollow noopener\">Nicholas Brendon nie \u017cyje. &#8222;Odszed\u0142 spokojnie we \u015bnie&#8221;<\/a>&nbsp;&nbsp;WP Film<\/li>\n<li><a href=\"https:\/\/news.google.com\/rss\/articles\/CBMizAFBVV95cUxQdm5kNnplZFk0RW9GZll6eEYzMFJhcExZWHZZbmcxcVhKWXhRR21ScUlCZUVRR0RFTDVTUFQzSEtXZkN6VHBnSXZiVTZiTHBHOW5CcUJuSzdjWWk2SU5xMl82VlZZSGM4SFBpMWFtYk1qb2h0RU40cGZtcXA4TDFrSUpMdXNHN0wydVptZFV6bFo3U2h3MjhvSW9EMHFYZXI1Nk1xblNkVlBkQW1NSzQ4TDVJLVpwUFNneE9la0pBX040QnFyWHI5SFc5UEo?oc=5\" target=\"_blank\" rel=\"nofollow noopener\">Nie \u017cyje Nicholas Brendon. Xander z &#8222;Buffy: Postrachu wampir\u00f3w&#8221; mia\u0142 54 lata<\/a>&nbsp;&nbsp;Filmweb<\/li>\n<li><a href=\"https:\/\/news.google.com\/rss\/articles\/CBMiqgFBVV95cUxOc3JyRzRWWHJqanprWGRBZ2U4X0dVUFVvclhlbzZ5Q1ZLY2VkOUJsTUVqYWMtSUM5dlJoNkdQVU5DZ2F5TDBKVFFKTTNqbk4tTzRCalc1cW1pa1pHckNSSGFMWmcyNHBINWt3U2RnMlVqNW54RFpHd05IYUpkdWtWdDM1Vm1xUWRIeWhjc3dYX0VLYUxwTlZ5OXVfZW5SeXJVUEhhN1NsUkhxQQ?oc=5\" target=\"_blank\" rel=\"nofollow noopener\">Nie \u017cyje Nicholas Brendon. Gwiazdor serialu &#8222;Buffy: Postrach wampir\u00f3w&#8221; mia\u0142 54 lata<\/a>&nbsp;&nbsp;RMF24<\/li>\n<\/ol>\n","protected":false},"excerpt":{"rendered":"Nie \u017cyje gwiazda &#8222;Buffy: Postrach wampir\u00f3w&#8221;. Aktor mia\u0142 54 lata&nbsp;&nbsp;Onet Poruszaj\u0105cy wpis po \u015bmierci Nicholasa Brendona. &#8222;Kocham ci\u0119&#8221;&nbsp;&nbsp;Onet&hellip;\n","protected":false},"author":2,"featured_media":319487,"comment_status":"","ping_status":"","sticky":false,"template":"","format":"standard","meta":{"footnotes":"","_share_on_mastodon":"0"},"categories":[22],"tags":[50978,122,261,8426,53,50977,52,68,51,55,42,38,40,39,41,123,47,7581,50],"class_list":["post-319486","post","type-post","status-publish","format-standard","has-post-thumbnail","category-rozrywka","tag-buffy","tag-entertainment","tag-kultura","tag-najnowsze","tag-new_header","tag-nicholas_brendon_aktor","tag-onet3","tag-onet3d","tag-onet3d_2i","tag-phx","tag-pl","tag-poland","tag-polish","tag-polska","tag-polski","tag-rozrywka","tag-screening_general","tag-serial_seriale","tag-v2021"],"share_on_mastodon":{"url":"https:\/\/pubeurope.com\/@pl\/116272512561383872","error":""},"_links":{"self":[{"href":"https:\/\/www.europesays.com\/pl\/wp-json\/wp\/v2\/posts\/319486","targetHints":{"allow":["GET"]}}],"collection":[{"href":"https:\/\/www.europesays.com\/pl\/wp-json\/wp\/v2\/posts"}],"about":[{"href":"https:\/\/www.europesays.com\/pl\/wp-json\/wp\/v2\/types\/post"}],"author":[{"embeddable":true,"href":"https:\/\/www.europesays.com\/pl\/wp-json\/wp\/v2\/users\/2"}],"replies":[{"embeddable":true,"href":"https:\/\/www.europesays.com\/pl\/wp-json\/wp\/v2\/comments?post=319486"}],"version-history":[{"count":0,"href":"https:\/\/www.europesays.com\/pl\/wp-json\/wp\/v2\/posts\/319486\/revisions"}],"wp:featuredmedia":[{"embeddable":true,"href":"https:\/\/www.europesays.com\/pl\/wp-json\/wp\/v2\/media\/319487"}],"wp:attachment":[{"href":"https:\/\/www.europesays.com\/pl\/wp-json\/wp\/v2\/media?parent=319486"}],"wp:term":[{"taxonomy":"category","embeddable":true,"href":"https:\/\/www.europesays.com\/pl\/wp-json\/wp\/v2\/categories?post=319486"},{"taxonomy":"post_tag","embeddable":true,"href":"https:\/\/www.europesays.com\/pl\/wp-json\/wp\/v2\/tags?post=319486"}],"curies":[{"name":"wp","href":"https:\/\/api.w.org\/{rel}","templated":true}]}}