{"id":319606,"date":"2026-03-22T12:18:10","date_gmt":"2026-03-22T12:18:10","guid":{"rendered":"https:\/\/www.europesays.com\/pl\/319606\/"},"modified":"2026-03-22T12:18:10","modified_gmt":"2026-03-22T12:18:10","slug":"jancar-najlepszy-w-serii-probnej-joniak-drugi","status":"publish","type":"post","link":"https:\/\/www.europesays.com\/pl\/319606\/","title":{"rendered":"Jancar najlepszy w serii pr\u00f3bnej, Joniak drugi"},"content":{"rendered":"<p><a href=\"http:\/\/www.orlen.pl\" target=\"_blank\" rel=\"nofollow noopener\"><img decoding=\"async\" class=\"hidden-sm hidden-xs img-responsive lazyload\" src=\"https:\/\/www.europesays.com\/pl\/wp-content\/uploads\/2026\/03\/1774181889_303_840x70 - belka gorna w wiadomosciach.png\" alt=\"\" title=\"Orlen\" style=\"\" loading=\"lazy\"\/><img decoding=\"async\" class=\"hidden-md hidden-lg img-responsive lazyload\" src=\"https:\/\/www.europesays.com\/pl\/wp-content\/uploads\/2026\/03\/1774181889_303_840x70 - belka gorna w wiadomosciach.png\" alt=\"\" title=\"Orlen\" loading=\"lazy\"\/><\/a><\/p>\n<p>                                                                    <img decoding=\"async\" src=\"https:\/\/www.europesays.com\/pl\/wp-content\/uploads\/2026\/03\/tm0510_2025-07-10_12-02-53.jpg\" _data-fancybox=\"gallery38595\" _data-caption=\"Ziga Jancar\" class=\"img-responsive lazyload\" alt=\"Ziga Jancar\" title=\"Ziga Jancar\"\/><\/p>\n<p>                                            Ziga Jancar                                        <\/p>\n<p>                                            fot. Tadeusz Mieczy\u0144ski                                        <\/p>\n<p>Ziga Jancar wygra\u0142 seri\u0119 pr\u00f3bn\u0105 poprzedzaj\u0105c\u0105 fina\u0142owy konkurs sezonu FIS Cup na Wielkiej Krokwi (HS140) w Zakopanem. Reprezentant S\u0142owenii poszybowa\u0142 na odleg\u0142o\u015b\u0107 132,5 metra. Drugie miejsce zaj\u0105\u0142 Klemens Joniak (130 m).<\/p>\n<p>                            <a class=\"fancybox\" href=\"https:\/\/www.europesays.com\/pl\/wp-content\/uploads\/2026\/03\/tm0510_2025-07-10_12-02-53.jpg\" data-fancybox=\"gallery38595\" data-caption=\"Ziga Jancar, fot. Tadeusz Mieczy\u0144ski\"><img decoding=\"async\" class=\"img-responsive lazyload\" src=\"https:\/\/www.europesays.com\/pl\/wp-content\/uploads\/2026\/03\/280x190_q80_tm0510_2025-07-10_12-02-53.jpg\" alt=\"Ziga Jancar\" title=\"Ziga Jancar\"\/><\/a>Ziga Jancar<\/p>\n<p>W serii pr\u00f3bnej najlepszy okaza\u0142 si\u0119 Ziga Jancar (132,5 m), kt\u00f3ry wyprzedzi\u0142 o 2,5 punktu Klemensa Joniaka (130 m) oraz o 3,3 pkt. Nika Berganta Smerajca (130 m). Czwarty by\u0142 Killian Peier (129,5 m), pi\u0105ty Ziga Jelar (127 m), a sz\u00f3sty Jules Chervet (129 m).<\/p>\n<p>Kolejne miejsca zaj\u0119li Rok Masle (129,5 m), Jaka Kramer (128,5 m), Enej Faletic (128 m) i Bryce Kloc (124,5 m).<\/p>\n<p>Adam Ni\u017cnik z wynikiem 126,5 metra uplasowa\u0142 si\u0119 na dwunastej pozycji. Osiemnaste miejsce zaj\u0105\u0142 Kacper Juroszek (125 m). Dwudziesty drugi by\u0142 Konrad Tomasiak (123 m), dwudziesty sz\u00f3sty Jan Galica (119,5 m), dwudziesty \u00f3smy Micha\u0142 Obtu\u0142owicz (116,5 m), trzydziesty drugi Kamil Waszek (120,5 m), a trzydziesty \u00f3smy Tymoteusz Amilkiewicz (120,5 m) tu\u017c przed Szymonem Sarniakiem (119,5 m) i Szymonem Byrskim (113 m).<\/p>\n<p>Seri\u0119 pr\u00f3bn\u0105 rozegrano z 19. i 21. belki.<\/p>\n<p>Pocz\u0105tek konkursu o 10:30. Transmisja na tvpsport.pl.<\/p>\n<p><a href=\"https:\/\/live.skijumping.pl\/fis_cup\/\" target=\"_blank\" rel=\"nofollow noopener\">Wyniki na \u017cywo b\u0119dziecie mogli \u015bledzi\u0107 za po\u015brednictwem relacji LIVE FIS &gt;&gt;&gt;<\/a><\/p>\n<p><a href=\"http:\/\/www.orlen.pl\" target=\"_blank\" rel=\"nofollow noopener\"><img decoding=\"async\" class=\"hidden-sm hidden-xs img-responsive lazyload\" src=\"https:\/\/www.europesays.com\/pl\/wp-content\/uploads\/2026\/03\/1774181890_150_840x50 - belka dolna w wiadomosciach.png\" alt=\"\" title=\"Orlen\" style=\"\" loading=\"lazy\"\/><img decoding=\"async\" class=\"hidden-md hidden-lg img-responsive lazyload\" src=\"https:\/\/www.europesays.com\/pl\/wp-content\/uploads\/2026\/03\/1774181890_150_840x50 - belka dolna w wiadomosciach.png\" alt=\"\" title=\"Orlen\" loading=\"lazy\"\/><\/a><\/p>\n<p>                                    Adam Bucholz,<br \/>\n                                    \u017ar\u00f3d\u0142o: Informacja w\u0142asna\n                            <\/p>\n<p>\n                                    ogl\u0105dalno\u015b\u0107: (6028)<br \/>\n                                    komentarze: (28)\n                                <\/p>\n","protected":false},"excerpt":{"rendered":"Ziga Jancar fot. Tadeusz Mieczy\u0144ski Ziga Jancar wygra\u0142 seri\u0119 pr\u00f3bn\u0105 poprzedzaj\u0105c\u0105 fina\u0142owy konkurs sezonu FIS Cup na Wielkiej&hellip;\n","protected":false},"author":2,"featured_media":319607,"comment_status":"","ping_status":"","sticky":false,"template":"","format":"standard","meta":{"footnotes":"","_share_on_mastodon":"0"},"categories":[24],"tags":[1574,1546,1557,1558,1561,1573,1571,1563,291,1553,1564,1549,1551,1543,1550,1562,1547,1565,1540,1568,1544,42,38,40,39,41,1554,1359,1567,1560,1559,1566,1556,1569,1539,1538,1555,127,126,1552,1541,1548,1542,1570,1572,645,1545],"class_list":["post-319606","post","type-post","status-publish","format-standard","has-post-thumbnail","category-sport","tag-4skocznie","tag-adam","tag-adam-malysz","tag-adammalysz","tag-coc","tag-czteryskocznie","tag-fis","tag-fis-cup","tag-historia","tag-horngacher","tag-io","tag-kobayashi","tag-kraft","tag-kuba","tag-kubacki","tag-lotos-cup","tag-malysz","tag-ms","tag-narciarskie","tag-narty","tag-piotrek","tag-pl","tag-poland","tag-polish","tag-polska","tag-polski","tag-polskie","tag-ranking","tag-ski-jumping","tag-skijump","tag-skijumping","tag-skoczkowie","tag-skocznia","tag-skocznie","tag-skoki","tag-skoki-narciarskie","tag-skokinarciarskie","tag-sport","tag-sports","tag-stefan","tag-stoch","tag-wellinger","tag-wolny","tag-zakopane","tag-zawody","tag-zdjecia","tag-zyla"],"share_on_mastodon":{"url":"https:\/\/pubeurope.com\/@pl\/116272791901891359","error":""},"_links":{"self":[{"href":"https:\/\/www.europesays.com\/pl\/wp-json\/wp\/v2\/posts\/319606","targetHints":{"allow":["GET"]}}],"collection":[{"href":"https:\/\/www.europesays.com\/pl\/wp-json\/wp\/v2\/posts"}],"about":[{"href":"https:\/\/www.europesays.com\/pl\/wp-json\/wp\/v2\/types\/post"}],"author":[{"embeddable":true,"href":"https:\/\/www.europesays.com\/pl\/wp-json\/wp\/v2\/users\/2"}],"replies":[{"embeddable":true,"href":"https:\/\/www.europesays.com\/pl\/wp-json\/wp\/v2\/comments?post=319606"}],"version-history":[{"count":0,"href":"https:\/\/www.europesays.com\/pl\/wp-json\/wp\/v2\/posts\/319606\/revisions"}],"wp:featuredmedia":[{"embeddable":true,"href":"https:\/\/www.europesays.com\/pl\/wp-json\/wp\/v2\/media\/319607"}],"wp:attachment":[{"href":"https:\/\/www.europesays.com\/pl\/wp-json\/wp\/v2\/media?parent=319606"}],"wp:term":[{"taxonomy":"category","embeddable":true,"href":"https:\/\/www.europesays.com\/pl\/wp-json\/wp\/v2\/categories?post=319606"},{"taxonomy":"post_tag","embeddable":true,"href":"https:\/\/www.europesays.com\/pl\/wp-json\/wp\/v2\/tags?post=319606"}],"curies":[{"name":"wp","href":"https:\/\/api.w.org\/{rel}","templated":true}]}}