{"id":319640,"date":"2026-03-22T12:39:09","date_gmt":"2026-03-22T12:39:09","guid":{"rendered":"https:\/\/www.europesays.com\/pl\/319640\/"},"modified":"2026-03-22T12:39:09","modified_gmt":"2026-03-22T12:39:09","slug":"o-ktorej-gra-robert-lewandowski-gdzie-ogladac-fc-barcelona-rayo-vallecano","status":"publish","type":"post","link":"https:\/\/www.europesays.com\/pl\/319640\/","title":{"rendered":"O kt\u00f3rej gra Robert Lewandowski? Gdzie ogl\u0105da\u0107 FC Barcelona \u2014 Rayo Vallecano?"},"content":{"rendered":"<p>LaLiga: FC Barcelona \u2014 Rayo Vallecano dzisiaj na \u017cywo. Poprzednie mecze<\/p>\n<p>Barcelona zajmuje 1. miejsce w tabeli LaLigi z dorobkiem 70 punkt\u00f3w, a jej bilans ligowy to 23 zwyci\u0119stwa, jeden remis i cztery pora\u017cki. Rayo Vallecano jest na 13. miejscu w tabeli LaLigi z 32 punktami; w lidze ma siedem zwyci\u0119stw, 11 remis\u00f3w i 10 pora\u017cek. W ostatnich meczach Barcelony zesp\u00f3\u0142 wygrywa\u0142 w LaLidze, awansowa\u0142 w rozgrywkach pucharowych, a w 1\/8 fina\u0142u Ligi Mistrz\u00f3w zremisowa\u0142 na wyje\u017adzie i wysoko wygra\u0142 u siebie. W ostatnich meczach Rayo Vallecano pada\u0142y ligowe remisy i zwyci\u0119stwo, a w 1\/8 fina\u0142u Ligi Konferencji Europy zesp\u00f3\u0142 najpierw wygra\u0142 na wyje\u017adzie, a nast\u0119pnie przegra\u0142 u siebie.<\/p>\n<p> Dalszy ci\u0105g artyku\u0142u pod materia\u0142em wideo <\/p>\n<p>W ostatnich meczach ligowych FC Barcelona, prowadzona przez Hans-Dietera Flicka, 7 marca w La Liga zagra\u0142a z Athletic Bilbao i wygra\u0142a na wyje\u017adzie 1:0, a nast\u0119pnie 15 marca w La Liga pokona\u0142a u siebie Sevill\u0119 5:2.<\/p>\n<p>W ostatnich wyst\u0119pach wyjazdowych zesp\u00f3\u0142 Rayo Vallecano, prowadzony przez Inigo Pereza, gra\u0142 w dw\u00f3ch rozgrywkach: 8 marca w LaLiga zremisowa\u0142 na stadionie Sevilli FC 1:1, a 12 marca w Lidze Konferencji Europy (1\/8 fina\u0142u) wygra\u0142 na wyje\u017adzie z Samsunsporem 3:1. Pomi\u0119dzy tymi spotkaniami Rayo Vallecano rozegra\u0142o jeszcze 4 marca u siebie mecz ligowy z Realem Oviedo, wygrywaj\u0105c 3:0. W kolejnym domowym starciu, 16 marca w LaLiga, zremisowa\u0142o z Levante 1:1, a seri\u0119 zamkn\u0105\u0142 rewan\u017c w Lidze Konferencji Europy (1\/8 fina\u0142u) 19 marca, w kt\u00f3rym Rayo Vallecano przegra\u0142o u siebie z Samsunsporem 0:1.<\/p>\n<p>     FC Barcelona \u2014 Rayo Vallecano: transmisja TV i online. Gdzie ogl\u0105da\u0107?<\/p>\n<p>Mecz poka\u017ce Eleven Sports 1. Spotkanie rozpocznie si\u0119 w niedziel\u0119, 22 marca, o godz. 14.00. Dla kibic\u00f3w, kt\u00f3rzy wol\u0105 ogl\u0105da\u0107 online, transmisja b\u0119dzie dost\u0119pna na platformach streamingowych: Polsat Box Go i Canal+Online. Wynik na \u017cywo b\u0119dzie dost\u0119pny w serwisie Przegl\u0105d Sportowy Onet.<\/p>\n","protected":false},"excerpt":{"rendered":"LaLiga: FC Barcelona \u2014 Rayo Vallecano dzisiaj na \u017cywo. Poprzednie mecze Barcelona zajmuje 1. miejsce w tabeli LaLigi&hellip;\n","protected":false},"author":2,"featured_media":319641,"comment_status":"","ping_status":"","sticky":false,"template":"","format":"standard","meta":{"footnotes":"","_share_on_mastodon":"0"},"categories":[24],"tags":[30671,303,2051,48,46,948,42,38,40,39,41,28927,20438,300,47,127,126],"class_list":["post-319640","post","type-post","status-publish","format-standard","has-post-thumbnail","category-sport","tag-eleven_sports","tag-fc_barcelona","tag-laliga","tag-nat_styl","tag-omp","tag-pilka_nozna","tag-pl","tag-poland","tag-polish","tag-polska","tag-polski","tag-ps_omp_tst1","tag-rayo_vallecano","tag-robert_lewandowski","tag-screening_general","tag-sport","tag-sports"],"share_on_mastodon":{"url":"https:\/\/pubeurope.com\/@pl\/116272874695019318","error":""},"_links":{"self":[{"href":"https:\/\/www.europesays.com\/pl\/wp-json\/wp\/v2\/posts\/319640","targetHints":{"allow":["GET"]}}],"collection":[{"href":"https:\/\/www.europesays.com\/pl\/wp-json\/wp\/v2\/posts"}],"about":[{"href":"https:\/\/www.europesays.com\/pl\/wp-json\/wp\/v2\/types\/post"}],"author":[{"embeddable":true,"href":"https:\/\/www.europesays.com\/pl\/wp-json\/wp\/v2\/users\/2"}],"replies":[{"embeddable":true,"href":"https:\/\/www.europesays.com\/pl\/wp-json\/wp\/v2\/comments?post=319640"}],"version-history":[{"count":0,"href":"https:\/\/www.europesays.com\/pl\/wp-json\/wp\/v2\/posts\/319640\/revisions"}],"wp:featuredmedia":[{"embeddable":true,"href":"https:\/\/www.europesays.com\/pl\/wp-json\/wp\/v2\/media\/319641"}],"wp:attachment":[{"href":"https:\/\/www.europesays.com\/pl\/wp-json\/wp\/v2\/media?parent=319640"}],"wp:term":[{"taxonomy":"category","embeddable":true,"href":"https:\/\/www.europesays.com\/pl\/wp-json\/wp\/v2\/categories?post=319640"},{"taxonomy":"post_tag","embeddable":true,"href":"https:\/\/www.europesays.com\/pl\/wp-json\/wp\/v2\/tags?post=319640"}],"curies":[{"name":"wp","href":"https:\/\/api.w.org\/{rel}","templated":true}]}}