{"id":319833,"date":"2026-03-22T14:42:06","date_gmt":"2026-03-22T14:42:06","guid":{"rendered":"https:\/\/www.europesays.com\/pl\/319833\/"},"modified":"2026-03-22T14:42:06","modified_gmt":"2026-03-22T14:42:06","slug":"katastrofa-wojskowego-smiglowca-na-bliskim-wschodzie-siedem-osob-nie-zyje-onet","status":"publish","type":"post","link":"https:\/\/www.europesays.com\/pl\/319833\/","title":{"rendered":"Katastrofa wojskowego \u015bmig\u0142owca na Bliskim Wschodzie. Siedem os\u00f3b nie \u017cyje &#8211; Onet"},"content":{"rendered":"<ol>\n<li><a href=\"https:\/\/news.google.com\/rss\/articles\/CBMiwwFBVV95cUxOa1RBSWswdS12TGtyUG1wOEhzbmxlTmJiVDJCQS0zYjVVVFhWbGRHbHRKd1V0UVluNUo5cGpUenJTWkhaVkkzLUJDVF9adlpmLWV3MVlKSlVCNDRON0dtVGVkUENnTWthbC1veFJuVFByUmZ0N24wbDhIRXdZeFhRbS1qaEJlQjU2UjlHQ3BZRTFwbTFnMk40V2JXbmxSTmY0bi03UHVoQ010OWdEemt6SU9tYTB3YzEzazJELWE3c3lSUkU?oc=5\" target=\"_blank\" rel=\"nofollow noopener\">Katastrofa wojskowego \u015bmig\u0142owca na Bliskim Wschodzie. Siedem os\u00f3b nie \u017cyje<\/a>&nbsp;&nbsp;Onet<\/li>\n<li><a href=\"https:\/\/news.google.com\/rss\/articles\/CBMimAFBVV95cUxPTnJoZ3pnbmd0TExZRDhKS1AwVUZnWnhBajlUOXFoQ3NlMXJvYnZJdlNJbjFNanhxaU5MUnpTcGtPak5HdVZOZE8zRG51dmg5V0lON3ZFc0JRRERFY2w5NHlTNjB2cF9GMkJtTzF2VmwyTjBOTUFtN1g1U2l4SkJpa0JZTE9lS3RRVXNuVXowelRiSWMyQTFFZQ?oc=5\" target=\"_blank\" rel=\"nofollow noopener\">Katastrofa helikoptera w Zatoce Perskiej. S\u0105 zabici<\/a>&nbsp;&nbsp;WP Wiadomo\u015bci<\/li>\n<li><a href=\"https:\/\/news.google.com\/rss\/articles\/CBMimwFBVV95cUxNQVpoNEIxZUw5QUdBWkZXN2RCcXZRLV9sWng1S1hPMGlpNGZ4NjJGczNOUFdXSUNmZk5CUjFmQVZ1aWY5bl9fak5JNkhILXBkRTRtei1IUU5GNlphbFp6dl9TYTRNY05nWk1JLVpIZ0ZqeFMzMjJsTENlUnFsVkItaEdqZGJ4UmtPZkdfbnpmWlM2ZVY1eE1pakktUQ?oc=5\" target=\"_blank\" rel=\"nofollow noopener\">Siedem os\u00f3b zgin\u0119\u0142o w katastrofie \u015bmig\u0142owca w Katarze<\/a>&nbsp;&nbsp;Gazeta<\/li>\n<li><a href=\"https:\/\/news.google.com\/rss\/articles\/CBMingFBVV95cUxOQUJvM09ERHdiQjVDTG9aOW5tNld5cksySHROWFJMMzNaek9sZ3NjYkwyUDJrbTlNOGJSZGJ1V1lsRlpJaVI0WVZJb1VtMFpmQW1CclVTVWNxNVVHczRfQlB1enBLanREeWwxUHVid195S3g1eXZXRVJvWUh0RXZUQjRna01vWHg3cWlDdDRMR3VpUDRLVXVZdDRhWlBSdw?oc=5\" target=\"_blank\" rel=\"nofollow noopener\">Siedem os\u00f3b zgin\u0119\u0142o w katastrofie nad wodami Kataru<\/a>&nbsp;&nbsp;Bankier.pl<\/li>\n<li><a href=\"https:\/\/news.google.com\/rss\/articles\/CBMixwFBVV95cUxOWWZicVM5TmZyVUxfOHA0ZG5MSFhPQTdxM2xpYUhuREl3UVk0WFFaNWxzcGRfeTk3a0xUT29xSVRNS3B0MUV0dzluYXJqWmJyREdkRGRqaTZkUHdOTkMxeTFlS1BQUTRqYlFibXoyVW9VZjhSa0pNQ0U0cXE0MUJ0YXExUDZfb2FyTXJSdWNlV1I4MUlHQkxxZklZdHpiUVB1amhzWXNkMXVSM1RTZkFyVk5XM0dEZ09YQXpxUlpicXJrU3BvUXYw?oc=5\" target=\"_blank\" rel=\"nofollow noopener\">Katarski \u015bmig\u0142owiec spad\u0142 do morza. Zgin\u0119\u0142o sze\u015b\u0107 os\u00f3b<\/a>&nbsp;&nbsp;TVP Info<\/li>\n<\/ol>\n","protected":false},"excerpt":{"rendered":"Katastrofa wojskowego \u015bmig\u0142owca na Bliskim Wschodzie. Siedem os\u00f3b nie \u017cyje&nbsp;&nbsp;Onet Katastrofa helikoptera w Zatoce Perskiej. S\u0105 zabici&nbsp;&nbsp;WP Wiadomo\u015bci&hellip;\n","protected":false},"author":2,"featured_media":319834,"comment_status":"","ping_status":"","sticky":false,"template":"","format":"standard","meta":{"footnotes":"","_share_on_mastodon":"0"},"categories":[14],"tags":[905,32,33,27,67,3057,34,35,28,31,53,25,52,68,51,55,40,41,47,7658,80,29,30,4372,65,50,26,82,83,84,37860],"class_list":["post-319833","post","type-post","status-publish","format-standard","has-post-thumbnail","category-swiat","tag-bliski_wschod","tag-breaking-news","tag-breakingnews","tag-headlines","tag-intextvideo_splayer","tag-katar","tag-latest-news","tag-latestnews","tag-naglowki","tag-najwazniejsze-artykuly","tag-new_header","tag-news","tag-onet3","tag-onet3d","tag-onet3d_2i","tag-phx","tag-polish","tag-polski","tag-screening_general","tag-smiglowce_smiglowiec","tag-swiat","tag-top-stories","tag-topstories","tag-turcja_kraj","tag-update_me","tag-v2021","tag-wiadomosci","tag-world","tag-world-news","tag-worldnews","tag-zatoka_perska"],"share_on_mastodon":{"url":"https:\/\/pubeurope.com\/@pl\/116273357918860582","error":""},"_links":{"self":[{"href":"https:\/\/www.europesays.com\/pl\/wp-json\/wp\/v2\/posts\/319833","targetHints":{"allow":["GET"]}}],"collection":[{"href":"https:\/\/www.europesays.com\/pl\/wp-json\/wp\/v2\/posts"}],"about":[{"href":"https:\/\/www.europesays.com\/pl\/wp-json\/wp\/v2\/types\/post"}],"author":[{"embeddable":true,"href":"https:\/\/www.europesays.com\/pl\/wp-json\/wp\/v2\/users\/2"}],"replies":[{"embeddable":true,"href":"https:\/\/www.europesays.com\/pl\/wp-json\/wp\/v2\/comments?post=319833"}],"version-history":[{"count":0,"href":"https:\/\/www.europesays.com\/pl\/wp-json\/wp\/v2\/posts\/319833\/revisions"}],"wp:featuredmedia":[{"embeddable":true,"href":"https:\/\/www.europesays.com\/pl\/wp-json\/wp\/v2\/media\/319834"}],"wp:attachment":[{"href":"https:\/\/www.europesays.com\/pl\/wp-json\/wp\/v2\/media?parent=319833"}],"wp:term":[{"taxonomy":"category","embeddable":true,"href":"https:\/\/www.europesays.com\/pl\/wp-json\/wp\/v2\/categories?post=319833"},{"taxonomy":"post_tag","embeddable":true,"href":"https:\/\/www.europesays.com\/pl\/wp-json\/wp\/v2\/tags?post=319833"}],"curies":[{"name":"wp","href":"https:\/\/api.w.org\/{rel}","templated":true}]}}