{"id":320058,"date":"2026-03-22T17:22:09","date_gmt":"2026-03-22T17:22:09","guid":{"rendered":"https:\/\/www.europesays.com\/pl\/320058\/"},"modified":"2026-03-22T17:22:09","modified_gmt":"2026-03-22T17:22:09","slug":"jamie-blanks-nie-zyje-rezyser-ulic-strachu-i-walentynki-mial-54-lata","status":"publish","type":"post","link":"https:\/\/www.europesays.com\/pl\/320058\/","title":{"rendered":"Jamie Blanks nie \u017cyje. Re\u017cyser &#8222;Ulic strachu&#8221; i &#8222;Walentynki&#8221; mia\u0142 54 lata"},"content":{"rendered":"<p class=\"Paragraph_desktopParagraph__U31Gm\">Rodzina Jamiego Blanksa poinformowa\u0142a, \u017ce re\u017cyser odszed\u0142 nagle w swoim domu w Melbourne. Od kilku lat zmaga\u0142 si\u0119 z chorob\u0105, ale jego \u015bmier\u0107 by\u0142a zaskoczeniem dla wszystkich.<\/p>\n<p class=\"Paragraph_desktopParagraph__U31Gm\">&#8222;Jego \u015bmier\u0107 by\u0142a nieoczekiwana, pomimo problem\u00f3w zdrowotnych, z jakimi zmaga\u0142 si\u0119 w ostatnich latach. Odszed\u0142, gdy przygotowywa\u0142 si\u0119 do wyre\u017cyserowania kolejnego filmu. Nadal by\u0142 bardzo aktywny, wspieraj\u0105c innych filmowc\u00f3w i rozwijaj\u0105c w\u0142asne projekty&#8221; \u2014 przekaza\u0142a rodzina w o\u015bwiadczeniu opublikowanym na platformie X.<\/p>\n<p class=\"Paragraph_desktopParagraph__U31Gm\">Jamie Blanks urodzi\u0142 si\u0119 w Melbourne i zdoby\u0142 mi\u0119dzynarodow\u0105 s\u0142aw\u0119 dzi\u0119ki filmowi &#8222;Ulice strachu&#8221; z 1998 r. Produkcja, opowiadaj\u0105ca o serii morderstw na kampusie college&#8217;u w Nowej Anglii, okaza\u0142a si\u0119 wielkim sukcesem kasowym, przynosz\u0105c ponad 70 mln dol. na ca\u0142ym \u015bwiecie. W rolach g\u0142\u00f3wnych wyst\u0105pili Jared Leto i Tara Reid.<\/p>\n<p>Kultowe horrory i muzyka filmowa <\/p>\n<p class=\"Paragraph_desktopParagraph__U31Gm\">Po sukcesie &#8222;Ulic strachu&#8221; Blanks wyre\u017cyserowa\u0142 horror &#8222;Walentynki&#8221;, w kt\u00f3rym wyst\u0105pili David Boreanaz, Denise Richards i Katherine Heigl. Cho\u0107 film nie powt\u00f3rzy\u0142 sukcesu poprzednika, zyska\u0142 wiern\u0105 grup\u0119 fan\u00f3w i status kultowego w\u015br\u00f3d mi\u0142o\u015bnik\u00f3w gatunku. Nast\u0119pnie Blanks zrealizowa\u0142 australijskie produkcje grozy: &#8222;Przed burz\u0105&#8221; z 2007 r. oraz &#8222;D\u0142ugi weekend&#8221; z 2008 r. \u2014 remake filmu z lat 70., w kt\u00f3rym g\u0142\u00f3wn\u0105 rol\u0119 zagra\u0142 Jim Caviezel.<\/p>\n<p class=\"VideoPlayerText_videoPlayerText__iDwyz\">Dalszy ci\u0105g materia\u0142u pod wideo<\/p>\n<p class=\"Paragraph_desktopParagraph__U31Gm\">W kolejnych latach Blanks skoncentrowa\u0142 si\u0119 na komponowaniu muzyki filmowej. Stworzy\u0142 \u015bcie\u017ck\u0119 d\u017awi\u0119kow\u0105 m.in. do filmu science-fiction &#8222;Strych&#8221; z 2012 r.<\/p>\n<p class=\"Paragraph_desktopParagraph__U31Gm\">W latach 90. Blanks by\u0142 rozwa\u017cany jako re\u017cyser takich hit\u00f3w jak &#8222;Krzyk&#8221; czy &#8222;Koszmar minionego lata&#8221;, jednak ostatecznie producenci zdecydowali si\u0119 powierzy\u0107 te projekty bardziej do\u015bwiadczonym tw\u00f3rcom.<\/p>\n","protected":false},"excerpt":{"rendered":"Rodzina Jamiego Blanksa poinformowa\u0142a, \u017ce re\u017cyser odszed\u0142 nagle w swoim domu w Melbourne. Od kilku lat zmaga\u0142 si\u0119&hellip;\n","protected":false},"author":2,"featured_media":320059,"comment_status":"","ping_status":"","sticky":false,"template":"","format":"standard","meta":{"footnotes":"","_share_on_mastodon":"0"},"categories":[22],"tags":[51187,122,67,51190,51188,51189,261,31705,8426,53,52,68,51,55,42,38,40,39,41,123,47,65,50,44973],"class_list":["post-320058","post","type-post","status-publish","format-standard","has-post-thumbnail","category-rozrywka","tag-david_boreanaz","tag-entertainment","tag-intextvideo_splayer","tag-james_caviezel_aktor_jim_caviezel","tag-jared_leto","tag-katherine_heigl_aktorka","tag-kultura","tag-melbourne","tag-najnowsze","tag-new_header","tag-onet3","tag-onet3d","tag-onet3d_2i","tag-phx","tag-pl","tag-poland","tag-polish","tag-polska","tag-polski","tag-rozrywka","tag-screening_general","tag-update_me","tag-v2021","tag-walentynki_swieto_zakochanych"],"share_on_mastodon":{"url":"https:\/\/pubeurope.com\/@pl\/116273987059675080","error":""},"_links":{"self":[{"href":"https:\/\/www.europesays.com\/pl\/wp-json\/wp\/v2\/posts\/320058","targetHints":{"allow":["GET"]}}],"collection":[{"href":"https:\/\/www.europesays.com\/pl\/wp-json\/wp\/v2\/posts"}],"about":[{"href":"https:\/\/www.europesays.com\/pl\/wp-json\/wp\/v2\/types\/post"}],"author":[{"embeddable":true,"href":"https:\/\/www.europesays.com\/pl\/wp-json\/wp\/v2\/users\/2"}],"replies":[{"embeddable":true,"href":"https:\/\/www.europesays.com\/pl\/wp-json\/wp\/v2\/comments?post=320058"}],"version-history":[{"count":0,"href":"https:\/\/www.europesays.com\/pl\/wp-json\/wp\/v2\/posts\/320058\/revisions"}],"wp:featuredmedia":[{"embeddable":true,"href":"https:\/\/www.europesays.com\/pl\/wp-json\/wp\/v2\/media\/320059"}],"wp:attachment":[{"href":"https:\/\/www.europesays.com\/pl\/wp-json\/wp\/v2\/media?parent=320058"}],"wp:term":[{"taxonomy":"category","embeddable":true,"href":"https:\/\/www.europesays.com\/pl\/wp-json\/wp\/v2\/categories?post=320058"},{"taxonomy":"post_tag","embeddable":true,"href":"https:\/\/www.europesays.com\/pl\/wp-json\/wp\/v2\/tags?post=320058"}],"curies":[{"name":"wp","href":"https:\/\/api.w.org\/{rel}","templated":true}]}}