{"id":320060,"date":"2026-03-22T17:25:07","date_gmt":"2026-03-22T17:25:07","guid":{"rendered":"https:\/\/www.europesays.com\/pl\/320060\/"},"modified":"2026-03-22T17:25:07","modified_gmt":"2026-03-22T17:25:07","slug":"izrael-uderzyl-w-strategiczny-most-w-libanie-chmura-dymu-wzbila-sie-w-powietrze","status":"publish","type":"post","link":"https:\/\/www.europesays.com\/pl\/320060\/","title":{"rendered":"Izrael uderzy\u0142 w strategiczny most w Libanie. Chmura dymu wzbi\u0142a si\u0119 w powietrze"},"content":{"rendered":"<p>Izrael i USA prowadz\u0105 od 28 lutego wojn\u0119 z Iranem. W odwecie proira\u0144ski Hezbollah zaatakowa\u0142 na pocz\u0105tku marca Izrael, kt\u00f3ry z kolei odpowiedzia\u0142 masowymi nalotami na Liban. Rz\u0105d w Bejrucie zakaza\u0142 w marcu Hezbollahowi prowadzenia dzia\u0142a\u0144 zbrojnych, jednak organizacja odm\u00f3wi\u0142a z\u0142o\u017cenia broni. Liba\u0144skie ministerstwo zdrowia informuje, \u017ce w wyniku agresji Izraela w Libanie zgin\u0119\u0142o ju\u017c ponad tysi\u0105c os\u00f3b.<\/p>\n<p>Teraz dosz\u0142o do ataku izraelskiej armii na liba\u0144ski most. Nagranie udost\u0119pnione przez stacj\u0119 telewizyjn\u0105 Kan i kolportowane w mediach spo\u0142eczno\u015bciowych pokazuje seri\u0119 eksplozji, do kt\u00f3rych dosz\u0142o na mo\u015bcie i w jego najbli\u017cszym otoczeniu.<\/p>\n<p>Al-D\u017cazira przypomina, \u017ce most Kasmija jest kluczowym szlakiem wzd\u0142u\u017c wybrze\u017ca, a jego zburzenie skutecznie odci\u0119\u0142oby cz\u0119\u015bci po\u0142udniowego Libanu od reszty kraju.<\/p>\n<p>Izraelski minister: wojsko otrzyma\u0142o rozkaz burzenia liba\u0144skich dom\u00f3wTymczasem minister obrony Izraela Israel Kac o\u015bwiadczy\u0142 w niedziel\u0119, \u017ce wraz z premierem Binjaminem Netanjahu poleci\u0142 wojsku <a href=\"https:\/\/wiadomosci.onet.pl\/swiat\/izrael-burzy-domy-libanczykow-wydalismy-rozkaz\/lqljkvj\" id=\"7d7fde29-f2d0-48e0-bdb7-2e5a0f70c6bb\" rel=\"nofollow noopener\" target=\"_blank\">przyspieszenie wyburzania dom\u00f3w liba\u0144skich w wioskach na linii frontu<\/a>, aby &#8222;po\u0142o\u017cy\u0107 kres zagro\u017ceniom dla spo\u0142eczno\u015bci izraelskich&#8221; \u2014 przekaza\u0142 portal Times of Israel.     <\/p>\n<p>Wojsku nakazano te\u017c natychmiastowe zniszczenie wszystkich most\u00f3w na rzece Litani na po\u0142udniu Libanu, kt\u00f3re \u2014 jak oceni\u0142 Kac \u2014 by\u0142y wykorzystywane do &#8222;dzia\u0142alno\u015bci terrorystycznej&#8221;.<\/p>\n<p>Si\u0142y Obronne Izraela (IDF) poinformowa\u0142y wcze\u015bniej, \u017ce dziewi\u0119ciu bojownik\u00f3w Hezbollahu zgin\u0119\u0142o w sobot\u0119 w walkach na po\u0142udniu Libanu. Wed\u0142ug IDF bojownicy zostali wykryci, gdy zbli\u017cali si\u0119 do oddzia\u0142u izraelskich \u017co\u0142nierzy.<\/p>\n<p>Cytowane w niedziel\u0119 przez izraelskie media wojsko i Szin Bet, s\u0142u\u017cba odpowiedzialna za kontrwywiad i bezpiecze\u0144stwo wewn\u0119trzne, poda\u0142y, \u017ce w ubieg\u0142ym tygodniu w izraelskim ataku w Libanie zgin\u0105\u0142 wysoko postawiony bojownik Hamasu Walid Mohammad Dib, odpowiedzialny za finansowanie tej organizacji.<\/p>\n","protected":false},"excerpt":{"rendered":"Izrael i USA prowadz\u0105 od 28 lutego wojn\u0119 z Iranem. W odwecie proira\u0144ski Hezbollah zaatakowa\u0142 na pocz\u0105tku marca&hellip;\n","protected":false},"author":2,"featured_media":320061,"comment_status":"","ping_status":"","sticky":false,"template":"","format":"standard","meta":{"footnotes":"","_share_on_mastodon":"0"},"categories":[14],"tags":[905,32,33,213,27,3660,91,34,35,3659,28,31,48,25,46,40,41,47,80,29,30,48835,26,82,83,84],"class_list":["post-320060","post","type-post","status-publish","format-standard","has-post-thumbnail","category-swiat","tag-bliski_wschod","tag-breaking-news","tag-breakingnews","tag-hamas","tag-headlines","tag-hezbollah","tag-izrael","tag-latest-news","tag-latestnews","tag-liban","tag-naglowki","tag-najwazniejsze-artykuly","tag-nat_styl","tag-news","tag-omp","tag-polish","tag-polski","tag-screening_general","tag-swiat","tag-top-stories","tag-topstories","tag-tst_floating_paywall","tag-wiadomosci","tag-world","tag-world-news","tag-worldnews"],"share_on_mastodon":{"url":"https:\/\/pubeurope.com\/@pl\/116273999037779506","error":""},"_links":{"self":[{"href":"https:\/\/www.europesays.com\/pl\/wp-json\/wp\/v2\/posts\/320060","targetHints":{"allow":["GET"]}}],"collection":[{"href":"https:\/\/www.europesays.com\/pl\/wp-json\/wp\/v2\/posts"}],"about":[{"href":"https:\/\/www.europesays.com\/pl\/wp-json\/wp\/v2\/types\/post"}],"author":[{"embeddable":true,"href":"https:\/\/www.europesays.com\/pl\/wp-json\/wp\/v2\/users\/2"}],"replies":[{"embeddable":true,"href":"https:\/\/www.europesays.com\/pl\/wp-json\/wp\/v2\/comments?post=320060"}],"version-history":[{"count":0,"href":"https:\/\/www.europesays.com\/pl\/wp-json\/wp\/v2\/posts\/320060\/revisions"}],"wp:featuredmedia":[{"embeddable":true,"href":"https:\/\/www.europesays.com\/pl\/wp-json\/wp\/v2\/media\/320061"}],"wp:attachment":[{"href":"https:\/\/www.europesays.com\/pl\/wp-json\/wp\/v2\/media?parent=320060"}],"wp:term":[{"taxonomy":"category","embeddable":true,"href":"https:\/\/www.europesays.com\/pl\/wp-json\/wp\/v2\/categories?post=320060"},{"taxonomy":"post_tag","embeddable":true,"href":"https:\/\/www.europesays.com\/pl\/wp-json\/wp\/v2\/tags?post=320060"}],"curies":[{"name":"wp","href":"https:\/\/api.w.org\/{rel}","templated":true}]}}